{"id":43031,"date":"2024-07-17T22:57:57","date_gmt":"2024-07-17T22:57:57","guid":{"rendered":"http:\/\/elcensornoticias.com\/?p=43031"},"modified":"2024-07-17T22:58:12","modified_gmt":"2024-07-17T22:58:12","slug":"espacio-cultural-de-la-ccom-abre-sus-puertas-al-festival-internacional-de-cine-tlaxcala","status":"publish","type":"post","link":"http:\/\/elcensornoticias.com\/?p=43031","title":{"rendered":"ESPACIO CULTURAL DE LA CCOM ABRE SUS PUERTAS AL FESTIVAL INTERNACIONAL DE CINE TLAXCALA"},"content":{"rendered":"\n<p>Se presentar\u00e1n siete cortos de creadores locales realizados en el estado_<\/p>\n\n\n\n<p>La Coordinaci\u00f3n de Comunicaci\u00f3n (CCOM) ser\u00e1 sede, por primera vez, del Festival Internacional de Cine Tlaxcala, que aspira alcanzar en un mediano plazo al Festival de Cine de Guadalajara, al Festival de Cine de Morelia o la Muestra de Cine de la UNAM, revel\u00f3 el productor, Rodrigo Corona Flores.&nbsp;<\/p>\n\n\n\n<p>Indic\u00f3 que esta es la primera ocasi\u00f3n en que esta muestra es recibida por una dependencia gubernamental con el objetivo de crear una audiencia para una oferta cultural, debido a que en la entidad hay escasas salas de cine y, en gran parte de ellas, solo se presenta una oferta comercial.&nbsp;<\/p>\n\n\n\n<p>Contrario a ello, dijo, \u201cdeseamos acercarle al p\u00fablico tlaxcalteca todo este trabajo, todo lo que se hace en diferentes lugares del mundo a trav\u00e9s de una selecci\u00f3n y demostrar tambi\u00e9n que aqu\u00ed, en Tlaxcala, se hace buen cine, porque tenemos tambi\u00e9n una peque\u00f1a secci\u00f3n de cine Hecho en Tlaxcala\u201d.<\/p>\n\n\n\n<p>Al respecto, asever\u00f3 que la CCOM es un espacio ideal por su ubicaci\u00f3n en el centro de la ciudad de Tlaxcala, as\u00ed como por las facilidades que otorga para ser un punto de apoyo en la realizaci\u00f3n del festival, por lo que \u201cse est\u00e1 convirtiendo en una de nuestras sedes principales\u201d.&nbsp;<\/p>\n\n\n\n<p>\u201cLa Coordinaci\u00f3n nos ha brindado mucho apoyo y gracias a eso tenemos la oportunidad de hacer nuestra muestra como el Hecho en Tlaxcala\u201d, apunt\u00f3.<\/p>\n\n\n\n<p>En este sentido, el Festival iniciar\u00e1 su presentaci\u00f3n el pr\u00f3ximo viernes 19 de julio y proyectar\u00e1 la cinta, \u201cAll\u00e1, cartas al coraz\u00f3n\u201d (producci\u00f3n mexicana) bajo la direcci\u00f3n de Montserrat Larqu\u00e9;&nbsp; el lunes 22, \u201cUna canci\u00f3n sobre lo que sea\u201d (producci\u00f3n mexicana), de Jos\u00e9 Luis Isoard Arrubarrena; el martes 23, se exhibir\u00e1n distintos cortometrajes; el mi\u00e9rcoles 24, en funci\u00f3n estelar, se presentar\u00e1n cortometrajes \u201cHecho en Tlaxcala\u201d de distintos creadores; el jueves 25, \u201cRenaissance\u201d (producci\u00f3n francesa), de Emmanuel Plasseraud; y el viernes 26, se proyectar\u00e1 cine para las infancias.&nbsp;<\/p>\n\n\n\n<p>A su vez, la productora asociada y directora de la parte art\u00edstica del Festival, Eva Mar\u00eda Rojas, manifest\u00f3 que este espacio cultural instalado en la CCOM es una ventana para reconocer el talento local.&nbsp;<\/p>\n\n\n\n<p>\u201cYo creo que el sue\u00f1o m\u00e1s grande de un cineasta, de alguien que hace cine, es ver proyectado su material; entonces, es una parte muy especial de nuestro festival el tener un Hecho en Tlaxcala. Actualmente, tenemos siete cortos realizados aqu\u00ed en el estado, tambi\u00e9n tenemos algunos trabajos de gente que ya se dedica a hacer cine\u201d, expres\u00f3.<\/p>\n\n\n\n<p>El Festival, que tambi\u00e9n es reconocido por el anuario estad\u00edstico del Imcine, presentar\u00e1 sus funciones de manera gratuita el 19, 22, 23, 24, 25 y 26 de julio en punto de las 17:00 horas en las instalaciones de la CCOM, en Avenida Ju\u00e1rez No.16, Colonia Centro, en la capital del estado.<\/p>\n","protected":false},"excerpt":{"rendered":"<p>Se presentar\u00e1n siete cortos de creadores locales realizados en el estado_ La Coordinaci\u00f3n de Comunicaci\u00f3n (CCOM) ser\u00e1 sede, por primera vez, del Festival Internacional de Cine Tlaxcala, que aspira alcanzar en un mediano plazo al Festival de Cine de Guadalajara, al Festival de Cine de Morelia o la Muestra de Cine de la UNAM, revel\u00f3 [&hellip;]<\/p>\n","protected":false},"author":1,"featured_media":43032,"comment_status":"open","ping_status":"open","sticky":false,"template":"","format":"standard","meta":{"advanced_seo_description":"","jetpack_seo_html_title":"","jetpack_seo_noindex":false,"footnotes":"","jetpack_publicize_message":"","jetpack_is_tweetstorm":false,"jetpack_publicize_feature_enabled":true,"jetpack_social_post_already_shared":true,"jetpack_social_options":{"image_generator_settings":{"template":"highway","enabled":false}}},"categories":[26,3],"tags":[],"class_list":["post-43031","post","type-post","status-publish","format-standard","has-post-thumbnail","hentry","category-cultura","category-gobierno"],"jetpack_publicize_connections":[],"jetpack_featured_media_url":"http:\/\/elcensornoticias.com\/wp-content\/uploads\/2024\/07\/IMG-20240717-WA0018-rotated.jpg","jetpack_likes_enabled":true,"jetpack_sharing_enabled":true,"jetpack_shortlink":"https:\/\/wp.me\/p6xy50-bc3","_links":{"self":[{"href":"http:\/\/elcensornoticias.com\/index.php?rest_route=\/wp\/v2\/posts\/43031","targetHints":{"allow":["GET"]}}],"collection":[{"href":"http:\/\/elcensornoticias.com\/index.php?rest_route=\/wp\/v2\/posts"}],"about":[{"href":"http:\/\/elcensornoticias.com\/index.php?rest_route=\/wp\/v2\/types\/post"}],"author":[{"embeddable":true,"href":"http:\/\/elcensornoticias.com\/index.php?rest_route=\/wp\/v2\/users\/1"}],"replies":[{"embeddable":true,"href":"http:\/\/elcensornoticias.com\/index.php?rest_route=%2Fwp%2Fv2%2Fcomments&post=43031"}],"version-history":[{"count":1,"href":"http:\/\/elcensornoticias.com\/index.php?rest_route=\/wp\/v2\/posts\/43031\/revisions"}],"predecessor-version":[{"id":43033,"href":"http:\/\/elcensornoticias.com\/index.php?rest_route=\/wp\/v2\/posts\/43031\/revisions\/43033"}],"wp:featuredmedia":[{"embeddable":true,"href":"http:\/\/elcensornoticias.com\/index.php?rest_route=\/wp\/v2\/media\/43032"}],"wp:attachment":[{"href":"http:\/\/elcensornoticias.com\/index.php?rest_route=%2Fwp%2Fv2%2Fmedia&parent=43031"}],"wp:term":[{"taxonomy":"category","embeddable":true,"href":"http:\/\/elcensornoticias.com\/index.php?rest_route=%2Fwp%2Fv2%2Fcategories&post=43031"},{"taxonomy":"post_tag","embeddable":true,"href":"http:\/\/elcensornoticias.com\/index.php?rest_route=%2Fwp%2Fv2%2Ftags&post=43031"}],"curies":[{"name":"wp","href":"https:\/\/api.w.org\/{rel}","templated":true}]}}