{"id":43028,"date":"2024-07-17T22:56:28","date_gmt":"2024-07-17T22:56:28","guid":{"rendered":"http:\/\/elcensornoticias.com\/?p=43028"},"modified":"2024-07-17T22:56:30","modified_gmt":"2024-07-17T22:56:30","slug":"50-aniversario-del-fonart-con-una-estampilla-postal-conmemorativa","status":"publish","type":"post","link":"http:\/\/elcensornoticias.com\/?p=43028","title":{"rendered":"50 aniversario del Fonart con una estampilla postal conmemorativa"},"content":{"rendered":"\n<ul class=\"wp-block-list\">\n<li><strong>Se emitieron 200 mil estampillas que se podr\u00e1n adquirir a partir de hoy en las oficinas postales de Correos de M\u00e9xico en todo el pa\u00eds<\/strong><\/li>\n\n\n\n<li><strong>La ceremonia de cancelaci\u00f3n fue encabezada por la directora general del Fonart, Emma Yanes Rizo; la directora general del Servicio Postal Mexicano, Roc\u00edo B\u00e1rcena Molina; y la directora general del Inbal, Lucina Jim\u00e9nez<\/strong><\/li>\n<\/ul>\n\n\n\n<p>En el marco de las actividades por el 50 aniversario del Fondo Nacional para el Fomento de las Artesan\u00edas (Fonart), instituci\u00f3n sectorizada a la Secretar\u00eda de Cultura federal, hoy 17 de julio de 2024, se llev\u00f3 a cabo la cancelaci\u00f3n de la estampilla postal conmemorativa en el Patio de Carteros de la Quinta Casa de Correos, mejor conocida como Palacio Postal.<\/p>\n\n\n\n<p>La ceremonia fue encabezada por la directora general del Fonart, Emma Yanes Rizo; la directora general del Servicio Postal Mexicano (Sepomex), Roc\u00edo B\u00e1rcena Molina; y la directora general del Instituto Nacional de Bellas Artes y Literatura (Inbal); Lucina Jim\u00e9nez L\u00f3pez. Tambi\u00e9n, de manera virtual se cont\u00f3 con la participaci\u00f3n de representaciones de oficinas postales de los estados de Zacatecas, Jalisco, Quer\u00e9taro, Yucat\u00e1n, Tlaxcala, Veracruz e Hidalgo que simult\u00e1neamente realizaron el acto oficial de cancelaci\u00f3n.<\/p>\n\n\n\n<p>Ante artistas tradicionales ganadores de la XLIX edici\u00f3n del Concurso Gran Premio Nacional de Arte Popular 2024, convocado por Fonart y Fomento Cultural Citibanmex, e invitados especiales, la titular de este Fondo Nacional agradeci\u00f3 la presencia de representantes de instituciones aliadas como el Inbal, el Instituto Mexicano de la Propiedad Industrial, la Direcci\u00f3n General de Culturas Populares, Ind\u00edgenas y Urbanas, Radio Educaci\u00f3n, representantes del Instituto Nacional de Pueblos Ind\u00edgenas, as\u00ed como titulares de Casas e Institutos de Artesan\u00edas de los estados y coment\u00f3: \u201cEstar en el patio de correos es estar en uno de los principales lugares de comunicaci\u00f3n del pa\u00eds y considerando que lo que hacen las y los artesanos son relatos y cartas gr\u00e1ficas de la vida de las comunidades, decidimos que esta edici\u00f3n del Gran Premio Nacional de Arte Popular ten\u00eda que ser aqu\u00ed\u201d.<\/p>\n\n\n\n<p>Agreg\u00f3 que \u201cestos 50 a\u00f1os del Fonart no ser\u00edan posibles sin la perseverancia de ustedes las artesanas y artesanos por poner en alto el nombre de M\u00e9xico a trav\u00e9s de sus creaciones. En cada una de sus piezas hay una carta gr\u00e1fica, un mensaje de paz y creatividad que comparten con todos nosotros. Disfrutemos pues de este sello postal conmemorativo para celebrar el M\u00e9xico posible: el de la creatividad, de la imaginaci\u00f3n y tambi\u00e9n el de las cr\u00f3nicas de vida cotidiana que ustedes comparten con nosotros desde sus comunidades. Por ello, como dir\u00eda el poeta, M\u00e9xico creo en ti\u201d.<\/p>\n\n\n\n<p>En su oportunidad, la directora general de Sepomex, Roc\u00edo B\u00e1rcena Molina, se\u00f1al\u00f3 que \u201cTenemos una historia de muchos a\u00f1os en com\u00fan, somos instituciones que han acompa\u00f1ado la historia de este pa\u00eds, somos tres mujeres que tenemos una larga trayectoria de trabajo por una patria mejor. Hoy nos junta una ceremonia tan importante que es para aplaudir lo que sale de las manos, del sentimiento, de la emoci\u00f3n, del coraz\u00f3n de las mejores personas que tiene una patria que son sus artistas sus artesanas y sus artesanos.\u201d<\/p>\n\n\n\n<p>El dise\u00f1o del timbre, que presenta la imagen de las tradicionales sirenas realizadas en alfarer\u00eda, retoma uno de los primeros carteles de la historia de esta instituci\u00f3n dise\u00f1ado por Jos\u00e9 Herrera, con el que se promocion\u00f3 la XXVIII Exposici\u00f3n Tur\u00edstico Artesanal&nbsp;<em>Mares y Arte Popular de M\u00e9xico<\/em>, realizada en noviembre de 1974, acompa\u00f1ado del distintivo gr\u00e1fico que acompa\u00f1a todas las actividades organizadas en el marco de los festejos por el 50 aniversario del Fonart.<\/p>\n\n\n\n<p>Las 200 mil estampillas emitidas est\u00e1n disponibles para su compra en la tienda filat\u00e9lica del Palacio Postal y en las oficias de Correos de M\u00e9xico en todo el pa\u00eds con un costo de 7 pesos por pieza.<\/p>\n\n\n\n<p>La primera carta remitida con este sello postal fue escrita por la titular del Fonart a la comunidad artesanal y la segunda, dirigida al presidente Andr\u00e9s Manuel L\u00f3pez Obrador por la ni\u00f1a Ayeha Aly, originaria del estado de Puebla y nieta de la maestra Mar\u00eda Edna Salgado Alvarado, artista de la t\u00e9cnica de popotillo ganadora del Gran Premio Nacional de Arte Popular 2024.<\/p>\n\n\n\n<p>Posterior a la ceremonia de cancelaci\u00f3n, se llev\u00f3 a cabo en este mismo recinto la entrega de reconocimientos a las personas artesanas ganadoras de la XLIX edici\u00f3n del Concurso Gran Premio Nacional de Arte Popular 2024 y la inauguraci\u00f3n de la expoventa de las obras ganadoras que permanecer\u00e1 hasta el 30 de agosto en este mismo recinto, con el apoyo de la&nbsp;<a><\/a><a>Secretar\u00eda de Infraestructura, Comunicaciones y Transportes, por medio del Servicio Postal Mexicano y el Museo Palacio Postal<\/a>.<\/p>\n","protected":false},"excerpt":{"rendered":"<p>En el marco de las actividades por el 50 aniversario del Fondo Nacional para el Fomento de las Artesan\u00edas (Fonart), instituci\u00f3n sectorizada a la Secretar\u00eda de Cultura federal, hoy 17 de julio de 2024, se llev\u00f3 a cabo la cancelaci\u00f3n de la estampilla postal conmemorativa en el Patio de Carteros de la Quinta Casa de [&hellip;]<\/p>\n","protected":false},"author":1,"featured_media":43029,"comment_status":"open","ping_status":"open","sticky":false,"template":"","format":"standard","meta":{"advanced_seo_description":"","jetpack_seo_html_title":"","jetpack_seo_noindex":false,"footnotes":"","jetpack_publicize_message":"","jetpack_is_tweetstorm":false,"jetpack_publicize_feature_enabled":true,"jetpack_social_post_already_shared":true,"jetpack_social_options":{"image_generator_settings":{"template":"highway","enabled":false}}},"categories":[2,3],"tags":[],"class_list":["post-43028","post","type-post","status-publish","format-standard","has-post-thumbnail","hentry","category-destacadas","category-gobierno"],"jetpack_publicize_connections":[],"jetpack_featured_media_url":"http:\/\/elcensornoticias.com\/wp-content\/uploads\/2024\/07\/PHOTO-2024-07-17-16-00-313.jpg","jetpack_likes_enabled":true,"jetpack_sharing_enabled":true,"jetpack_shortlink":"https:\/\/wp.me\/p6xy50-bc0","_links":{"self":[{"href":"http:\/\/elcensornoticias.com\/index.php?rest_route=\/wp\/v2\/posts\/43028","targetHints":{"allow":["GET"]}}],"collection":[{"href":"http:\/\/elcensornoticias.com\/index.php?rest_route=\/wp\/v2\/posts"}],"about":[{"href":"http:\/\/elcensornoticias.com\/index.php?rest_route=\/wp\/v2\/types\/post"}],"author":[{"embeddable":true,"href":"http:\/\/elcensornoticias.com\/index.php?rest_route=\/wp\/v2\/users\/1"}],"replies":[{"embeddable":true,"href":"http:\/\/elcensornoticias.com\/index.php?rest_route=%2Fwp%2Fv2%2Fcomments&post=43028"}],"version-history":[{"count":1,"href":"http:\/\/elcensornoticias.com\/index.php?rest_route=\/wp\/v2\/posts\/43028\/revisions"}],"predecessor-version":[{"id":43030,"href":"http:\/\/elcensornoticias.com\/index.php?rest_route=\/wp\/v2\/posts\/43028\/revisions\/43030"}],"wp:featuredmedia":[{"embeddable":true,"href":"http:\/\/elcensornoticias.com\/index.php?rest_route=\/wp\/v2\/media\/43029"}],"wp:attachment":[{"href":"http:\/\/elcensornoticias.com\/index.php?rest_route=%2Fwp%2Fv2%2Fmedia&parent=43028"}],"wp:term":[{"taxonomy":"category","embeddable":true,"href":"http:\/\/elcensornoticias.com\/index.php?rest_route=%2Fwp%2Fv2%2Fcategories&post=43028"},{"taxonomy":"post_tag","embeddable":true,"href":"http:\/\/elcensornoticias.com\/index.php?rest_route=%2Fwp%2Fv2%2Ftags&post=43028"}],"curies":[{"name":"wp","href":"https:\/\/api.w.org\/{rel}","templated":true}]}}