{"id":43019,"date":"2024-07-17T22:48:57","date_gmt":"2024-07-17T22:48:57","guid":{"rendered":"http:\/\/elcensornoticias.com\/?p=43019"},"modified":"2024-07-17T22:49:25","modified_gmt":"2024-07-17T22:49:25","slug":"inicia-tengo-un-sueno-aguascalientes-y-zacatecas-2024","status":"publish","type":"post","link":"http:\/\/elcensornoticias.com\/?p=43019","title":{"rendered":"Inicia Tengo un sue\u00f1o Aguascalientes y Zacatecas 2024"},"content":{"rendered":"\n<ul class=\"wp-block-list\">\n<li><strong>Participar\u00e1n ni\u00f1as, ni\u00f1os y j\u00f3venes de Semilleros Creativos en el estado<\/strong><\/li>\n<\/ul>\n\n\n\n<p>Este 21 de julio, dar\u00e1 inicio Tengo un sue\u00f1o Aguascalientes y Zacatecas 2024 \u201cSemillas de cantera y plata\u201d, uno de los 27 eventos estatales y biestatales en el pa\u00eds que forman parte del Festival Tengo un sue\u00f1o 2024.<\/p>\n\n\n\n<p>Este evento es organizado por la Secretar\u00eda de Cultura del Gobierno de M\u00e9xico, a trav\u00e9s del programa Cultura Comunitaria, en colaboraci\u00f3n con los gobiernos de Aguascalientes y Zacatecas y sus municipios. En \u00e9l se compartir\u00e1n los alcances y la capacidad creativa de ni\u00f1as, ni\u00f1os y j\u00f3venes de los Semilleros Creativos de estas entidades, para mostrar su contexto y la diversidad de expresiones y manifestaciones culturales y art\u00edsticas de sus estados.<\/p>\n\n\n\n<p>Los Semilleros Creativos son grupos de formaci\u00f3n art\u00edstica gratuita para la ni\u00f1ez y las juventudes del pa\u00eds, donde se promueve su participaci\u00f3n en la vida art\u00edstica, el pensamiento cr\u00edtico y su posicionamiento como agentes culturales.<\/p>\n\n\n\n<p>Como parte de las actividades, se llevar\u00e1 a cabo, a partir de las 12:00 h, la exposici\u00f3n \u201cSemillas de identidad: patrimonio cultural y natural de nuestras comunidades\u201d, compuesta por 150 obras realizadas por participantes de Semilleros Creativos en las disciplinas de dibujo, pintura, modelado y fotograf\u00eda, provenientes de los municipios de Aguascalientes, Cos\u00edo y el El Llano en Aguascalientes, as\u00ed como Guadalupe en Zacatecas. La cita es en la entrada de la Benem\u00e9rita Escuela Normal \u201cManuel \u00c1vila Camacho\u201d, ubicada en El\u00edas Amador 302, Sierra de \u00c1lica, Zacatecas.<\/p>\n\n\n\n<p>De igual forma, en este mismo recinto, se realizar\u00e1 la puesta en escena&nbsp;<em>Kand\u00e9r y Um&#8217;\u00e1 \u00edru<\/em>. La historia del conejo de piel dorada, a cargo de los Semilleros Creativos de Teatro en Jerez y Vetagrande, as\u00ed como de Pintura, Teatro y Danza en Guadalupe, Zacatecas.<\/p>\n\n\n\n<p>El espect\u00e1culo se complementar\u00e1 con danzas tradicionales y m\u00fasica de la regi\u00f3n interpretadas por integrantes del Semillero Creativo de Danza Folkl\u00f3rica en Pinos, Zacatecas, as\u00ed como por el Ensamble de la Banda del estado. El acto concluir\u00e1 con la pieza de rap escrita por ni\u00f1as, ni\u00f1os y j\u00f3venes del Semillero Creativo de Radio en Guadalupe, Zacatecas, melod\u00eda con la que infancias y juventudes de estos grupos colaboradores reconocen su poder transformador como agentes culturales.<\/p>\n\n\n\n<p>Tengo un sue\u00f1o Aguascalientes y Zacatecas 2024 permitir\u00e1 generar conexiones e intercambios creativos entre los distintos Semilleros ubicados en una misma zona geogr\u00e1fica, adem\u00e1s de invitar al p\u00fablico a conocer estos grupos como una alternativa viable y accesible para la convivencia arm\u00f3nica, a partir de pol\u00edticas culturales de base comunitaria.<\/p>\n\n\n\n<p>La programaci\u00f3n es gratuita y abierta al p\u00fablico; se puede consultar en la p\u00e1gina de Cultura Comunitaria: culturacomunitaria.gob.mx, y mediante las redes sociales de la Direcci\u00f3n General de Vinculaci\u00f3n Cultural (Facebook y X@VinculaCultura).<\/p>\n\n\n\n<p>Con estas acciones, la Secretar\u00eda de Cultura apoya estrategias que contribuyen al ejercicio efectivo de los derechos culturales de ni\u00f1as, ni\u00f1os y j\u00f3venes en las 32 entidades federativas del pa\u00eds y con ello fomenta una cultura de paz.<\/p>\n","protected":false},"excerpt":{"rendered":"<p>Este 21 de julio, dar\u00e1 inicio Tengo un sue\u00f1o Aguascalientes y Zacatecas 2024 \u201cSemillas de cantera y plata\u201d, uno de los 27 eventos estatales y biestatales en el pa\u00eds que forman parte del Festival Tengo un sue\u00f1o 2024. Este evento es organizado por la Secretar\u00eda de Cultura del Gobierno de M\u00e9xico, a trav\u00e9s del programa [&hellip;]<\/p>\n","protected":false},"author":1,"featured_media":43020,"comment_status":"open","ping_status":"open","sticky":false,"template":"","format":"standard","meta":{"advanced_seo_description":"","jetpack_seo_html_title":"","jetpack_seo_noindex":false,"footnotes":"","jetpack_publicize_message":"","jetpack_is_tweetstorm":false,"jetpack_publicize_feature_enabled":true,"jetpack_social_post_already_shared":true,"jetpack_social_options":{"image_generator_settings":{"template":"highway","enabled":false}}},"categories":[26,4],"tags":[],"class_list":["post-43019","post","type-post","status-publish","format-standard","has-post-thumbnail","hentry","category-cultura","category-noticias"],"jetpack_publicize_connections":[],"jetpack_featured_media_url":"http:\/\/elcensornoticias.com\/wp-content\/uploads\/2024\/07\/Aguascalientes_Zacatecas-2024.jpeg","jetpack_likes_enabled":true,"jetpack_sharing_enabled":true,"jetpack_shortlink":"https:\/\/wp.me\/p6xy50-bbR","_links":{"self":[{"href":"http:\/\/elcensornoticias.com\/index.php?rest_route=\/wp\/v2\/posts\/43019","targetHints":{"allow":["GET"]}}],"collection":[{"href":"http:\/\/elcensornoticias.com\/index.php?rest_route=\/wp\/v2\/posts"}],"about":[{"href":"http:\/\/elcensornoticias.com\/index.php?rest_route=\/wp\/v2\/types\/post"}],"author":[{"embeddable":true,"href":"http:\/\/elcensornoticias.com\/index.php?rest_route=\/wp\/v2\/users\/1"}],"replies":[{"embeddable":true,"href":"http:\/\/elcensornoticias.com\/index.php?rest_route=%2Fwp%2Fv2%2Fcomments&post=43019"}],"version-history":[{"count":1,"href":"http:\/\/elcensornoticias.com\/index.php?rest_route=\/wp\/v2\/posts\/43019\/revisions"}],"predecessor-version":[{"id":43021,"href":"http:\/\/elcensornoticias.com\/index.php?rest_route=\/wp\/v2\/posts\/43019\/revisions\/43021"}],"wp:featuredmedia":[{"embeddable":true,"href":"http:\/\/elcensornoticias.com\/index.php?rest_route=\/wp\/v2\/media\/43020"}],"wp:attachment":[{"href":"http:\/\/elcensornoticias.com\/index.php?rest_route=%2Fwp%2Fv2%2Fmedia&parent=43019"}],"wp:term":[{"taxonomy":"category","embeddable":true,"href":"http:\/\/elcensornoticias.com\/index.php?rest_route=%2Fwp%2Fv2%2Fcategories&post=43019"},{"taxonomy":"post_tag","embeddable":true,"href":"http:\/\/elcensornoticias.com\/index.php?rest_route=%2Fwp%2Fv2%2Ftags&post=43019"}],"curies":[{"name":"wp","href":"https:\/\/api.w.org\/{rel}","templated":true}]}}