{"id":43016,"date":"2024-07-17T22:46:45","date_gmt":"2024-07-17T22:46:45","guid":{"rendered":"http:\/\/elcensornoticias.com\/?p=43016"},"modified":"2024-07-17T22:47:04","modified_gmt":"2024-07-17T22:47:04","slug":"capacita-uatx-a-docentes-en-evaluacion-formativa","status":"publish","type":"post","link":"http:\/\/elcensornoticias.com\/?p=43016","title":{"rendered":"Capacita UATx a docentes en evaluaci\u00f3n formativa"},"content":{"rendered":"\n<p>Con el objetivo de promover la comprensi\u00f3n y valoraci\u00f3n del Modelo Humanista Integrador basado en Capacidades (MHIC) entre la comunidad acad\u00e9mica, la Universidad Aut\u00f3noma de Tlaxcala (UATx), a trav\u00e9s de la Coordinaci\u00f3n de la Divisi\u00f3n de Ciencias Sociales y Administrativas que dirige la Doctora Lilibeth Portillo Rumbo, llev\u00f3 a cabo la conferencia virtual \u201cEvaluaci\u00f3n formativa en la educaci\u00f3n superior\u201d, a cargo de la Maestra Anna Roci\u00f3 Tejeda P\u00e1ez, catedr\u00e1tica del Centro de Investigaci\u00f3n Educativa (CIE), la cual estuvo dirigida a 187 docentes de las Facultades y Unidades Acad\u00e9micas Multidisciplinarias que integran esta \u00e1rea del conocimiento.<\/p>\n","protected":false},"excerpt":{"rendered":"<p>Con el objetivo de promover la comprensi\u00f3n y valoraci\u00f3n del Modelo Humanista Integrador basado en Capacidades (MHIC) entre la comunidad acad\u00e9mica, la Universidad Aut\u00f3noma de Tlaxcala (UATx), a trav\u00e9s de la Coordinaci\u00f3n de la Divisi\u00f3n de Ciencias Sociales y Administrativas que dirige la Doctora Lilibeth Portillo Rumbo, llev\u00f3 a cabo la conferencia virtual \u201cEvaluaci\u00f3n formativa [&hellip;]<\/p>\n","protected":false},"author":1,"featured_media":43017,"comment_status":"open","ping_status":"open","sticky":false,"template":"","format":"standard","meta":{"advanced_seo_description":"","jetpack_seo_html_title":"","jetpack_seo_noindex":false,"footnotes":"","jetpack_publicize_message":"","jetpack_is_tweetstorm":false,"jetpack_publicize_feature_enabled":true,"jetpack_social_post_already_shared":true,"jetpack_social_options":{"image_generator_settings":{"template":"highway","enabled":false}}},"categories":[2,28],"tags":[],"class_list":["post-43016","post","type-post","status-publish","format-standard","has-post-thumbnail","hentry","category-destacadas","category-educacion"],"jetpack_publicize_connections":[],"jetpack_featured_media_url":"http:\/\/elcensornoticias.com\/wp-content\/uploads\/2024\/07\/17-Capacita-UATx-a-docentes-en-evaluacion-formativa.jpg","jetpack_likes_enabled":true,"jetpack_sharing_enabled":true,"jetpack_shortlink":"https:\/\/wp.me\/p6xy50-bbO","_links":{"self":[{"href":"http:\/\/elcensornoticias.com\/index.php?rest_route=\/wp\/v2\/posts\/43016","targetHints":{"allow":["GET"]}}],"collection":[{"href":"http:\/\/elcensornoticias.com\/index.php?rest_route=\/wp\/v2\/posts"}],"about":[{"href":"http:\/\/elcensornoticias.com\/index.php?rest_route=\/wp\/v2\/types\/post"}],"author":[{"embeddable":true,"href":"http:\/\/elcensornoticias.com\/index.php?rest_route=\/wp\/v2\/users\/1"}],"replies":[{"embeddable":true,"href":"http:\/\/elcensornoticias.com\/index.php?rest_route=%2Fwp%2Fv2%2Fcomments&post=43016"}],"version-history":[{"count":1,"href":"http:\/\/elcensornoticias.com\/index.php?rest_route=\/wp\/v2\/posts\/43016\/revisions"}],"predecessor-version":[{"id":43018,"href":"http:\/\/elcensornoticias.com\/index.php?rest_route=\/wp\/v2\/posts\/43016\/revisions\/43018"}],"wp:featuredmedia":[{"embeddable":true,"href":"http:\/\/elcensornoticias.com\/index.php?rest_route=\/wp\/v2\/media\/43017"}],"wp:attachment":[{"href":"http:\/\/elcensornoticias.com\/index.php?rest_route=%2Fwp%2Fv2%2Fmedia&parent=43016"}],"wp:term":[{"taxonomy":"category","embeddable":true,"href":"http:\/\/elcensornoticias.com\/index.php?rest_route=%2Fwp%2Fv2%2Fcategories&post=43016"},{"taxonomy":"post_tag","embeddable":true,"href":"http:\/\/elcensornoticias.com\/index.php?rest_route=%2Fwp%2Fv2%2Ftags&post=43016"}],"curies":[{"name":"wp","href":"https:\/\/api.w.org\/{rel}","templated":true}]}}