{"id":43010,"date":"2024-07-17T22:43:27","date_gmt":"2024-07-17T22:43:27","guid":{"rendered":"http:\/\/elcensornoticias.com\/?p=43010"},"modified":"2024-07-17T22:43:46","modified_gmt":"2024-07-17T22:43:46","slug":"3-feria-de-cultura-urbana-chicle-y-pega","status":"publish","type":"post","link":"http:\/\/elcensornoticias.com\/?p=43010","title":{"rendered":"3\u00b0 Feria de Cultura Urbana Chicle y Pega"},"content":{"rendered":"\n<ul class=\"wp-block-list\">\n<li><strong>Las propuestas seleccionadas formar\u00e1n parte de la programaci\u00f3n de la edici\u00f3n 2024 de la Feria, que tendr\u00e1 lugar el 10 y 11 de agosto de 2024, en el Parque de Cultura Urbana Parcur, en Chapultepec<\/strong><\/li>\n<\/ul>\n\n\n\n<p>La Secretar\u00eda de Cultura del Gobierno de M\u00e9xico, a trav\u00e9s del programa nacional Alas y Ra\u00edces, publica las propuestas art\u00edsticas que ser\u00e1n parte del programa de actividades de la Tercera Feria de Cultura Urbana Chicle y Pega.<\/p>\n\n\n\n<p>Luego de la invitaci\u00f3n nacional emitida el pasado mes de junio, se recibieron diversas propuestas de entre las que fueron seleccionadas 33 que integrar\u00e1n las muestras esc\u00e9nicas, gr\u00e1ficas, de audio y video, as\u00ed como los foros de di\u00e1logo e intercambio art\u00edstico de esta Feria cuyo objetivo es generar un espacio de participaci\u00f3n y exposici\u00f3n de las diferentes manifestaciones art\u00edsticas de adolescencias y juventudes participantes, provenientes de diversos puntos del territorio nacional.<\/p>\n\n\n\n<p>\u00bfC\u00f3mo viven y construyen el mundo las y los j\u00f3venes a trav\u00e9s de las posibilidades que brindan las artes? Esta interrogante ser\u00e1 respondida a trav\u00e9s de las propuestas de m\u00fasica, danza, gr\u00e1fica, fotograf\u00eda, mural, cartoner\u00eda, juegos de destreza, teatro, literatura y poes\u00eda, entre otros, que se sumar\u00e1n al programa de actividades de esta Feria cuya tercera edici\u00f3n tendr\u00e1 lugar en el Parque de Cultura Urbana (Parcur), en la 3\u00aa. Secci\u00f3n de Chapultepec, el pr\u00f3ximo s\u00e1bado 10 y domingo 11 de agosto de 2024.<\/p>\n\n\n\n<p>El listado completo de personas, colectivos o agrupaciones participantes se puede consultar en&nbsp;<a rel=\"noreferrer noopener\" target=\"_blank\" href=\"http:\/\/www.alasyraices.gob.mx\/\">alasyraices.gob.mx<\/a>&nbsp;y en la p\u00e1gina de la Secretar\u00eda de Cultura federal.<\/p>\n\n\n\n<p>Sigue las redes sociales de Alas y Ra\u00edces en Facebook: (Alas y Ra\u00edces MX); en X (@AlasyRaices), Instagram y YouTube (@alasyraicescultura).<\/p>\n","protected":false},"excerpt":{"rendered":"<p>La Secretar\u00eda de Cultura del Gobierno de M\u00e9xico, a trav\u00e9s del programa nacional Alas y Ra\u00edces, publica las propuestas art\u00edsticas que ser\u00e1n parte del programa de actividades de la Tercera Feria de Cultura Urbana Chicle y Pega. Luego de la invitaci\u00f3n nacional emitida el pasado mes de junio, se recibieron diversas propuestas de entre las [&hellip;]<\/p>\n","protected":false},"author":1,"featured_media":43011,"comment_status":"open","ping_status":"open","sticky":false,"template":"","format":"standard","meta":{"advanced_seo_description":"","jetpack_seo_html_title":"","jetpack_seo_noindex":false,"footnotes":"","jetpack_publicize_message":"","jetpack_is_tweetstorm":false,"jetpack_publicize_feature_enabled":true,"jetpack_social_post_already_shared":true,"jetpack_social_options":{"image_generator_settings":{"template":"highway","enabled":false}}},"categories":[26,4],"tags":[],"class_list":["post-43010","post","type-post","status-publish","format-standard","has-post-thumbnail","hentry","category-cultura","category-noticias"],"jetpack_publicize_connections":[],"jetpack_featured_media_url":"http:\/\/elcensornoticias.com\/wp-content\/uploads\/2024\/07\/Cuadrada_Chicle-y-Pega-2024.png","jetpack_likes_enabled":true,"jetpack_sharing_enabled":true,"jetpack_shortlink":"https:\/\/wp.me\/p6xy50-bbI","_links":{"self":[{"href":"http:\/\/elcensornoticias.com\/index.php?rest_route=\/wp\/v2\/posts\/43010","targetHints":{"allow":["GET"]}}],"collection":[{"href":"http:\/\/elcensornoticias.com\/index.php?rest_route=\/wp\/v2\/posts"}],"about":[{"href":"http:\/\/elcensornoticias.com\/index.php?rest_route=\/wp\/v2\/types\/post"}],"author":[{"embeddable":true,"href":"http:\/\/elcensornoticias.com\/index.php?rest_route=\/wp\/v2\/users\/1"}],"replies":[{"embeddable":true,"href":"http:\/\/elcensornoticias.com\/index.php?rest_route=%2Fwp%2Fv2%2Fcomments&post=43010"}],"version-history":[{"count":1,"href":"http:\/\/elcensornoticias.com\/index.php?rest_route=\/wp\/v2\/posts\/43010\/revisions"}],"predecessor-version":[{"id":43012,"href":"http:\/\/elcensornoticias.com\/index.php?rest_route=\/wp\/v2\/posts\/43010\/revisions\/43012"}],"wp:featuredmedia":[{"embeddable":true,"href":"http:\/\/elcensornoticias.com\/index.php?rest_route=\/wp\/v2\/media\/43011"}],"wp:attachment":[{"href":"http:\/\/elcensornoticias.com\/index.php?rest_route=%2Fwp%2Fv2%2Fmedia&parent=43010"}],"wp:term":[{"taxonomy":"category","embeddable":true,"href":"http:\/\/elcensornoticias.com\/index.php?rest_route=%2Fwp%2Fv2%2Fcategories&post=43010"},{"taxonomy":"post_tag","embeddable":true,"href":"http:\/\/elcensornoticias.com\/index.php?rest_route=%2Fwp%2Fv2%2Ftags&post=43010"}],"curies":[{"name":"wp","href":"https:\/\/api.w.org\/{rel}","templated":true}]}}