{"id":43004,"date":"2024-07-17T22:32:47","date_gmt":"2024-07-17T22:32:47","guid":{"rendered":"http:\/\/elcensornoticias.com\/?p=43004"},"modified":"2024-07-17T22:33:15","modified_gmt":"2024-07-17T22:33:15","slug":"recibio-cedht-los-resultados-del-censo-nacional-de-derechos-humanos-estatal-2023-por-parte-del-inegi","status":"publish","type":"post","link":"http:\/\/elcensornoticias.com\/?p=43004","title":{"rendered":"Recibi\u00f3 CEDHT los resultados del Censo Nacional de Derechos Humanos Estatal 2023 por parte del Inegi"},"content":{"rendered":"\n<p><em>El organismo aut\u00f3nomo aument\u00f3, en 2022, la atenci\u00f3n inmediata que brind\u00f3 a las personas usuarias<\/em><em><\/em><\/p>\n\n\n\n<p>La presidenta de la&nbsp; Comisi\u00f3n Estatal de Derechos Humanos de Tlaxcala (CEDHT), Jakqueline Ord\u00f3\u00f1ez Bradefer, recibi\u00f3, de parte del coordinador estatal del Instituto Nacional de Estad\u00edstica y Geograf\u00eda (Inegi), Carlos Manuel Lozano Garc\u00eda, los resultados del Censo Nacional de Derechos Humanos Estatal 2023, los cuales informan, entre otras cosas que, durante el a\u00f1o 2022, el organismo aut\u00f3nomo aument\u00f3 la atenci\u00f3n inmediata a personas usuarias y report\u00f3, en total, 802 solicitudes de queja, con un aumento del 17.4% en comparaci\u00f3n con lo reportado en 2021 cuando se recibieron 683.<\/p>\n\n\n\n<p>La Ombudsperson, quien tambi\u00e9n recibi\u00f3 los cuestionarios de este programa estad\u00edstico en su versi\u00f3n 2024, mencion\u00f3 que el crecimiento expuesto en las estad\u00edsticas del Inegi, refleja el&nbsp;compromiso de la Comisi\u00f3n con la promoci\u00f3n, protecci\u00f3n y defensa de los derechos humanos en Tlaxcala, logrando un impacto positivo en la vida de las personas para asegurar que reciban el respeto a su dignidad.<\/p>\n\n\n\n<p>Acot\u00f3 que eso resultados tambi\u00e9n muestran que la CEDHT lleva a cabo su trabajo con responsabilidad para contribuir a la reestructuraci\u00f3n de entornos de gobierno y sociales, sustentados en la dignidad de la persona, adem\u00e1s de garantizar que el actuar de las y los servidores p\u00fablicos se base en el respeto y el ejercicio pleno de los derechos y libertades de las personas.<\/p>\n\n\n\n<p>La informaci\u00f3n proporcionada por el Inegi, la cual es p\u00fablica, refiere que, en la CEDHT el 60% de las personas servidoras p\u00fablicas son mujeres y el 40% son hombres, distribuidas en los 9 \u00f3rganos o unidades administrativas y visitadur\u00edas.<\/p>\n\n\n\n<p>Esta informaci\u00f3n tambi\u00e9n detalla que la CEDHT mostr\u00f3 un aumento en las atenciones inmediatas, pues pas\u00f3 de dos mil 22 asuntos en 2021 a 10 mil 727 en 2022, en temas como asesor\u00eda u orientaci\u00f3n, acompa\u00f1amiento y atenci\u00f3n psicol\u00f3gica, entre otras.&nbsp;<\/p>\n\n\n\n<p>Respecto de los expedientes de queja, las estad\u00edsticas se\u00f1alan que en 2021 la CEDH atendi\u00f3 460 expedientes de queja, de los cuales, 216 fueron concluidos y 164 pendientes por concluir; mientras que, en 2022, atendi\u00f3 543 expedientes, de los cuales 492 fueron calificados, 254 concluidos y 193 por concluir.<\/p>\n\n\n\n<p>De los 492 expedientes calificados en 2022, 444 fueron considerados como presuntamente violatorios de derechos humanos, 18 no fueron competencia del OPDH y 30 fueron pendientes de calificar por falta de informaci\u00f3n. Adem\u00e1s, los hechos presuntamente violatorios de derechos humanos en 2021 fueron 453 y en 2022 fueron 629.<\/p>\n\n\n\n<p>Los principales hechos violatorios registrados por la CEDHT en 2022 son: violaci\u00f3n al principio de legalidad en el desempe\u00f1o de la funci\u00f3n p\u00fablica, al derecho a la integridad y seguridad personales, al derecho a la seguridad jur\u00eddica y libertad personal, a los derechos de las mujeres, detenci\u00f3n arbitraria, transgresi\u00f3n a la libertad sexual, entre otros.<\/p>\n\n\n\n<p>En la presentaci\u00f3n, el titular del INEGI, Carlos Manuel Lozano Garc\u00eda, se\u00f1al\u00f3 que&nbsp;dicho Censo es parte de los programas estad\u00edsticos que ofrecen informaci\u00f3n sobre la gesti\u00f3n y desempe\u00f1o de la Comisi\u00f3n Nacional de los Derechos Humanos (CNDH) y de los OPDH de cada entidad federativa, espec\u00edficamente en las funciones de gobierno, capacitaci\u00f3n, difusi\u00f3n, defensa y protecci\u00f3n de los derechos humanos, con el objetivo de vincular los datos con el dise\u00f1o, implementaci\u00f3n, monitoreo y evaluaci\u00f3n de las pol\u00edticas p\u00fablicas de alcance nacional en dichas funciones.<\/p>\n\n\n\n<p>El Instituto refiri\u00f3 que, en 2014 inici\u00f3 el programa estad\u00edstico denominado Recopilaci\u00f3n de Informaci\u00f3n de los Organismos P\u00fablicos de Protecci\u00f3n y Defensa de los Derechos Humanos en M\u00e9xico, con la finalidad de sistematizar y homologar la informaci\u00f3n de la CNDH.<\/p>\n\n\n\n<p>Dicho programa se desarroll\u00f3 hasta 2016, a\u00f1o en el que se iniciaron las actividades de revisi\u00f3n y generaci\u00f3n de lo que ser\u00eda un instrumento de captaci\u00f3n en temas de hechos violatorios y procedimientos de queja desarrollados, en sus respectivos \u00e1mbitos de competencia<\/p>\n\n\n\n<p>Y en 2017 se implement\u00f3 el primer instrumento de captaci\u00f3n en el \u00e1mbito estatal denominado Censo Nacional de Derechos Humanos Estatal (CNDHE) 2017, para generar informaci\u00f3n estad\u00edstica en las materias de capacitaci\u00f3n, difusi\u00f3n, defensa y protecci\u00f3n de los derechos humanos con una visi\u00f3n integral. Desde entonces, se continuaron anualmente las labores de captaci\u00f3n de informaci\u00f3n de este Censo, siendo la edici\u00f3n 2024, el octavo levantamiento.<\/p>\n","protected":false},"excerpt":{"rendered":"<p>El organismo aut\u00f3nomo aument\u00f3, en 2022, la atenci\u00f3n inmediata que brind\u00f3 a las personas usuarias La presidenta de la&nbsp; Comisi\u00f3n Estatal de Derechos Humanos de Tlaxcala (CEDHT), Jakqueline Ord\u00f3\u00f1ez Bradefer, recibi\u00f3, de parte del coordinador estatal del Instituto Nacional de Estad\u00edstica y Geograf\u00eda (Inegi), Carlos Manuel Lozano Garc\u00eda, los resultados del Censo Nacional de Derechos [&hellip;]<\/p>\n","protected":false},"author":1,"featured_media":43005,"comment_status":"open","ping_status":"open","sticky":false,"template":"","format":"standard","meta":{"advanced_seo_description":"","jetpack_seo_html_title":"","jetpack_seo_noindex":false,"footnotes":"","jetpack_publicize_message":"","jetpack_is_tweetstorm":false,"jetpack_publicize_feature_enabled":true,"jetpack_social_post_already_shared":true,"jetpack_social_options":{"image_generator_settings":{"template":"highway","enabled":false}}},"categories":[2,3],"tags":[],"class_list":["post-43004","post","type-post","status-publish","format-standard","has-post-thumbnail","hentry","category-destacadas","category-gobierno"],"jetpack_publicize_connections":[],"jetpack_featured_media_url":"http:\/\/elcensornoticias.com\/wp-content\/uploads\/2024\/07\/Comunicado-55-5.jpeg","jetpack_likes_enabled":true,"jetpack_sharing_enabled":true,"jetpack_shortlink":"https:\/\/wp.me\/p6xy50-bbC","_links":{"self":[{"href":"http:\/\/elcensornoticias.com\/index.php?rest_route=\/wp\/v2\/posts\/43004","targetHints":{"allow":["GET"]}}],"collection":[{"href":"http:\/\/elcensornoticias.com\/index.php?rest_route=\/wp\/v2\/posts"}],"about":[{"href":"http:\/\/elcensornoticias.com\/index.php?rest_route=\/wp\/v2\/types\/post"}],"author":[{"embeddable":true,"href":"http:\/\/elcensornoticias.com\/index.php?rest_route=\/wp\/v2\/users\/1"}],"replies":[{"embeddable":true,"href":"http:\/\/elcensornoticias.com\/index.php?rest_route=%2Fwp%2Fv2%2Fcomments&post=43004"}],"version-history":[{"count":1,"href":"http:\/\/elcensornoticias.com\/index.php?rest_route=\/wp\/v2\/posts\/43004\/revisions"}],"predecessor-version":[{"id":43006,"href":"http:\/\/elcensornoticias.com\/index.php?rest_route=\/wp\/v2\/posts\/43004\/revisions\/43006"}],"wp:featuredmedia":[{"embeddable":true,"href":"http:\/\/elcensornoticias.com\/index.php?rest_route=\/wp\/v2\/media\/43005"}],"wp:attachment":[{"href":"http:\/\/elcensornoticias.com\/index.php?rest_route=%2Fwp%2Fv2%2Fmedia&parent=43004"}],"wp:term":[{"taxonomy":"category","embeddable":true,"href":"http:\/\/elcensornoticias.com\/index.php?rest_route=%2Fwp%2Fv2%2Fcategories&post=43004"},{"taxonomy":"post_tag","embeddable":true,"href":"http:\/\/elcensornoticias.com\/index.php?rest_route=%2Fwp%2Fv2%2Ftags&post=43004"}],"curies":[{"name":"wp","href":"https:\/\/api.w.org\/{rel}","templated":true}]}}