{"id":43001,"date":"2024-07-17T22:30:31","date_gmt":"2024-07-17T22:30:31","guid":{"rendered":"http:\/\/elcensornoticias.com\/?p=43001"},"modified":"2024-07-17T22:30:52","modified_gmt":"2024-07-17T22:30:52","slug":"resguardar-lo-intimo-el-dibujo-como-trinchera","status":"publish","type":"post","link":"http:\/\/elcensornoticias.com\/?p=43001","title":{"rendered":"\u00a0\u201cResguardar lo \u00edntimo: el dibujo como Trinchera\u201d"},"content":{"rendered":"\n<p><strong>Participan ocho miembros de la generaci\u00f3n 2022 de J\u00f3venes Creadores y tres artistas que fueron sus tutores<\/strong><\/p>\n\n\n\n<p>\u00b7&nbsp;&nbsp;&nbsp;&nbsp;&nbsp;&nbsp;&nbsp;&nbsp;&nbsp;<strong>Se inaugurar\u00e1 el viernes 19 de julio de 2024 a las 18:30 h en Moloch Galer\u00eda Taller, en la Ciudad de M\u00e9xico, hasta el 15 de agosto de 2024<\/strong><\/p>\n\n\n\n<p>El Sistema Creaci\u00f3n (antes Fonca), instituci\u00f3n de la Secretar\u00eda de Cultura del Gobierno de M\u00e9xico, invita al p\u00fablico a la exposici\u00f3n \u201cResguardar lo \u00edntimo: el dibujo como trinchera\u201d, con la curadur\u00eda de Fernanda Brunet y Radharani Torres, muestra que es resultado del trabajo desarrollado durante 2023 por parte de las y los beneficiarios de la generaci\u00f3n 2022 de la vertiente J\u00f3venes Creadores, en la disciplina Artes Visuales y la especialidad Dibujo.<\/p>\n\n\n\n<p>A trav\u00e9s de su obra, las y los artistas exploran tem\u00e1ticas universales como la pertenencia, a partir de conceptos como la nostalgia de lugares y momentos perdidos, evocaciones de la calidez del hogar y la complejidad del cuerpo en su relaci\u00f3n con el entorno. Cada pieza de la exposici\u00f3n es un medio de exploraci\u00f3n que act\u00faa como testigo de narrativas personales y colectivas, tejidas con sensibilidad y profundidad.<\/p>\n\n\n\n<p>En la muestra participan ocho j\u00f3venes artistas visuales: Anahi H. Galaviz, Emilia Sol\u00eds, Gaby Lobato, Gibr\u00e1n Tur\u00f3n, Marisol C. Guzm\u00e1n, M\u00f3nica Figueroa, Raquel Palominos y Sandra G\u00f3mez, quienes desarrollaron interesantes proyectos art\u00edsticos con el est\u00edmulo otorgado por J\u00f3venes Creadores. Se suman tambi\u00e9n tres artistas que se desempe\u00f1aron como tutores durante el desarrollo de dichos proyectos: Fernanda Brunet, Radharani Torres y Roberto Turnbull. Brunet plasma simult\u00e1neamente lo familiar y lo desconocido en un di\u00e1logo interno que se exterioriza en lo pict\u00f3rico; Torres, por su parte, cuestiona su memoria simb\u00f3lica, las jerarqu\u00edas y la conexi\u00f3n con la naturaleza a trav\u00e9s del bordado; y Turnbull aporta una mirada cr\u00edtica sobre la realidad contempor\u00e1nea mediante la representaci\u00f3n de figuras que cuestionan las formas de lenguaje y sus narrativas.<\/p>\n\n\n\n<p>La exposici\u00f3n ser\u00e1 inaugurada el pr\u00f3ximo viernes 19 de julio a las 18:30 h y permanecer\u00e1 abierta al p\u00fablico hasta el jueves 15 de agosto de 2024, de martes a s\u00e1bado, de las 11:00 h a las 19:00 h, en Moloch Galer\u00eda Taller, espacio ubicado en Viena 102, Col. Del Carmen, Coyoac\u00e1n, Ciudad de M\u00e9xico. La entrada es libre.<\/p>\n\n\n\n<p>Por medio de esta exposici\u00f3n, se celebra la creatividad y el arte emergente, as\u00ed como la apertura de nuevos espacios para reflexionar en torno a las emociones universales que nos unen como seres humanos, tomando como punto de partida el dibujo.<\/p>\n\n\n\n<p>Sigue las redes sociales del Sistema Creaci\u00f3n en X (@SistemaCreacion), Facebook (\/SistemaCreacion) e Instagram (@sistemacreacion).<\/p>\n","protected":false},"excerpt":{"rendered":"<p>Participan ocho miembros de la generaci\u00f3n 2022 de J\u00f3venes Creadores y tres artistas que fueron sus tutores \u00b7&nbsp;&nbsp;&nbsp;&nbsp;&nbsp;&nbsp;&nbsp;&nbsp;&nbsp;Se inaugurar\u00e1 el viernes 19 de julio de 2024 a las 18:30 h en Moloch Galer\u00eda Taller, en la Ciudad de M\u00e9xico, hasta el 15 de agosto de 2024 El Sistema Creaci\u00f3n (antes Fonca), instituci\u00f3n de la Secretar\u00eda [&hellip;]<\/p>\n","protected":false},"author":1,"featured_media":43002,"comment_status":"open","ping_status":"open","sticky":false,"template":"","format":"standard","meta":{"advanced_seo_description":"","jetpack_seo_html_title":"","jetpack_seo_noindex":false,"footnotes":"","jetpack_publicize_message":"","jetpack_is_tweetstorm":false,"jetpack_publicize_feature_enabled":true,"jetpack_social_post_already_shared":true,"jetpack_social_options":{"image_generator_settings":{"template":"highway","enabled":false}}},"categories":[26,4],"tags":[],"class_list":["post-43001","post","type-post","status-publish","format-standard","has-post-thumbnail","hentry","category-cultura","category-noticias"],"jetpack_publicize_connections":[],"jetpack_featured_media_url":"http:\/\/elcensornoticias.com\/wp-content\/uploads\/2024\/07\/RAQUELPALOMINOS_Caza-de-suenos.jpg","jetpack_likes_enabled":true,"jetpack_sharing_enabled":true,"jetpack_shortlink":"https:\/\/wp.me\/p6xy50-bbz","_links":{"self":[{"href":"http:\/\/elcensornoticias.com\/index.php?rest_route=\/wp\/v2\/posts\/43001","targetHints":{"allow":["GET"]}}],"collection":[{"href":"http:\/\/elcensornoticias.com\/index.php?rest_route=\/wp\/v2\/posts"}],"about":[{"href":"http:\/\/elcensornoticias.com\/index.php?rest_route=\/wp\/v2\/types\/post"}],"author":[{"embeddable":true,"href":"http:\/\/elcensornoticias.com\/index.php?rest_route=\/wp\/v2\/users\/1"}],"replies":[{"embeddable":true,"href":"http:\/\/elcensornoticias.com\/index.php?rest_route=%2Fwp%2Fv2%2Fcomments&post=43001"}],"version-history":[{"count":1,"href":"http:\/\/elcensornoticias.com\/index.php?rest_route=\/wp\/v2\/posts\/43001\/revisions"}],"predecessor-version":[{"id":43003,"href":"http:\/\/elcensornoticias.com\/index.php?rest_route=\/wp\/v2\/posts\/43001\/revisions\/43003"}],"wp:featuredmedia":[{"embeddable":true,"href":"http:\/\/elcensornoticias.com\/index.php?rest_route=\/wp\/v2\/media\/43002"}],"wp:attachment":[{"href":"http:\/\/elcensornoticias.com\/index.php?rest_route=%2Fwp%2Fv2%2Fmedia&parent=43001"}],"wp:term":[{"taxonomy":"category","embeddable":true,"href":"http:\/\/elcensornoticias.com\/index.php?rest_route=%2Fwp%2Fv2%2Fcategories&post=43001"},{"taxonomy":"post_tag","embeddable":true,"href":"http:\/\/elcensornoticias.com\/index.php?rest_route=%2Fwp%2Fv2%2Ftags&post=43001"}],"curies":[{"name":"wp","href":"https:\/\/api.w.org\/{rel}","templated":true}]}}