{"id":42985,"date":"2024-07-16T19:51:32","date_gmt":"2024-07-16T19:51:32","guid":{"rendered":"http:\/\/elcensornoticias.com\/?p=42985"},"modified":"2024-07-16T19:51:38","modified_gmt":"2024-07-16T19:51:38","slug":"taller-de-musica-letras-fluidas-agua-conciencia-y-rap","status":"publish","type":"post","link":"http:\/\/elcensornoticias.com\/?p=42985","title":{"rendered":"\u00a0Taller de m\u00fasica \u201cLetras Fluidas: Agua, conciencia y Rap\u201d"},"content":{"rendered":"\n<ul class=\"wp-block-list\">\n<li><strong>Se llevar\u00e1 a cabo de lunes a viernes, del 22 al 26 de julio de 2024, en un horario de 12:00 a 14:00 h, en el Palacio de Cultura de Tlaxcala<\/strong><\/li>\n<\/ul>\n\n\n\n<p>La Secretar\u00eda de Cultura de Gobierno de M\u00e9xico, a trav\u00e9s de La Colmena: Centro de Tecnolog\u00edas Creativas Grace Quintanilla, invita a ni\u00f1as, ni\u00f1os y j\u00f3venes de 9 a 15 a\u00f1os a participar en el taller \u201cLetras Fluidas: Agua, conciencia y Rap\u201d, un espacio para aprender los principios b\u00e1sicos de la composici\u00f3n y creaci\u00f3n de rimas con ritmos de rap, que busca concientizar sobre la importancia del agua.<\/p>\n\n\n\n<p>El taller, que forma parte de las actividades de verano, tiene como objetivo que las y los asistentes puedan componer sus propios versos y rimas, aprender y divertirse con \u201cbits\u201d y m\u00fasica que se crear\u00e1 a partir de sonidos de la basura, al mismo tiempo que reflexionan sobre el impacto de la contaminaci\u00f3n del agua en la cuenca Atoyac &#8211; Zahuapan, que es el principal afluente que atraviesa y forma parte de la identidad del estado de Tlaxcala.<\/p>\n\n\n\n<p>\u201cLetras Fluidas\u201d ser\u00e1 impartido por la artista visual, poeta y compositora Carmen \u201cMaga\u201d Alvarado, qui\u00e9n es una destaca muralista y creadora independiente tlaxcalteca cuyo trabajo musical y art\u00edstico est\u00e1 enfocado a la conciencia social.<\/p>\n\n\n\n<p>Este taller se llevar\u00e1 de lunes a viernes, del 22 al 26 de julio de 2024, en un horario de 12:00 a 14:00 h, en La Colmena, ubicada al interior del Palacio de Cultura de Tlaxcala, sede de la Secretar\u00eda de Cultura federal, que se encuentra en Av. Ju\u00e1rez 62, Col. Centro, Tlaxcala.<\/p>\n\n\n\n<p>\u201cLetras Fluidas: Agua, conciencia y Rap\u201d al igual que el resto de los talleres y actividades de La Colmena y el Palacio de Cultura son gratuitos y se pueden consultar a trav\u00e9s de las redes (@LaColmentaTLX) o las p\u00e1ginas\u00a0<em>web<\/em>\u00a0centroculturadigital.mx y mexicoescultura.com.<\/p>\n","protected":false},"excerpt":{"rendered":"<p>La Secretar\u00eda de Cultura de Gobierno de M\u00e9xico, a trav\u00e9s de La Colmena: Centro de Tecnolog\u00edas Creativas Grace Quintanilla, invita a ni\u00f1as, ni\u00f1os y j\u00f3venes de 9 a 15 a\u00f1os a participar en el taller \u201cLetras Fluidas: Agua, conciencia y Rap\u201d, un espacio para aprender los principios b\u00e1sicos de la composici\u00f3n y creaci\u00f3n de rimas [&hellip;]<\/p>\n","protected":false},"author":1,"featured_media":42986,"comment_status":"open","ping_status":"open","sticky":false,"template":"","format":"standard","meta":{"advanced_seo_description":"","jetpack_seo_html_title":"","jetpack_seo_noindex":false,"footnotes":"","jetpack_publicize_message":"","jetpack_is_tweetstorm":false,"jetpack_publicize_feature_enabled":true,"jetpack_social_post_already_shared":true,"jetpack_social_options":{"image_generator_settings":{"template":"highway","enabled":false}}},"categories":[26,4],"tags":[],"class_list":["post-42985","post","type-post","status-publish","format-standard","has-post-thumbnail","hentry","category-cultura","category-noticias"],"jetpack_publicize_connections":[],"jetpack_featured_media_url":"http:\/\/elcensornoticias.com\/wp-content\/uploads\/2024\/07\/original-06877E5B-6148-4941-BD02-8C075130C291.png","jetpack_likes_enabled":true,"jetpack_sharing_enabled":true,"jetpack_shortlink":"https:\/\/wp.me\/p6xy50-bbj","_links":{"self":[{"href":"http:\/\/elcensornoticias.com\/index.php?rest_route=\/wp\/v2\/posts\/42985","targetHints":{"allow":["GET"]}}],"collection":[{"href":"http:\/\/elcensornoticias.com\/index.php?rest_route=\/wp\/v2\/posts"}],"about":[{"href":"http:\/\/elcensornoticias.com\/index.php?rest_route=\/wp\/v2\/types\/post"}],"author":[{"embeddable":true,"href":"http:\/\/elcensornoticias.com\/index.php?rest_route=\/wp\/v2\/users\/1"}],"replies":[{"embeddable":true,"href":"http:\/\/elcensornoticias.com\/index.php?rest_route=%2Fwp%2Fv2%2Fcomments&post=42985"}],"version-history":[{"count":1,"href":"http:\/\/elcensornoticias.com\/index.php?rest_route=\/wp\/v2\/posts\/42985\/revisions"}],"predecessor-version":[{"id":42987,"href":"http:\/\/elcensornoticias.com\/index.php?rest_route=\/wp\/v2\/posts\/42985\/revisions\/42987"}],"wp:featuredmedia":[{"embeddable":true,"href":"http:\/\/elcensornoticias.com\/index.php?rest_route=\/wp\/v2\/media\/42986"}],"wp:attachment":[{"href":"http:\/\/elcensornoticias.com\/index.php?rest_route=%2Fwp%2Fv2%2Fmedia&parent=42985"}],"wp:term":[{"taxonomy":"category","embeddable":true,"href":"http:\/\/elcensornoticias.com\/index.php?rest_route=%2Fwp%2Fv2%2Fcategories&post=42985"},{"taxonomy":"post_tag","embeddable":true,"href":"http:\/\/elcensornoticias.com\/index.php?rest_route=%2Fwp%2Fv2%2Ftags&post=42985"}],"curies":[{"name":"wp","href":"https:\/\/api.w.org\/{rel}","templated":true}]}}