{"id":42982,"date":"2024-07-16T19:44:52","date_gmt":"2024-07-16T19:44:52","guid":{"rendered":"http:\/\/elcensornoticias.com\/?p=42982"},"modified":"2024-07-16T19:44:53","modified_gmt":"2024-07-16T19:44:53","slug":"trabajan-en-la-mejora-del-servicio-de-transporte-publico","status":"publish","type":"post","link":"http:\/\/elcensornoticias.com\/?p=42982","title":{"rendered":"TRABAJAN EN LA MEJORA DEL SERVICIO DE TRANSPORTE P\u00daBLICO"},"content":{"rendered":"\n<p>Acuerdan implementar estrategias de coordinaci\u00f3n entre la federaci\u00f3n y la entidad para lograr un servicio eficiente y seguro para la ciudadan\u00eda tlaxcalteca_&nbsp;<\/p>\n\n\n\n<p>A fin de mejorar el servicio de transporte p\u00fablico que circula por las v\u00edas de jurisdicci\u00f3n estatal y federal, la Direcci\u00f3n General de Autotransporte Federal de la Secretar\u00eda de Infraestructura, Comunicaciones y Transportes (SICT) y la Secretar\u00eda de Movilidad y Transporte (SMyT) en la entidad, sostuvieron la tercera mesa de trabajo en la que acordaron implementar estrategias de coordinaci\u00f3n entre la federaci\u00f3n y la entidad para lograr un servicio eficiente y seguro para la ciudadan\u00eda tlaxcalteca.&nbsp;&nbsp;<\/p>\n\n\n\n<p>Lo anterior, dado que la mayor\u00eda de los municipios conurbados colindan y utilizan carreteras federales y estatales, lo que dificulta la planeaci\u00f3n del servicio de transporte p\u00fablico en algunas rutas y complica la mejora de la movilidad de las personas usuarias del transporte p\u00fablico.&nbsp;<\/p>\n\n\n\n<p>En este contexto, se acord\u00f3 trabajar de manera conjunta para brindar una mejor movilidad a trav\u00e9s del servicio de transporte p\u00fablico, adecu\u00e1ndolo a las necesidades actuales de la demanda, as\u00ed como los servicios de arrastre, salvamento y dep\u00f3sito de veh\u00edculos. Tambi\u00e9n, definir el tipo de veh\u00edculo con el que se prestar\u00e1 el servicio p\u00fablico de transporte, ya que el objetivo es contar el veh\u00edculo que cuente con las especificaciones necesarias para prestar un servicio de calidad y competitivo, propiciando una sana competencia.&nbsp;<\/p>\n\n\n\n<p>Entre los acuerdos tomados por las autoridades estatales y federales, se encuentran el firmar un acuerdo macro entre el gobierno estatal y la federaci\u00f3n, para contar con un transporte p\u00fablico armonizado, ordenado y sustentable en cumplimiento a lo estipulado en la Ley de Movilidad y Seguridad Vial y la Pol\u00edtica Nacional de Transporte P\u00fablico Colectivo y Urbano, aprobada recientemente por la Secretar\u00eda de Desarrollo Agrario, Territorial y Urbano (Sedatu), as\u00ed como el fomento a la seguridad vial y disminuci\u00f3n de la siniestralidad en las v\u00edas de comunicaci\u00f3n.&nbsp;<\/p>\n\n\n\n<p>En el encuentro celebrado en las instalaciones de la SMyT, las autoridades acordaron la instalaci\u00f3n de dos mesas de trabajo, una de tipo t\u00e9cnico y otra de tipo jur\u00eddico, para abordar lo relativo a la normatividad y lineamientos generales en la prestaci\u00f3n del servicio de transporte p\u00fablico, y otra que atienda temas de urbanismo e infraestructura vial, ambas, con la finalidad de mejorar los servicios en todas las rutas del estado, atendiendo&nbsp; las necesidades de movilidad de las personas usuarias&nbsp; del transporte p\u00fablico.&nbsp;<\/p>\n\n\n\n<p>En dicho encuentro estuvieron presentes El\u00edas Araujo Arcos, director ejecutivo de la Subsecretar\u00eda de Transporte de la SICT; Jorge S\u00e1nchez N\u00fa\u00f1ez, director ejecutivo de Normatividad de Permisos de Autotransporte federal, y Carlos Luis Ram\u00edrez Garc\u00eda, director general del Centro SICT; por parte de la SMyT estuvieron presentes Marco Tulio Munive Temoltzin, secretario de Movilidad y Transporte; Ren\u00e9 P\u00e9rez B\u00e1ez, director de Transportes, y Alfonso Dom\u00ednguez Rodr\u00edguez, director de Comunicaciones.<\/p>\n","protected":false},"excerpt":{"rendered":"<p>Acuerdan implementar estrategias de coordinaci\u00f3n entre la federaci\u00f3n y la entidad para lograr un servicio eficiente y seguro para la ciudadan\u00eda tlaxcalteca_&nbsp; A fin de mejorar el servicio de transporte p\u00fablico que circula por las v\u00edas de jurisdicci\u00f3n estatal y federal, la Direcci\u00f3n General de Autotransporte Federal de la Secretar\u00eda de Infraestructura, Comunicaciones y Transportes [&hellip;]<\/p>\n","protected":false},"author":1,"featured_media":42983,"comment_status":"open","ping_status":"open","sticky":false,"template":"","format":"standard","meta":{"advanced_seo_description":"","jetpack_seo_html_title":"","jetpack_seo_noindex":false,"footnotes":"","jetpack_publicize_message":"","jetpack_is_tweetstorm":false,"jetpack_publicize_feature_enabled":true,"jetpack_social_post_already_shared":true,"jetpack_social_options":{"image_generator_settings":{"template":"highway","enabled":false}}},"categories":[5,3],"tags":[],"class_list":["post-42982","post","type-post","status-publish","format-standard","has-post-thumbnail","hentry","category-carrucel","category-gobierno"],"jetpack_publicize_connections":[],"jetpack_featured_media_url":"http:\/\/elcensornoticias.com\/wp-content\/uploads\/2024\/07\/IMG-20240716-WA0003.jpg","jetpack_likes_enabled":true,"jetpack_sharing_enabled":true,"jetpack_shortlink":"https:\/\/wp.me\/p6xy50-bbg","_links":{"self":[{"href":"http:\/\/elcensornoticias.com\/index.php?rest_route=\/wp\/v2\/posts\/42982","targetHints":{"allow":["GET"]}}],"collection":[{"href":"http:\/\/elcensornoticias.com\/index.php?rest_route=\/wp\/v2\/posts"}],"about":[{"href":"http:\/\/elcensornoticias.com\/index.php?rest_route=\/wp\/v2\/types\/post"}],"author":[{"embeddable":true,"href":"http:\/\/elcensornoticias.com\/index.php?rest_route=\/wp\/v2\/users\/1"}],"replies":[{"embeddable":true,"href":"http:\/\/elcensornoticias.com\/index.php?rest_route=%2Fwp%2Fv2%2Fcomments&post=42982"}],"version-history":[{"count":1,"href":"http:\/\/elcensornoticias.com\/index.php?rest_route=\/wp\/v2\/posts\/42982\/revisions"}],"predecessor-version":[{"id":42984,"href":"http:\/\/elcensornoticias.com\/index.php?rest_route=\/wp\/v2\/posts\/42982\/revisions\/42984"}],"wp:featuredmedia":[{"embeddable":true,"href":"http:\/\/elcensornoticias.com\/index.php?rest_route=\/wp\/v2\/media\/42983"}],"wp:attachment":[{"href":"http:\/\/elcensornoticias.com\/index.php?rest_route=%2Fwp%2Fv2%2Fmedia&parent=42982"}],"wp:term":[{"taxonomy":"category","embeddable":true,"href":"http:\/\/elcensornoticias.com\/index.php?rest_route=%2Fwp%2Fv2%2Fcategories&post=42982"},{"taxonomy":"post_tag","embeddable":true,"href":"http:\/\/elcensornoticias.com\/index.php?rest_route=%2Fwp%2Fv2%2Ftags&post=42982"}],"curies":[{"name":"wp","href":"https:\/\/api.w.org\/{rel}","templated":true}]}}