{"id":42973,"date":"2024-07-16T19:29:07","date_gmt":"2024-07-16T19:29:07","guid":{"rendered":"http:\/\/elcensornoticias.com\/?p=42973"},"modified":"2024-07-16T19:29:08","modified_gmt":"2024-07-16T19:29:08","slug":"ganadores-de-la-convocatoria-emprendimientos-culturales-colectivos","status":"publish","type":"post","link":"http:\/\/elcensornoticias.com\/?p=42973","title":{"rendered":"Ganadores de la Convocatoria Emprendimientos culturales colectivos"},"content":{"rendered":"\n<ul class=\"wp-block-list\">\n<li><strong>La Secretar\u00eda de Cultura del Gobierno de M\u00e9xico y el Instituto Nacional de la Econom\u00eda Social (Inaes) anuncian a los proyectos elegidos para esta segunda edici\u00f3n<\/strong><\/li>\n\n\n\n<li><strong>De las 62 propuestas recibidas, 52 cumplieron con la revisi\u00f3n documental y lograron pasar a la fase de dictaminaci\u00f3n<\/strong><\/li>\n\n\n\n<li><strong>Los proyectos fueron elegidos por el Comit\u00e9 de Selecci\u00f3n conformado por especialistas provienen de Chihuahua, Estado de M\u00e9xico, Jalisco y Yucat\u00e1n<\/strong><\/li>\n<\/ul>\n\n\n\n<p>La Secretar\u00eda de Cultura del Gobierno de M\u00e9xico y el Instituto Nacional de la Econom\u00eda Social (Inaes), a trav\u00e9s del Laboratorio de Cocreaci\u00f3n Sociocultural en Los Pinos, presentan los resultados de la convocatoria Emprendimientos culturales colectivos. Residencia creativa en el Complejo Cultural Los Pinos 2024, la cual tiene el objetivo de detonar acciones que promuevan el desarrollo y fortalecimiento de emprendimientos culturales colectivos.<\/p>\n\n\n\n<p>La convocatoria, que abri\u00f3 el 22 de mayo de 2024, invit\u00f3 a participar a grupos que desearan emprender en colectivo, un negocio o empresa en alguna actividad cultural bajo los principios y valores de la&nbsp;<strong>econom\u00eda social<\/strong>.<\/p>\n\n\n\n<p>Bajo esa premisa, se recibieron 62 proyectos, de los cuales 52 cumplieron con la revisi\u00f3n documental y pasaron a la fase de dictaminaci\u00f3n, provenientes de&nbsp;<strong>20 entidades del pa\u00eds<\/strong>: Aguascalientes, Baja California, Campeche, Chiapas, Chihuahua, Ciudad de M\u00e9xico, Coahuila, Estado de M\u00e9xico, Guanajuato, Hidalgo, Jalisco, Morelos, Quer\u00e9taro, Quintana Roo, Sinaloa, Sonora, Tabasco, Tlaxcala, Veracruz y Yucat\u00e1n.<\/p>\n\n\n\n<p>Los proyectos fueron dictaminados por un Comit\u00e9 de Selecci\u00f3n integrado por siete especialistas de reconocida trayectoria quienes evaluaron propuestas de disciplinas como: artes esc\u00e9nicas, artesan\u00edas, cine, cultura alimentaria, danza, editorial, festivales, fotograf\u00eda, medicina tradicional, medio ambiente, m\u00fasica, patrimonio, textil y turismo comunitario, entre otras.<\/p>\n\n\n\n<p>Los proyectos ganadores son los siguientes:<\/p>\n\n\n\n<p>\u00b7&nbsp; &nbsp;&nbsp;&nbsp;&nbsp;&nbsp;&nbsp;&nbsp;<em>Zona Norte&nbsp;<\/em>&#8211; Chihuahua.&nbsp;<strong>\u201cNortejiendo\u201d,<\/strong>&nbsp;disciplina: Artes visuales y medios audiovisuales, titular: Natalia Barrag\u00e1n Orozco.<\/p>\n\n\n\n<p>\u00b7&nbsp; &nbsp;&nbsp;&nbsp;&nbsp;&nbsp;&nbsp;&nbsp;<em>Zona Sur<\/em>&nbsp;&#8211; Yucat\u00e1n.&nbsp;<strong>\u201cProducci\u00f3n Colectiva\u201d,<\/strong>&nbsp;disciplina: Arquitectura, titular: Karim Gibr\u00e1n Gonz\u00e1lez Ruiz.&nbsp;&nbsp;&nbsp;&nbsp;<\/p>\n\n\n\n<p>\u00b7&nbsp; &nbsp;&nbsp;&nbsp;&nbsp;&nbsp;&nbsp;&nbsp;<em>Zona Centro Occidente &#8211;&nbsp;<\/em>Jalisco.&nbsp;<strong>\u201cZona Creativa\u201d,&nbsp;<\/strong>disciplina: M\u00fasica, danza, letras y teatro, titular:&nbsp; Josefina Victoria Villalobos Santana&nbsp;<\/p>\n\n\n\n<p>\u00b7&nbsp; &nbsp;&nbsp;&nbsp;&nbsp;&nbsp;&nbsp;&nbsp;<em>Zona Centro \u2013&nbsp;<\/em>Estado de M\u00e9xico.&nbsp;<strong>\u201cDIME DI \u2013 Pabell\u00f3n: corredor de memorias corporales\u201d<\/strong>, disciplina: Arquitectura, dise\u00f1o industrial, titular: Sof\u00eda Mendoza Iturbide.<\/p>\n\n\n\n<p>Estos proyectos realizar\u00e1n una&nbsp;<strong>residencia del 28 de julio al 04 de agosto de 2024<\/strong>&nbsp;en el Complejo Cultural Los Pinos, en Ciudad de M\u00e9xico, tiempo durante el cual formar\u00e1n parte de un proceso de incubaci\u00f3n sobre el emprendimiento cultural colectivo con la finalidad de definir su modelo de negocio a partir de un trabajo inmersivo de innovaci\u00f3n.<\/p>\n\n\n\n<p>De acuerdo con las bases de participaci\u00f3n, adem\u00e1s del acompa\u00f1amiento especializado de manera presencial, la Secretar\u00eda de Cultura federal otorgar\u00e1 traslado desde sus lugares de origen, alojamiento y alimentaci\u00f3n.<\/p>\n","protected":false},"excerpt":{"rendered":"<p>La Secretar\u00eda de Cultura del Gobierno de M\u00e9xico y el Instituto Nacional de la Econom\u00eda Social (Inaes), a trav\u00e9s del Laboratorio de Cocreaci\u00f3n Sociocultural en Los Pinos, presentan los resultados de la convocatoria Emprendimientos culturales colectivos. Residencia creativa en el Complejo Cultural Los Pinos 2024, la cual tiene el objetivo de detonar acciones que promuevan [&hellip;]<\/p>\n","protected":false},"author":1,"featured_media":42974,"comment_status":"open","ping_status":"open","sticky":false,"template":"","format":"standard","meta":{"advanced_seo_description":"","jetpack_seo_html_title":"","jetpack_seo_noindex":false,"footnotes":"","jetpack_publicize_message":"","jetpack_is_tweetstorm":false,"jetpack_publicize_feature_enabled":true,"jetpack_social_post_already_shared":true,"jetpack_social_options":{"image_generator_settings":{"template":"highway","enabled":false}}},"categories":[26,4],"tags":[],"class_list":["post-42973","post","type-post","status-publish","format-standard","has-post-thumbnail","hentry","category-cultura","category-noticias"],"jetpack_publicize_connections":[],"jetpack_featured_media_url":"http:\/\/elcensornoticias.com\/wp-content\/uploads\/2024\/07\/original-56CBDAB6-C615-4EC7-BF4B-0B6DA36B404D.jpeg","jetpack_likes_enabled":true,"jetpack_sharing_enabled":true,"jetpack_shortlink":"https:\/\/wp.me\/p6xy50-bb7","_links":{"self":[{"href":"http:\/\/elcensornoticias.com\/index.php?rest_route=\/wp\/v2\/posts\/42973","targetHints":{"allow":["GET"]}}],"collection":[{"href":"http:\/\/elcensornoticias.com\/index.php?rest_route=\/wp\/v2\/posts"}],"about":[{"href":"http:\/\/elcensornoticias.com\/index.php?rest_route=\/wp\/v2\/types\/post"}],"author":[{"embeddable":true,"href":"http:\/\/elcensornoticias.com\/index.php?rest_route=\/wp\/v2\/users\/1"}],"replies":[{"embeddable":true,"href":"http:\/\/elcensornoticias.com\/index.php?rest_route=%2Fwp%2Fv2%2Fcomments&post=42973"}],"version-history":[{"count":1,"href":"http:\/\/elcensornoticias.com\/index.php?rest_route=\/wp\/v2\/posts\/42973\/revisions"}],"predecessor-version":[{"id":42975,"href":"http:\/\/elcensornoticias.com\/index.php?rest_route=\/wp\/v2\/posts\/42973\/revisions\/42975"}],"wp:featuredmedia":[{"embeddable":true,"href":"http:\/\/elcensornoticias.com\/index.php?rest_route=\/wp\/v2\/media\/42974"}],"wp:attachment":[{"href":"http:\/\/elcensornoticias.com\/index.php?rest_route=%2Fwp%2Fv2%2Fmedia&parent=42973"}],"wp:term":[{"taxonomy":"category","embeddable":true,"href":"http:\/\/elcensornoticias.com\/index.php?rest_route=%2Fwp%2Fv2%2Fcategories&post=42973"},{"taxonomy":"post_tag","embeddable":true,"href":"http:\/\/elcensornoticias.com\/index.php?rest_route=%2Fwp%2Fv2%2Ftags&post=42973"}],"curies":[{"name":"wp","href":"https:\/\/api.w.org\/{rel}","templated":true}]}}