{"id":42954,"date":"2024-07-15T18:19:52","date_gmt":"2024-07-15T18:19:52","guid":{"rendered":"http:\/\/elcensornoticias.com\/?p=42954"},"modified":"2024-07-15T18:19:59","modified_gmt":"2024-07-15T18:19:59","slug":"el-cecapdif-transforma-vidas","status":"publish","type":"post","link":"http:\/\/elcensornoticias.com\/?p=42954","title":{"rendered":"EL CECAPDIF TRANSFORMA VIDAS"},"content":{"rendered":"\n<p>Es una herramienta integral para encontrar un nuevo camino, ya sea un trabajo, autoempleo, recreaci\u00f3n o alcanzar sue\u00f1os y metas_<\/p>\n\n\n\n<p>Una llamada, una persona, un lugar, una enfermedad; la vida est\u00e1 llena de vivencias que transforman nuestra existencia desde el momento en el que nos conciben y hasta el momento en que fenecemos. Algunos cambios son positivos, otros negativos, pero no se trata de lo que la vida hace con nosotros, sino de lo que nosotros hacemos con la vida y de lo que \u00e9sta nos da.<\/p>\n\n\n\n<p>Y un claro ejemplo de ello es Luis Alberto D\u00edaz Su\u00e1rez, de 35 a\u00f1os, quien radica en Teolocholco y presenta p\u00e9rdida de la vista desde hace 20 a\u00f1os debido a una enfermedad cr\u00f3nico-degenerativa; sin embargo, esa discapacidad adquirida no lo ha detenido en la b\u00fasqueda de aprender un oficio que lo ayude a generar un ingreso para su familia.<\/p>\n\n\n\n<p>Otro ejemplo de perseverancia es Josefa Nezahualc\u00f3yotl Acoltzi, quien, a sus 62 a\u00f1os, decidi\u00f3 poner en marcha su gran sue\u00f1o de la ni\u00f1ez: aprender carpinter\u00eda, lo que le ha generado una doble satisfacci\u00f3n, pues, por un lado, ha cumplido una meta, y por otro, se mantiene activa y ocupada en una etapa dif\u00edcil de vida.&nbsp; &nbsp; &nbsp; &nbsp;&nbsp;<\/p>\n\n\n\n<p>Ambas personas han&nbsp; conseguido resultados relevantes al aprovechar los talleres t\u00e9cnicos que ofrece el gobierno del estado, encabezado por Lorena Cu\u00e9llar Cisneros, a trav\u00e9s del Sistema Estatal para el Desarrollo Integral de la Familia (Sedif), que preside de manera honor\u00edfica Mariana Espinosa de los Monteros Cu\u00e9llar, a trav\u00e9s del Centro de Capacitaci\u00f3n para Personas con Discapacidad (Cecapdif).<\/p>\n\n\n\n<p>*Hablemos de Discapacidad*<\/p>\n\n\n\n<p>La Organizaci\u00f3n Mundial de la Salud (OMS) define a la discapacidad como cualquier restricci\u00f3n o impedimento de la capacidad de realizar una actividad en la forma o dentro del margen que se considera normal para el ser humano y se caracteriza por limitaciones para el desempe\u00f1o de una actividad rutinaria considerada regular, las cuales pueden ser temporales o permanentes.<\/p>\n\n\n\n<p>De acuerdo con los \u00faltimos datos publicados en 2020 por el Instituto Nacional de Estad\u00edstica y Geograf\u00eda (INEGI), en M\u00e9xico hay 20 millones 838 mil 108 personas con alg\u00fan tipo de discapacidad, es decir, 16.5 por ciento de los mexicanos. En Tlaxcala, existen 203 mil 625 personas con discapacidad, con limitaci\u00f3n en la actividad cotidiana o con alg\u00fan problema o condici\u00f3n mental, lo que representa el 15.2 por ciento de la poblaci\u00f3n total.&nbsp;&nbsp;<\/p>\n\n\n\n<p>La discapacidad afecta la forma de vida de toda una familia, pues implica el aumento de gastos y reducci\u00f3n de los ingresos, sobre todo, porque, de manera general, las personas con discapacidad experimentan formas comunes de discriminaci\u00f3n, como un alto nivel de desempleo, prejuicios en cuanto a su productividad y la exclusi\u00f3n del mercado laboral.<\/p>\n\n\n\n<p>Es por ello por lo que, para promover sus derechos y bienestar, las personas con discapacidad requieren distintos tipos de apoyo como lenguaje incluyente, rehabilitaci\u00f3n, ayudas t\u00e9cnicas como dispositivos tecnol\u00f3gicos, y materiales que permitan compensar una o m\u00e1s limitaciones en lo social y\/o lo laboral. Por ello, el Sedif ha implementado acciones que abarcan la mayor ayuda posible, como el Cecapdif.<\/p>\n\n\n\n<p>*\u00bfY qu\u00e9 pasa con las personas de la tercera edad?*<\/p>\n\n\n\n<p>La Organizaci\u00f3n de las Naciones Unidas (ONU) establece la edad de 60 a\u00f1os para considerar que una persona es adulta mayor, aunque en los pa\u00edses desarrollados se considera que la vejez empieza a los 65 a\u00f1os. Y aunque la edad deber\u00eda definir una etapa de la vida, lamentablemente, se considera como se\u00f1al de que ya no se es apto para hacer muchas actividades.<\/p>\n\n\n\n<p>En M\u00e9xico, se considera adulto mayor a una persona que tiene m\u00e1s de 60 a\u00f1os, y a pesar de que se trata de la etapa que suma todas las experiencias de vida y pasa por la mayor\u00eda de las metas familiares, profesionales y sociales, tambi\u00e9n significa m\u00e1s desaf\u00edos, como desigualdades y discriminaci\u00f3n, entre otros.&nbsp;&nbsp;<\/p>\n\n\n\n<p>Estad\u00edsticas oficiales indican que, en nuestro pa\u00eds, hay 15.1 millones de personas de 60 a\u00f1os o m\u00e1s, que representan 12 por ciento de la poblaci\u00f3n total, mientras que en Tlaxcala son 98 mil 229 personas de la tercera edad, es decir, el 8.4 por ciento de los habitantes.<\/p>\n\n\n\n<p>A nivel nacional, se reporta que el 16 por ciento de los adultos mayores sufre de abandono y maltrato, y este escenario empeoran si se considera el desempleo, raz\u00f3n por la cual era necesario crear proyectos como el Cecapdif, para desarrollar conocimientos y habilidades en las personas con menos oportunidades para lograr una inserci\u00f3n laboral digna en alguna empresa o dependencia, o lograr el autoempleo.<\/p>\n\n\n\n<p>*Visibilizar lo invisible*<\/p>\n\n\n\n<p>Aunque vivimos en un mismo mundo, pareciera que est\u00e1 dividido por otros m\u00e1s peque\u00f1os, debido a la desigualdad, el desinter\u00e9s, la apat\u00eda y otros factores que marcan una notable segmentaci\u00f3n de la sociedad y colocan a personas como Luis Alberto o Josefa Nezahualc\u00f3yotl en un grupo \u201cminoritario\u201d que sufre discriminaci\u00f3n y\/o rechazo ante cualquier \u00e1mbito como laboral, deportivo, social y otros.<\/p>\n\n\n\n<p>Y debido a que este desaf\u00edo requiere soluciones urgentes, el Centro de Capacitaci\u00f3n para Personas con Discapacidad, ubicado en la \u201cCiudad de la Inclusi\u00f3n\u201d, ha surgido como un faro de soluci\u00f3n en un panorama desolador para las personas de la tercera edad y con discapacidad.<\/p>\n\n\n\n<p>Con un enfoque en la vinculaci\u00f3n laboral o el autoempleo, el Cecapdif se posiciona como un proyecto esencial para visibilizar estos dos sectores de la poblaci\u00f3n. No es solo un lugar para aprender cosas nuevas: es una herramienta integral para encontrar un nuevo camino, ya sea un trabajo, autoempleo, recreaci\u00f3n o alcanzar sue\u00f1os y metas.<\/p>\n\n\n\n<p>Se trata, pues, de un lugar donde se transforman vidas, donde las personas adultas mayores y con discapacidad dejan de verse como meros objetos de protecci\u00f3n para ser tratados como sujetos de derechos.&nbsp;&nbsp;<\/p>\n\n\n\n<p>*Gobierno humano*<\/p>\n\n\n\n<p>La gobernadora Lorena Cu\u00e9llar Cisneros estableci\u00f3 acciones y proyectos a favor de la inclusi\u00f3n de estos sectores de la poblaci\u00f3n, al aperturar espacios accesibles de trabajo acorde a la ley general de accesibilidad para la inserci\u00f3n laboral, raz\u00f3n por la que la atenci\u00f3n en el Centro de Capacitaci\u00f3n para Personas con Discapacidad coadyuva a mejorar su calidad de vida.<\/p>\n\n\n\n<p>\u201cEstoy sumamente feliz. Yo fui afortunada en la vida al ser maestra de educaci\u00f3n especial de ni\u00f1os sordos, ciegos y fui tambi\u00e9n maestra de capacitaci\u00f3n. Daba talleres de cocina en aquel entonces, y las personas quieren oportunidades laborales, quieren sentirse \u00fatiles, quieren demostrar su capacidad y, hoy, este lugar que se construy\u00f3 para quien lo necesite, es un lugar m\u00e1gico para que puedan encontrar las herramientas, la paciencia, el maestro, el compa\u00f1ero y todo un ambiente hermoso para ellos\u201d, dijo en entrevista la mandataria estatal.<\/p>\n\n\n\n<p>\u201cSi tu cuerpo o edad te limita, no dejes, que tu mente y alma tambi\u00e9n lo hagan\u201d<\/p>\n\n\n\n<p>Las instalaciones cuentan con una tienda DEMO OXXO, un aula de computaci\u00f3n, de lenguaje de se\u00f1as, taller de electricidad, de pintura textil, globoflexia, carpinter\u00eda, panader\u00eda y reposter\u00eda, auditorio inclusivo, cocina completa, consultorio m\u00e9dico, psicol\u00f3gico y fisioterap\u00e9utico, equinoterapia, tienda de souvenirs, \u00e1rea de administraci\u00f3n, \u00e1reas exteriores, estacionamiento y zona de vigilancia.<\/p>\n\n\n\n<p>As\u00ed, el Cecapdif se convierte en una herramienta esencial para demostrar que una limitaci\u00f3n f\u00edsica, mental, intelectual o la edad no es igual a ser inservible, pues aqu\u00ed se aprenden cosas, refuerzan conocimientos y habilidades, se socializa, pero, sobre todo, se transforman vidas.<\/p>\n","protected":false},"excerpt":{"rendered":"<p>Es una herramienta integral para encontrar un nuevo camino, ya sea un trabajo, autoempleo, recreaci\u00f3n o alcanzar sue\u00f1os y metas_ Una llamada, una persona, un lugar, una enfermedad; la vida est\u00e1 llena de vivencias que transforman nuestra existencia desde el momento en el que nos conciben y hasta el momento en que fenecemos. Algunos cambios [&hellip;]<\/p>\n","protected":false},"author":1,"featured_media":42955,"comment_status":"open","ping_status":"open","sticky":false,"template":"","format":"standard","meta":{"advanced_seo_description":"","jetpack_seo_html_title":"","jetpack_seo_noindex":false,"footnotes":"","jetpack_publicize_message":"","jetpack_is_tweetstorm":false,"jetpack_publicize_feature_enabled":true,"jetpack_social_post_already_shared":true,"jetpack_social_options":{"image_generator_settings":{"template":"highway","enabled":false}}},"categories":[5,3],"tags":[],"class_list":["post-42954","post","type-post","status-publish","format-standard","has-post-thumbnail","hentry","category-carrucel","category-gobierno"],"jetpack_publicize_connections":[],"jetpack_featured_media_url":"http:\/\/elcensornoticias.com\/wp-content\/uploads\/2024\/07\/IMG-20240715-WA0010.jpg","jetpack_likes_enabled":true,"jetpack_sharing_enabled":true,"jetpack_shortlink":"https:\/\/wp.me\/p6xy50-baO","_links":{"self":[{"href":"http:\/\/elcensornoticias.com\/index.php?rest_route=\/wp\/v2\/posts\/42954","targetHints":{"allow":["GET"]}}],"collection":[{"href":"http:\/\/elcensornoticias.com\/index.php?rest_route=\/wp\/v2\/posts"}],"about":[{"href":"http:\/\/elcensornoticias.com\/index.php?rest_route=\/wp\/v2\/types\/post"}],"author":[{"embeddable":true,"href":"http:\/\/elcensornoticias.com\/index.php?rest_route=\/wp\/v2\/users\/1"}],"replies":[{"embeddable":true,"href":"http:\/\/elcensornoticias.com\/index.php?rest_route=%2Fwp%2Fv2%2Fcomments&post=42954"}],"version-history":[{"count":1,"href":"http:\/\/elcensornoticias.com\/index.php?rest_route=\/wp\/v2\/posts\/42954\/revisions"}],"predecessor-version":[{"id":42956,"href":"http:\/\/elcensornoticias.com\/index.php?rest_route=\/wp\/v2\/posts\/42954\/revisions\/42956"}],"wp:featuredmedia":[{"embeddable":true,"href":"http:\/\/elcensornoticias.com\/index.php?rest_route=\/wp\/v2\/media\/42955"}],"wp:attachment":[{"href":"http:\/\/elcensornoticias.com\/index.php?rest_route=%2Fwp%2Fv2%2Fmedia&parent=42954"}],"wp:term":[{"taxonomy":"category","embeddable":true,"href":"http:\/\/elcensornoticias.com\/index.php?rest_route=%2Fwp%2Fv2%2Fcategories&post=42954"},{"taxonomy":"post_tag","embeddable":true,"href":"http:\/\/elcensornoticias.com\/index.php?rest_route=%2Fwp%2Fv2%2Ftags&post=42954"}],"curies":[{"name":"wp","href":"https:\/\/api.w.org\/{rel}","templated":true}]}}