{"id":42943,"date":"2024-07-15T18:10:04","date_gmt":"2024-07-15T18:10:04","guid":{"rendered":"http:\/\/elcensornoticias.com\/?p=42943"},"modified":"2024-07-15T18:12:20","modified_gmt":"2024-07-15T18:12:20","slug":"coinciden-amlo-y-sheinbaum-en-el-liderazgo-de-la-gobernadora-de-tlaxcala","status":"publish","type":"post","link":"http:\/\/elcensornoticias.com\/?p=42943","title":{"rendered":"COINCIDEN AMLO Y SHEINBAUM EN EL LIDERAZGO DE LA GOBERNADORA DE TLAXCALA"},"content":{"rendered":"\n<p>Encabezan evaluaci\u00f3n de programas y proyectos de educaci\u00f3n en Yauhquemehcan en medio de alegr\u00eda, porras y muestras de agradecimiento_&nbsp;<\/p>\n\n\n\n<p>Durante la presentaci\u00f3n de la evaluaci\u00f3n de programas y proyectos de educaci\u00f3n, la cual estuvo llena de emociones por parte de las autoridades y de tlaxcaltecas, el presidente de la Rep\u00fablica, Andr\u00e9s Manuel L\u00f3pez Obrador, y la presidenta electa, Claudia Sheinbaum Pardo, reconocieron el liderazgo de la gobernadora Lorena Cu\u00e9llar Cisneros.\u00a0<\/p>\n\n\n\n<figure class=\"wp-block-image size-large is-resized\"><img loading=\"lazy\" decoding=\"async\" src=\"http:\/\/elcensornoticias.com\/wp-content\/uploads\/2024\/07\/Screenshot_20240714_175841-750x1024.jpg\" alt=\"\" class=\"wp-image-42947\" width=\"409\" height=\"559\" srcset=\"http:\/\/elcensornoticias.com\/wp-content\/uploads\/2024\/07\/Screenshot_20240714_175841-750x1024.jpg 750w, http:\/\/elcensornoticias.com\/wp-content\/uploads\/2024\/07\/Screenshot_20240714_175841-220x300.jpg 220w, http:\/\/elcensornoticias.com\/wp-content\/uploads\/2024\/07\/Screenshot_20240714_175841-768x1048.jpg 768w, http:\/\/elcensornoticias.com\/wp-content\/uploads\/2024\/07\/Screenshot_20240714_175841.jpg 1080w\" sizes=\"auto, (max-width: 409px) 100vw, 409px\" \/><\/figure>\n\n\n\n<p>Entre muestras de apoyo que brindaron los tlaxcaltecas asistentes al jefe del Ejecutivo federal y ante una evidente emoci\u00f3n por parte de la gobernadora, L\u00f3pez Obrador asegur\u00f3 que M\u00e9xico vive un momento estelar al tener por primera vez, tras 500 a\u00f1os de historia a una mujer al frente del pa\u00eds, quien representa el segundo piso de la transformaci\u00f3n y asegur\u00f3 que de la mano con \u201cuna gobernadora extraordinaria\u201d Lorena Cu\u00e9llar, Tlaxcala tambi\u00e9n ser\u00e1 parte de la transformaci\u00f3n.&nbsp; &nbsp; &nbsp;<\/p>\n\n\n\n<p>Record\u00f3 que en su camino pol\u00edtico ha recorrido los 60 municipios del territorio tlaxcalteca, \u201cyo tengo bellas historias de Tlaxcala, visite todos los municipios, los conozco y siempre he admirado al pueblo de Tlaxcala y estoy muy agradecido, fui tres veces candidato a la presidencia y las tres veces ganamos aqu\u00ed en Tlaxcala, es un pueblo bueno y trabajador\u201d. Situaci\u00f3n en la que coincide con Cu\u00e9llar Cisneros, quien tambi\u00e9n ha recorrido cada rinc\u00f3n de la entidad para escuchar a la poblaci\u00f3n.&nbsp;<\/p>\n\n\n\n<p>Con el tradicional grito de presidente, presidente, presidente, AMLO agradeci\u00f3 al pueblo tlaxcalteca por continuar con la transformaci\u00f3n con la pr\u00f3xima presidenta y dijo sentirse contento por su pr\u00f3xima jubilaci\u00f3n, \u201cya cumpl\u00ed con mi ciclo, llevo muchos a\u00f1os luchando, pero, me voy muy contento porque tambi\u00e9n tengo la convicci\u00f3n de no reelecci\u00f3n, pues eso solo es un invento de los ambiciosos de poder que creen que son indispensables, el que garantiza que las cosas funcionen bien en M\u00e9xico, es el pueblo\u201d.<\/p>\n\n\n\n<p>En su intervenci\u00f3n, la mandataria estatal Lorena Cu\u00e9llar agradeci\u00f3 la presencia y apoyo que ha brindado el presidente de M\u00e9xico al estado, pues se\u00f1al\u00f3 que la educaci\u00f3n gratuita se ha convertido en el motor de la transformaci\u00f3n y la justicia social para miles de familias tlaxcaltecas y mexicanas, durante este sexenio.<\/p>\n\n\n\n<p>Inform\u00f3 que en Tlaxcala se han construido cinco nuevas universidades gratuitas, se encuentra en proceso la construcci\u00f3n de la nueva sede del Instituto Polit\u00e9cnico Nacional (IPN), se han realizado inversiones hist\u00f3ricas en construcci\u00f3n de nuevos edificios educativos en el nivel superior y se implementaron tres nuevas licenciaturas, avaladas por el Instituto Nacional de Bellas Artes.<\/p>\n\n\n\n<p>Cu\u00e9llar Cisneros agreg\u00f3 que \u201chicimos justicia a 2 mil 800 j\u00f3venes de las comunidades m\u00e1s vulnerables que enfrentaron durante 20 a\u00f1os, la incertidumbre acad\u00e9mica de sus estudios del nivel medio superior; en el 2023, encontraron respuestas en nuestro gobierno y con ello, regularizamos esta situaci\u00f3n creando 20 nuevos bachilleratos en el estado\u201d.<\/p>\n\n\n\n<p>Tambi\u00e9n destac\u00f3 la rehabilitaci\u00f3n de mil 66 escuelas, la construcci\u00f3n de siete nuevas escuelas que ten\u00edan condiciones precarias de infraestructura y que llevaban esperando m\u00e1s de 12 a\u00f1os en ser atendidas y el fortalecimiento del programa la \u201cEscuela es Nuestra\u201d, con recursos estatales adicionales para cubrir las necesidades de la totalidad de las instituciones de educaci\u00f3n b\u00e1sica.<\/p>\n\n\n\n<p>Durante el acto protocolario, j\u00f3venes estudiantes del Bachillerato Tecnol\u00f3gico de Educaci\u00f3n y Promoci\u00f3n Deportiva (BTED), aplaudieron a Cu\u00e9llar Cisneros cuando se\u00f1al\u00f3 que el deporte y la educaci\u00f3n son dos elementos estrechamente relacionados, por ello, su gobierno, ha apostado por el impulso deportivo no s\u00f3lo como la llave para incentivar la proyecci\u00f3n tur\u00edstica y el desarrollo econ\u00f3mico, sino tambi\u00e9n como una f\u00f3rmula que acompa\u00f1a el fortalecimiento de los valores, de la salud y el bienestar.<\/p>\n\n\n\n<p>Finaliz\u00f3 su mensaje al referir que, la visi\u00f3n del presidente de M\u00e9xico de una educaci\u00f3n al servicio del pueblo \u201ces un faro que gu\u00eda nuestro camino, estamos convencidos de que un ni\u00f1o, un joven con educaci\u00f3n, es una promesa de un M\u00e9xico y un Tlaxcala con mejor futuro; nuestro presidente nos ha ense\u00f1ado que hay algo en cada uno de nosotros superior a cualquier obst\u00e1culo: me refiero a la revoluci\u00f3n de las conciencias\u201d.<\/p>\n\n\n\n<p>En medio de un ambiente de suma alegr\u00eda y ante un grito de \u201cTe amo Claudia\u201d, la presidenta de la Rep\u00fablica electa, Sheinbaum Pardo respondi\u00f3: -Yo tambi\u00e9n-, al tiempo que afirm\u00f3 que habr\u00e1 continuidad con los proyectos y programas impulsados por L\u00f3pez Obrador a fin de transformar la vida de los mexicanos y generar bienestar, \u201cvamos a continuar con esa revoluci\u00f3n pac\u00edfica\u201d.&nbsp;&nbsp;<\/p>\n\n\n\n<p>Consider\u00f3 que el proceso de transici\u00f3n es \u00fanico porque nunca antes en la historia de M\u00e9xico hab\u00eda pasado que el presidente saliente acompa\u00f1ara a quien entra para informarle en territorio de los avances logrados en obras y acciones, y eso habla de la generosidad del presidente.<\/p>\n\n\n\n<p>La presidenta electa adelant\u00f3 que se crear\u00e1n dos programas nuevos a favor de mujeres de m\u00e1s de 60 a\u00f1os y dej\u00f3 en claro que la educaci\u00f3n debe ser un derecho del pueblo, por ello, se continuar\u00e1 con las becas a estudiantes y se ampliar\u00e1 para garantizar que m\u00e1s ni\u00f1os y j\u00f3venes concluyan sus estudios.&nbsp; &nbsp;<\/p>\n\n\n\n<p>En tanto, la titular del Programa La Escuela es Nuestra (LEEN), Pamela L\u00f3pez Ruiz, destac\u00f3 que en Tlaxcala el programa ha beneficiado a mil 475 escuelas representando el 100 por ciento de atenci\u00f3n en la entidad con una inversi\u00f3n de alrededor de 816 millones de pesos, administrados principalmente por padres y madres de familia.<\/p>\n\n\n\n<p>Al concluir, en entrevista para medios de comunicaci\u00f3n, la titular del Ejecutivo local, Lorena Cu\u00e9llar reconoci\u00f3 el trabajo realizado en seis a\u00f1os por el presidente de M\u00e9xico, Andr\u00e9s Manuel L\u00f3pez Obrador, quien asegur\u00f3 dej\u00f3 huella y una nueva historia para el pa\u00eds y tambi\u00e9n aplaudi\u00f3 la llegada de Claudia Sheinbaum, pues asever\u00f3 que dar\u00e1 continuidad a todo ese trabajo y ese amor que se ha hecho por el estado y pa\u00eds.<\/p>\n","protected":false},"excerpt":{"rendered":"<p>Encabezan evaluaci\u00f3n de programas y proyectos de educaci\u00f3n en Yauhquemehcan en medio de alegr\u00eda, porras y muestras de agradecimiento_&nbsp; Durante la presentaci\u00f3n de la evaluaci\u00f3n de programas y proyectos de educaci\u00f3n, la cual estuvo llena de emociones por parte de las autoridades y de tlaxcaltecas, el presidente de la Rep\u00fablica, Andr\u00e9s Manuel L\u00f3pez Obrador, y [&hellip;]<\/p>\n","protected":false},"author":1,"featured_media":42944,"comment_status":"open","ping_status":"open","sticky":false,"template":"","format":"standard","meta":{"advanced_seo_description":"","jetpack_seo_html_title":"","jetpack_seo_noindex":false,"footnotes":"","jetpack_publicize_message":"","jetpack_is_tweetstorm":false,"jetpack_publicize_feature_enabled":true,"jetpack_social_post_already_shared":true,"jetpack_social_options":{"image_generator_settings":{"template":"highway","enabled":false}}},"categories":[5,3],"tags":[],"class_list":["post-42943","post","type-post","status-publish","format-standard","has-post-thumbnail","hentry","category-carrucel","category-gobierno"],"jetpack_publicize_connections":[],"jetpack_featured_media_url":"http:\/\/elcensornoticias.com\/wp-content\/uploads\/2024\/07\/IMG-20240714-WA0021.jpg","jetpack_likes_enabled":true,"jetpack_sharing_enabled":true,"jetpack_shortlink":"https:\/\/wp.me\/p6xy50-baD","_links":{"self":[{"href":"http:\/\/elcensornoticias.com\/index.php?rest_route=\/wp\/v2\/posts\/42943","targetHints":{"allow":["GET"]}}],"collection":[{"href":"http:\/\/elcensornoticias.com\/index.php?rest_route=\/wp\/v2\/posts"}],"about":[{"href":"http:\/\/elcensornoticias.com\/index.php?rest_route=\/wp\/v2\/types\/post"}],"author":[{"embeddable":true,"href":"http:\/\/elcensornoticias.com\/index.php?rest_route=\/wp\/v2\/users\/1"}],"replies":[{"embeddable":true,"href":"http:\/\/elcensornoticias.com\/index.php?rest_route=%2Fwp%2Fv2%2Fcomments&post=42943"}],"version-history":[{"count":2,"href":"http:\/\/elcensornoticias.com\/index.php?rest_route=\/wp\/v2\/posts\/42943\/revisions"}],"predecessor-version":[{"id":42948,"href":"http:\/\/elcensornoticias.com\/index.php?rest_route=\/wp\/v2\/posts\/42943\/revisions\/42948"}],"wp:featuredmedia":[{"embeddable":true,"href":"http:\/\/elcensornoticias.com\/index.php?rest_route=\/wp\/v2\/media\/42944"}],"wp:attachment":[{"href":"http:\/\/elcensornoticias.com\/index.php?rest_route=%2Fwp%2Fv2%2Fmedia&parent=42943"}],"wp:term":[{"taxonomy":"category","embeddable":true,"href":"http:\/\/elcensornoticias.com\/index.php?rest_route=%2Fwp%2Fv2%2Fcategories&post=42943"},{"taxonomy":"post_tag","embeddable":true,"href":"http:\/\/elcensornoticias.com\/index.php?rest_route=%2Fwp%2Fv2%2Ftags&post=42943"}],"curies":[{"name":"wp","href":"https:\/\/api.w.org\/{rel}","templated":true}]}}