{"id":42934,"date":"2024-07-13T18:54:45","date_gmt":"2024-07-13T18:54:45","guid":{"rendered":"http:\/\/elcensornoticias.com\/?p=42934"},"modified":"2024-07-13T18:55:58","modified_gmt":"2024-07-13T18:55:58","slug":"casa-del-adulto-mayor-un-espacio-donde-nacen-grandes-amistades-cuellar-cisneros","status":"publish","type":"post","link":"http:\/\/elcensornoticias.com\/?p=42934","title":{"rendered":"CASA DEL ADULTO MAYOR, UN ESPACIO DONDE NACEN GRANDES AMISTADES: CU\u00c9LLAR CISNEROS"},"content":{"rendered":"\n<p>Las paredes de esta casa encierran amor, sonrisas y grandes momentos_<\/p>\n\n\n\n<p>La titular del Ejecutivo local, Lorena Cu\u00e9llar Cisneros, acompa\u00f1ada de la presidenta honor\u00edfica del Sistema Estatal para el Desarrollo Integral de la Familia (Sedif), Mariana Espinosa de los Monteros Cu\u00e9llar y el presidente municipal de Tepetitla, Alan Alvarado Islas, inauguraron la Casa de D\u00eda para Adultos Mayores, misma que tuvo una inversi\u00f3n bipartita superior a 3.6 millones de pesos.&nbsp;<\/p>\n\n\n\n<p>En su mensaje, la gobernadora resalt\u00f3 que las paredes de esta casa encierran amor, amistad, sonrisas y grandes momentos, agreg\u00f3 que a lo largo de su vida ha aperturado varias, m\u00e1s de 29, \u201caqu\u00ed nacen grandes amistades, de aqu\u00ed ustedes tambi\u00e9n se organizan para ir a los cumplea\u00f1os, para ir a viajes y construir muchos momentos maravillosos en sus vidas\u201d, reconoci\u00f3.&nbsp;<\/p>\n\n\n\n<p>Cu\u00e9llar Cisneros refiri\u00f3 que esto era un sue\u00f1o y se concret\u00f3 con voluntad para brindarles amor, atenci\u00f3n y estar pendientes de lo que les haga falta como la dentadura, lentes, un bast\u00f3n, una andadera, unas muletas, una silla de ruedas, operaci\u00f3n de cataratas, cirug\u00edas y que para eso se construyeron hospitales, y as\u00ed brindarles todo de manera gratuita.&nbsp;<\/p>\n\n\n\n<p>\u201cHoy somos el segundo estado a nivel nacional, que m\u00e1s apoyos ha entregado, en el estado 65 mil apoyos gratuitos para las personas que m\u00e1s lo necesitan\u201d, indic\u00f3.<\/p>\n\n\n\n<p>Ante los asistentes, la mandataria se\u00f1al\u00f3 que gracias al presidente Andr\u00e9s Manuel L\u00f3pez Obrador, hoy la pensi\u00f3n que se entrega a los adultos mayores asciende a 6 mil pesos bimestrales.&nbsp;<\/p>\n\n\n\n<p>\u201cJusto va a estar nuestro presidente en Tlaxcala, el domingo har\u00e1 una visita. Hoy 112 mil adultos mayores en Tlaxcala reciben su dinero y eso nos da un poquito de tranquilidad al saber que ya tenemos algo en nuestro bolsillo para sus gastos\u201d, afirm\u00f3.&nbsp;<\/p>\n\n\n\n<p>A trav\u00e9s de la Secretar\u00eda de Bienestar, Cu\u00e9llar Cisneros inform\u00f3 que se apoyan a 33 mil adultos mayores con programas de captaci\u00f3n de agua, de energ\u00eda, de cirug\u00edas, pr\u00f3tesis, dentaduras, y lentes, por mencionar algunos.&nbsp;&nbsp;<\/p>\n\n\n\n<p>\u201cTenemos el programa reencuentro familiar \u201cUniendo Historias\u201d, a cargo de la Direcci\u00f3n de Atenci\u00f3n a Migrantes (DAM), les entregamos documentaci\u00f3n indispensable para reencontrarse con sus hijos migrantes en Estados Unidos para hacer el sue\u00f1o realidad de unir a sus familias que despu\u00e9s de 20 a\u00f1os no hab\u00edan visto\u201d, explic\u00f3.&nbsp;<\/p>\n\n\n\n<p>Antes, la presidenta honor\u00edfica del Sistema Estatal para el Desarrollo Integral de la Familia (Sedif), Mariana Espinosa de los Monteros Cu\u00e9llar, confi\u00f3 en que cada uno de los municipios volte\u00e9 a ver la gran necesidad que hay de tener una casa de d\u00eda del adulto mayor.&nbsp;<\/p>\n\n\n\n<p>\u201cPorque todos vamos para all\u00e1, porque es una gran inversi\u00f3n a mediano a corto y a largo plazo, porque todos vamos para all\u00e1, si bien nos va si Dios nos presta vida, todos estaremos en esa hermosa edad que ustedes est\u00e1n disfrutando y que podamos disfrutarla con salud, con espacios hermosos como este que fue pensado para ustedes y que lleguemos con esa sabidur\u00eda que ustedes nos est\u00e1n transmitiendo\u201d, indic\u00f3.&nbsp;<\/p>\n\n\n\n<p>En tanto, el presidente municipal de Tepetitla, Alan Alvarado Islas reconoci\u00f3 que la apertura de la Casa de d\u00eda que marcar\u00e1 un antes y un despu\u00e9s en el municipio y sentar\u00e1 un precedente que durar\u00e1 muchos a\u00f1os y cambiar\u00e1 la vida de los adultos mayores de la demarcaci\u00f3n.&nbsp;<\/p>\n\n\n\n<p>\u201cContar\u00e1 con un \u00e1rea de estacionamiento, recepci\u00f3n, bodega, cocina, dormitorios, con \u00e1rea de convivencia, una sala de estar, ba\u00f1os para hombres y mujeres con regaderas, direcci\u00f3n y \u00e1reas verdes, todo construido en un espacio de 346 metros cuadrados, esta obra fue construida con un recurso estatal y municipal un trabajo en equipo\u201d, culmin\u00f3.<\/p>\n","protected":false},"excerpt":{"rendered":"<p>Las paredes de esta casa encierran amor, sonrisas y grandes momentos_ La titular del Ejecutivo local, Lorena Cu\u00e9llar Cisneros, acompa\u00f1ada de la presidenta honor\u00edfica del Sistema Estatal para el Desarrollo Integral de la Familia (Sedif), Mariana Espinosa de los Monteros Cu\u00e9llar y el presidente municipal de Tepetitla, Alan Alvarado Islas, inauguraron la Casa de D\u00eda [&hellip;]<\/p>\n","protected":false},"author":1,"featured_media":42935,"comment_status":"open","ping_status":"open","sticky":false,"template":"","format":"standard","meta":{"advanced_seo_description":"","jetpack_seo_html_title":"","jetpack_seo_noindex":false,"footnotes":"","jetpack_publicize_message":"","jetpack_is_tweetstorm":false,"jetpack_publicize_feature_enabled":true,"jetpack_social_post_already_shared":true,"jetpack_social_options":{"image_generator_settings":{"template":"highway","enabled":false}}},"categories":[5,3],"tags":[],"class_list":["post-42934","post","type-post","status-publish","format-standard","has-post-thumbnail","hentry","category-carrucel","category-gobierno"],"jetpack_publicize_connections":[],"jetpack_featured_media_url":"http:\/\/elcensornoticias.com\/wp-content\/uploads\/2024\/07\/IMG-20240713-WA0006.jpg","jetpack_likes_enabled":true,"jetpack_sharing_enabled":true,"jetpack_shortlink":"https:\/\/wp.me\/p6xy50-bau","_links":{"self":[{"href":"http:\/\/elcensornoticias.com\/index.php?rest_route=\/wp\/v2\/posts\/42934","targetHints":{"allow":["GET"]}}],"collection":[{"href":"http:\/\/elcensornoticias.com\/index.php?rest_route=\/wp\/v2\/posts"}],"about":[{"href":"http:\/\/elcensornoticias.com\/index.php?rest_route=\/wp\/v2\/types\/post"}],"author":[{"embeddable":true,"href":"http:\/\/elcensornoticias.com\/index.php?rest_route=\/wp\/v2\/users\/1"}],"replies":[{"embeddable":true,"href":"http:\/\/elcensornoticias.com\/index.php?rest_route=%2Fwp%2Fv2%2Fcomments&post=42934"}],"version-history":[{"count":1,"href":"http:\/\/elcensornoticias.com\/index.php?rest_route=\/wp\/v2\/posts\/42934\/revisions"}],"predecessor-version":[{"id":42936,"href":"http:\/\/elcensornoticias.com\/index.php?rest_route=\/wp\/v2\/posts\/42934\/revisions\/42936"}],"wp:featuredmedia":[{"embeddable":true,"href":"http:\/\/elcensornoticias.com\/index.php?rest_route=\/wp\/v2\/media\/42935"}],"wp:attachment":[{"href":"http:\/\/elcensornoticias.com\/index.php?rest_route=%2Fwp%2Fv2%2Fmedia&parent=42934"}],"wp:term":[{"taxonomy":"category","embeddable":true,"href":"http:\/\/elcensornoticias.com\/index.php?rest_route=%2Fwp%2Fv2%2Fcategories&post=42934"},{"taxonomy":"post_tag","embeddable":true,"href":"http:\/\/elcensornoticias.com\/index.php?rest_route=%2Fwp%2Fv2%2Ftags&post=42934"}],"curies":[{"name":"wp","href":"https:\/\/api.w.org\/{rel}","templated":true}]}}