{"id":42904,"date":"2024-07-11T23:32:32","date_gmt":"2024-07-11T23:32:32","guid":{"rendered":"http:\/\/elcensornoticias.com\/?p=42904"},"modified":"2024-07-11T23:32:45","modified_gmt":"2024-07-11T23:32:45","slug":"humanidades-ciencias-tecnologias-e-innovacion-soberana-para-el-bienestar-del-pueblo","status":"publish","type":"post","link":"http:\/\/elcensornoticias.com\/?p=42904","title":{"rendered":"\u201cHumanidades, ciencias, tecnolog\u00edas e innovaci\u00f3n soberana para el bienestar del pueblo\u201d"},"content":{"rendered":"\n<p>&nbsp;Las Jornadas Pronaces Conahcyt 2019-2024 se llevar\u00e1n a cabo del 24 al 27 de agosto en el Centro de Convenciones del Estado de M\u00e9xico<\/p>\n\n\n\n<p>\u00b7&nbsp;&nbsp;&nbsp;&nbsp;&nbsp;&nbsp;&nbsp;&nbsp;&nbsp;Se realiza sesi\u00f3n informativa para detallar formas de participaci\u00f3n en este espacio de acceso universal al conocimiento<\/p>\n\n\n\n<p>\u00b7&nbsp;&nbsp;&nbsp;&nbsp;&nbsp;&nbsp;&nbsp;&nbsp;&nbsp;Personas interesadas podr\u00e1n participar en modalidad de ponencias orales o carteles cient\u00edficos<\/p>\n\n\n\n<p>En el marco de los preparativos rumbo a la celebraci\u00f3n de las&nbsp;<a rel=\"noreferrer noopener\" target=\"_blank\" href=\"https:\/\/conahcyt.mx\/pronaces-2024\/\">Jornadas Pronaces Conahcyt 2019-2024: \u00abHumanidades, ciencias, tecnolog\u00edas e innovaci\u00f3n soberana para el bienestar del pueblo\u00bb<\/a>\u201d, que se llevar\u00e1n a cabo del 24 al 27 de agosto en el Centro de Convenciones del Estado de M\u00e9xico, el Consejo Nacional de Humanidades, Ciencias y Tecnolog\u00edas (Conahcyt) realiz\u00f3 una sesi\u00f3n informativa para detallar el registro de ponencias, carteles y presentaci\u00f3n del programa oficial.<\/p>\n\n\n\n<p>Las Jornadas Pronaces Conahcyt 2019-2024 reunir\u00e1n a Comit\u00e9s Ejecutivos de los Programas Nacionales Estrat\u00e9gicos (Pronaces),&nbsp;organizaciones de base comunitaria, colectivos de investigaci\u00f3n e incidencia, integrantes de pueblos ind\u00edgenas y comunidades originarias, investigadoras e investigadores del Conahcyt, comunidades human\u00edsticas, cient\u00edficas y tecn\u00f3logas, estudiantes y docentes, personas servidoras p\u00fablicas&nbsp;de los tres \u00f3rdenes de gobierno y empresas orientadas al bien com\u00fan.<\/p>\n\n\n\n<p>Durante la sesi\u00f3n informativa en l\u00ednea se dieron a conocer detalles para participar en las actividades de las Jornadas Pronaces, cuyo objetivo es construir&nbsp;un espacio de acceso universal al conocimiento (AUC)&nbsp;y a la producci\u00f3n, exposici\u00f3n, evaluaci\u00f3n, articulaci\u00f3n, intercambio, continuidad y diseminaci\u00f3n nacional e internacional de experiencias, conocimientos y pr\u00e1cticas transdisciplinarias producidas en el marco de los&nbsp;Pronaces y sus Proyectos Nacionales de Investigaci\u00f3n e Incidencia (Pronaii).<\/p>\n\n\n\n<p>Para participar en estas actividades, en modalidad de ponencias orales o carteles cient\u00edficos, las personas interesadas deben enviar sus trabajos a trav\u00e9s del&nbsp;<a rel=\"noreferrer noopener\" target=\"_blank\" href=\"https:\/\/docs.google.com\/forms\/d\/e\/1FAIpQLSdYrFVxKkxyjGksdkblGJSiNQb39yilhuflObbMFX3FpXzrMw\/viewform\">formulario de captura<\/a>, y seguir los criterios establecidos en los&nbsp;<a rel=\"noreferrer noopener\" target=\"_blank\" href=\"https:\/\/conahcyt.mx\/wp-content\/uploads\/pronaces\/jornadas2024\/Lineamientos_para_ponencia_y_carteles_Jornadas_Pronaces_2024-1.pdf\">lineamientos<\/a>&nbsp;para tal efecto.<\/p>\n\n\n\n<p>La recepci\u00f3n de propuestas de ponencias y carteles se encuentra abierta del 5 al 28 de julio. La publicaci\u00f3n de los trabajos aceptados se realizar\u00e1 a partir del 9 de agosto; el programa detallado de las Jornadas Pronaces Conahcyt 2019-2024 se dar\u00e1 a conocer el 16 de agosto en el&nbsp;<a rel=\"noreferrer noopener\" target=\"_blank\" href=\"https:\/\/conahcyt.mx\/pronaces-2024\/\">portal oficial<\/a>&nbsp;de las Jornadas Pronaces Conahcyt.<\/p>\n\n\n\n<p>El programa de las jornadas se realizar\u00e1 en apego a las diez tem\u00e1ticas de los&nbsp;<a rel=\"noreferrer noopener\" target=\"_blank\" href=\"https:\/\/conahcyt.mx\/pronaces\/\">Pronaces Conahcyt<\/a>, y a los siguientes ejes transversales: experiencias de los Pronaii; superaci\u00f3n del r\u00e9gimen neoliberal; an\u00e1lisis de complementariedades y sinergias; modelo transdisciplinario; evidencias de cambio en los sujetos; pol\u00edticas p\u00fablicas HCTI; diseminaci\u00f3n, comunicaci\u00f3n y educaci\u00f3n; gesti\u00f3n de alto nivel; ecosistemas nacionales inform\u00e1ticos (ENI); acceso a la informaci\u00f3n; y futuro de los Pronaces.<\/p>\n\n\n\n<p>De igual forma, quienes deseen asistir y participar en las discusiones en torno a los trabajos, resultados y continuidad de los Pronaces y sus Pronaii, podr\u00e1n registrarse en el siguiente&nbsp;<a rel=\"noreferrer noopener\" target=\"_blank\" href=\"https:\/\/docs.google.com\/forms\/d\/e\/1FAIpQLSfy6-kDvqB0eLhHHK7VFd3klK1aPNxcp7qRnZSk8Ba-7vh3tQ\/viewform\">formulario de asistencia<\/a>.<\/p>\n\n\n\n<p>Es importante mencionar que, a trav\u00e9s de los Pronaces y los Pronaii que apoya el Conahcyt, M\u00e9xico transita hacia un modelo transdisciplinario dirigido al cumplimiento del derecho humano a la ciencia y al acceso universal a los beneficios por el uso y producci\u00f3n del conocimiento cient\u00edfico.<\/p>\n\n\n\n<p>Asimismo, los Pronaces promueven la colaboraci\u00f3n sustantiva entre actores sociales, acad\u00e9micos y gubernamentales con el prop\u00f3sito de reconstruir la soberan\u00eda popular y fortalecer la vida comunitaria plena.<\/p>\n\n\n\n<p>La importancia de las Jornadas Pronaces Conahcyt recae en el abordaje transdisciplinario de las grandes problem\u00e1ticas que aquejan a la sociedad mexicana y de su atenci\u00f3n urgente, as\u00ed como en la promoci\u00f3n de la igualdad, continuidad, inclusi\u00f3n y di\u00e1logo de saberes en la atenci\u00f3n a temas fundamentales, que ya son parte de la agenda nacional.<\/p>\n\n\n\n<p>En las Jornadas Pronaces Conahcyt, que tendr\u00e1n como sede presencial el&nbsp;<a rel=\"noreferrer noopener\" target=\"_blank\" href=\"https:\/\/maps.app.goo.gl\/8xX6YweLp3G8gPbB6\">Centro de Convenciones Edomex<\/a>, se llevar\u00e1n a cabo actividades presenciales y virtuales, tales como: encuentros organizacionales, ponencias, mesas de trabajo, mesas redondas, conferencias, la implementaci\u00f3n de un pasillo de AUC y sesiones convivenciales.<\/p>\n\n\n\n<p>Las actividades en este espacio se guiar\u00e1n por los principios de respeto, equidad y no discriminaci\u00f3n; cuidado mutuo y responsabilidad hacia todos los seres; principio precautorio; justicia ambiental e intergeneracional; y Basura Cero.<\/p>\n\n\n\n<p>Cabe destacar que el modelo Basura Cero, que enmarca la realizaci\u00f3n de las Jornadas Pronaces Conahcyt, es un programa que reenfoca la responsabilidad de la gesti\u00f3n de los residuos hacia organizaciones, grupos o personas que los generan, por lo que, desde la organizaci\u00f3n, se han tomado medidas para prevenir, minimizar y reducir al m\u00e1ximo la generaci\u00f3n de residuos.<\/p>\n\n\n\n<p>Por ello, las personas asistentes a este espacio deber\u00e1n llevar sus propios utensilios para albergar bebidas y alimentos, a fin de evitar empaques de un solo uso que se desechen como basura. Tambi\u00e9n se desplegar\u00e1 infraestructura necesaria para separar los residuos que se generen.<\/p>\n\n\n\n<p>Para consultar m\u00e1s detalles sobre el registro de ponencias y carteles, presentaci\u00f3n del programa, calendarizaci\u00f3n y dem\u00e1s informaci\u00f3n importante sobre las Jornadas Pronaces Conahcyt 2019-2024, se pone a disposici\u00f3n el siguiente enlace&nbsp;<a rel=\"noreferrer noopener\" target=\"_blank\" href=\"https:\/\/conahcyt.mx\/pronaces-2024\/\">conahcyt.mx\/pronaces-2024\/<\/a>; as\u00ed como el siguiente correo electr\u00f3nico atender preguntas:&nbsp;<a href=\"mailto:contacto2024@conahcyt.mx\">contacto2024@conahcyt.mx<\/a>.<\/p>\n\n\n\n<p>La sesi\u00f3n informativa fue presentada por la directora de Estrategia Tecnol\u00f3gica del Conahcyt, Edith Calixto P\u00e9rez; y por el profesor en la Facultad de Econom\u00eda de la Universidad Nacional Aut\u00f3noma de M\u00e9xico (UNAM) e integrante del Comit\u00e9 Ejecutivo del Pronace Agua, Octavio Rosas Landa Ramos.<\/p>\n\n\n\n<p>La sesi\u00f3n p\u00fablica que invita a participar en las Jornadas Pronaces Conahcyt 2019-2024: \u201cHumanidades, ciencias, tecnolog\u00edas e innovaci\u00f3n soberana para el bienestar del pueblo\u201d, puede consultarse en el siguiente enlace:&nbsp;<a rel=\"noreferrer noopener\" target=\"_blank\" href=\"https:\/\/bit.ly\/3XRUHYa\">https:\/\/bit.ly\/3XRUHYa<\/a>.<\/p>\n","protected":false},"excerpt":{"rendered":"<p>&nbsp;Las Jornadas Pronaces Conahcyt 2019-2024 se llevar\u00e1n a cabo del 24 al 27 de agosto en el Centro de Convenciones del Estado de M\u00e9xico \u00b7&nbsp;&nbsp;&nbsp;&nbsp;&nbsp;&nbsp;&nbsp;&nbsp;&nbsp;Se realiza sesi\u00f3n informativa para detallar formas de participaci\u00f3n en este espacio de acceso universal al conocimiento \u00b7&nbsp;&nbsp;&nbsp;&nbsp;&nbsp;&nbsp;&nbsp;&nbsp;&nbsp;Personas interesadas podr\u00e1n participar en modalidad de ponencias orales o carteles cient\u00edficos En el [&hellip;]<\/p>\n","protected":false},"author":1,"featured_media":42905,"comment_status":"open","ping_status":"open","sticky":false,"template":"","format":"standard","meta":{"advanced_seo_description":"","jetpack_seo_html_title":"","jetpack_seo_noindex":false,"footnotes":"","jetpack_publicize_message":"","jetpack_is_tweetstorm":false,"jetpack_publicize_feature_enabled":true,"jetpack_social_post_already_shared":true,"jetpack_social_options":{"image_generator_settings":{"template":"highway","enabled":false}}},"categories":[2,3],"tags":[],"class_list":["post-42904","post","type-post","status-publish","format-standard","has-post-thumbnail","hentry","category-destacadas","category-gobierno"],"jetpack_publicize_connections":[],"jetpack_featured_media_url":"http:\/\/elcensornoticias.com\/wp-content\/uploads\/2024\/07\/Foto-2.jpg","jetpack_likes_enabled":true,"jetpack_sharing_enabled":true,"jetpack_shortlink":"https:\/\/wp.me\/p6xy50-ba0","_links":{"self":[{"href":"http:\/\/elcensornoticias.com\/index.php?rest_route=\/wp\/v2\/posts\/42904","targetHints":{"allow":["GET"]}}],"collection":[{"href":"http:\/\/elcensornoticias.com\/index.php?rest_route=\/wp\/v2\/posts"}],"about":[{"href":"http:\/\/elcensornoticias.com\/index.php?rest_route=\/wp\/v2\/types\/post"}],"author":[{"embeddable":true,"href":"http:\/\/elcensornoticias.com\/index.php?rest_route=\/wp\/v2\/users\/1"}],"replies":[{"embeddable":true,"href":"http:\/\/elcensornoticias.com\/index.php?rest_route=%2Fwp%2Fv2%2Fcomments&post=42904"}],"version-history":[{"count":1,"href":"http:\/\/elcensornoticias.com\/index.php?rest_route=\/wp\/v2\/posts\/42904\/revisions"}],"predecessor-version":[{"id":42906,"href":"http:\/\/elcensornoticias.com\/index.php?rest_route=\/wp\/v2\/posts\/42904\/revisions\/42906"}],"wp:featuredmedia":[{"embeddable":true,"href":"http:\/\/elcensornoticias.com\/index.php?rest_route=\/wp\/v2\/media\/42905"}],"wp:attachment":[{"href":"http:\/\/elcensornoticias.com\/index.php?rest_route=%2Fwp%2Fv2%2Fmedia&parent=42904"}],"wp:term":[{"taxonomy":"category","embeddable":true,"href":"http:\/\/elcensornoticias.com\/index.php?rest_route=%2Fwp%2Fv2%2Fcategories&post=42904"},{"taxonomy":"post_tag","embeddable":true,"href":"http:\/\/elcensornoticias.com\/index.php?rest_route=%2Fwp%2Fv2%2Ftags&post=42904"}],"curies":[{"name":"wp","href":"https:\/\/api.w.org\/{rel}","templated":true}]}}