{"id":42894,"date":"2024-07-11T00:20:20","date_gmt":"2024-07-11T00:20:20","guid":{"rendered":"http:\/\/elcensornoticias.com\/?p=42894"},"modified":"2024-07-11T00:20:33","modified_gmt":"2024-07-11T00:20:33","slug":"semilleros-creativos-por-canal-22","status":"publish","type":"post","link":"http:\/\/elcensornoticias.com\/?p=42894","title":{"rendered":"\u00abSemilleros Creativos\u00bb por Canal 22"},"content":{"rendered":"\n<ul class=\"wp-block-list\">\n<li><strong>Goza de los nuevos episodios: s\u00e1bados, 14:30 h por la se\u00f1al 22.1<\/strong><\/li>\n\n\n\n<li><strong>Retransmisi\u00f3n los jueves a las 15:30 h<\/strong><\/li>\n<\/ul>\n\n\n\n<p>Ni\u00f1as, ni\u00f1os y j\u00f3venes de los Semilleros Creativos en todo el pa\u00eds disfrutaron del primer cap\u00edtulo de la serie \u00abSemilleros Creativos\u00bb, acompa\u00f1ados de sus familias, amigos y compa\u00f1eros de estos grupos colaborativos, el cual se transmiti\u00f3 el 6 de julio de 2024 por Canal 22.<\/p>\n\n\n\n<p>Los Semilleros Creativos, del programa Cultura Comunitaria, impulsado por la Secretar\u00eda de Cultura del Gobierno de M\u00e9xico, son grupos de formaci\u00f3n art\u00edstica gratuita para la ni\u00f1ez y las juventudes del pa\u00eds, donde se promueve su participaci\u00f3n en la vida art\u00edstica, el pensamiento cr\u00edtico y su posicionamiento como agentes culturales, por lo que esta serie refleja el trabajo de m\u00e1s de mil infancias y juventudes de 34 Semilleros, ubicados en 23 estados de la Rep\u00fablica.<\/p>\n\n\n\n<p>Con motivo del estreno, participantes de los Semilleros Creativos y Convites culturales&nbsp;(convivencias semanales mediante actividades art\u00edsticas y culturales)&nbsp;se reunieron en sus sedes para compartir la emoci\u00f3n de ver sus \u201ccosechas\u201d y las de sus compa\u00f1eros&nbsp;en televisi\u00f3n haciendo lo que m\u00e1s les gusta: arte.<\/p>\n\n\n\n<p>En este sentido, Denisse, participante del Semillero de Teatro de Monclova, Coahuila, expres\u00f3: \u201cMe sent\u00ed muy emocionada al ver reflejado en la pantalla grande el esfuerzo de cada una de las semillas involucradas en este primer episodio. Mi familia est\u00e1 muy contenta por ver el trabajo y los frutos de ni\u00f1as, ni\u00f1os y j\u00f3venes del pa\u00eds\u201d.<\/p>\n\n\n\n<p>Azael, del mismo Semillero, manifest\u00f3 que el ver a las semillas le llen\u00f3 de orgullo, \u201cy me sorprendi\u00f3 mucho descubrir que no solamente en nuestra regi\u00f3n hay ni\u00f1as, ni\u00f1os y j\u00f3venes talentosos, sino que alrededor del pa\u00eds tambi\u00e9n existen personas igual de talentosas como nosotros y que hay una gran variedad de culturas y tradiciones que es importante conocer. Participar en la serie me hizo muy feliz. Cuando los Estudios Churubusco nos grabaron fue una sensaci\u00f3n que jam\u00e1s olvidar\u00e9; me sent\u00ed muy emocionado\u201d.<\/p>\n\n\n\n<p>Fernanda, integrante del Semillero Ensamble Comunitario de son jarocho en San Andr\u00e9s Tuxtla, Veracruz, destac\u00f3 que su familia \u201cest\u00e1 muy orgullosa de todos los logros que he obtenido gracias a los Semilleros, al apoyo de Fomento Musical, Vinculaci\u00f3n Cultural y la Secretar\u00eda de Cultura, porque nos impulsa a ser mejores personas y mejores ni\u00f1os. Fue muy bonito poder ver a los otros Semilleros en su d\u00eda a d\u00eda, no solo en el concierto (\u2026) Estoy feliz de haber visto nuestro trabajo y el de otros ni\u00f1os de otros estados, principalmente en el sur que fue este primer cap\u00edtulo\u201d.<\/p>\n\n\n\n<p>A\u00f1adi\u00f3: \u201cLe he contado a toda mi familia acerca de este primer episodio y me encantar\u00eda que todos ustedes pudieran ver los siguientes episodios cada s\u00e1bado a las 2:30 de la tarde, as\u00ed que no se lo pierdan\u201d.<\/p>\n\n\n\n<p>La serie, realizada en colaboraci\u00f3n con Estudios Churubusco, consta de dos temporadas: \u201cEl poder de la cultura\u201d y \u201cLa revoluci\u00f3n de las conciencias\u201d, construidas en torno a los principios y ejes de trabajo de los Semilleros Creativos, adem\u00e1s, 29 j\u00f3venes de ocho Semilleros Creativos de Cinematograf\u00eda, Fotograf\u00eda y Producci\u00f3n audiovisual trabajaron en su creaci\u00f3n.<\/p>\n\n\n\n<p>La primera temporada, conformada por cinco cap\u00edtulos, se transmite por Canal 22 y v\u00eda&nbsp;<em>streaming<\/em>&nbsp;en canal22.org.mx; adem\u00e1s, cuenta con una retransmisi\u00f3n los jueves a las 15:30 h. Si te perdiste el primer episodio, esta es una opci\u00f3n para poder disfrutarlo.<\/p>\n\n\n\n<p>Los nuevos episodios podr\u00e1n apreciarse por la se\u00f1al 22.1 y por&nbsp;<em><a href=\"https:\/\/www.canal22.org.mx\/#streaming\">streaming<\/a><\/em>&nbsp; en su p\u00e1gina&nbsp;<em>web<\/em>. Las mejores transmisiones por Canal 22, el Canal Cultural de M\u00e9xico.<\/p>\n\n\n\n<p>Para conocer detalles de la programaci\u00f3n del Festival Tengo un sue\u00f1o 2024, consulta las redes sociales @VinculaCultura, @FomentoMusical y la p\u00e1gina&nbsp;<em>web<\/em>&nbsp;<a href=\"http:\/\/www.culturacomunitaria.gob.mx\/\">culturacomunitaria.gob.mx<\/a><\/p>\n","protected":false},"excerpt":{"rendered":"<p>Ni\u00f1as, ni\u00f1os y j\u00f3venes de los Semilleros Creativos en todo el pa\u00eds disfrutaron del primer cap\u00edtulo de la serie \u00abSemilleros Creativos\u00bb, acompa\u00f1ados de sus familias, amigos y compa\u00f1eros de estos grupos colaborativos, el cual se transmiti\u00f3 el 6 de julio de 2024 por Canal 22. Los Semilleros Creativos, del programa Cultura Comunitaria, impulsado por la [&hellip;]<\/p>\n","protected":false},"author":1,"featured_media":42895,"comment_status":"open","ping_status":"open","sticky":false,"template":"","format":"standard","meta":{"advanced_seo_description":"","jetpack_seo_html_title":"","jetpack_seo_noindex":false,"footnotes":"","jetpack_publicize_message":"","jetpack_is_tweetstorm":false,"jetpack_publicize_feature_enabled":true,"jetpack_social_post_already_shared":true,"jetpack_social_options":{"image_generator_settings":{"template":"highway","enabled":false}}},"categories":[26,4],"tags":[],"class_list":["post-42894","post","type-post","status-publish","format-standard","has-post-thumbnail","hentry","category-cultura","category-noticias"],"jetpack_publicize_connections":[],"jetpack_featured_media_url":"http:\/\/elcensornoticias.com\/wp-content\/uploads\/2024\/07\/primerprograma.jpg","jetpack_likes_enabled":true,"jetpack_sharing_enabled":true,"jetpack_shortlink":"https:\/\/wp.me\/p6xy50-b9Q","_links":{"self":[{"href":"http:\/\/elcensornoticias.com\/index.php?rest_route=\/wp\/v2\/posts\/42894","targetHints":{"allow":["GET"]}}],"collection":[{"href":"http:\/\/elcensornoticias.com\/index.php?rest_route=\/wp\/v2\/posts"}],"about":[{"href":"http:\/\/elcensornoticias.com\/index.php?rest_route=\/wp\/v2\/types\/post"}],"author":[{"embeddable":true,"href":"http:\/\/elcensornoticias.com\/index.php?rest_route=\/wp\/v2\/users\/1"}],"replies":[{"embeddable":true,"href":"http:\/\/elcensornoticias.com\/index.php?rest_route=%2Fwp%2Fv2%2Fcomments&post=42894"}],"version-history":[{"count":1,"href":"http:\/\/elcensornoticias.com\/index.php?rest_route=\/wp\/v2\/posts\/42894\/revisions"}],"predecessor-version":[{"id":42896,"href":"http:\/\/elcensornoticias.com\/index.php?rest_route=\/wp\/v2\/posts\/42894\/revisions\/42896"}],"wp:featuredmedia":[{"embeddable":true,"href":"http:\/\/elcensornoticias.com\/index.php?rest_route=\/wp\/v2\/media\/42895"}],"wp:attachment":[{"href":"http:\/\/elcensornoticias.com\/index.php?rest_route=%2Fwp%2Fv2%2Fmedia&parent=42894"}],"wp:term":[{"taxonomy":"category","embeddable":true,"href":"http:\/\/elcensornoticias.com\/index.php?rest_route=%2Fwp%2Fv2%2Fcategories&post=42894"},{"taxonomy":"post_tag","embeddable":true,"href":"http:\/\/elcensornoticias.com\/index.php?rest_route=%2Fwp%2Fv2%2Ftags&post=42894"}],"curies":[{"name":"wp","href":"https:\/\/api.w.org\/{rel}","templated":true}]}}