{"id":42885,"date":"2024-07-11T00:13:46","date_gmt":"2024-07-11T00:13:46","guid":{"rendered":"http:\/\/elcensornoticias.com\/?p=42885"},"modified":"2024-07-11T00:13:47","modified_gmt":"2024-07-11T00:13:47","slug":"cedht-y-sepe-promoveran-la-educacion-en-derechos-humanos-y-la-cultura-de-paz-en-las-escuelas","status":"publish","type":"post","link":"http:\/\/elcensornoticias.com\/?p=42885","title":{"rendered":"CEDHT y SEPE promover\u00e1n la Educaci\u00f3n en Derechos Humanos y la Cultura de Paz en las Escuelas"},"content":{"rendered":"\n<p><em>Impulsan la iniciativa \u00abEscuela Comprometida con los Derechos Humanos\u00bb<\/em><\/p>\n\n\n\n<p>La Comisi\u00f3n Estatal de Derechos Humanos de Tlaxcala (CEDHT), en colaboraci\u00f3n con la Secretar\u00eda de Educaci\u00f3n P\u00fablica del Estado (SEPE), ha anunciado una nueva iniciativa para fortalecer la educaci\u00f3n en derechos humanos y promover una cultura de paz en las escuelas de nivel medio superior en el estado.<\/p>\n\n\n\n<p>Durante una sesi\u00f3n de trabajo de la Comisi\u00f3n Estatal para la Planeaci\u00f3n y Programaci\u00f3n de Educaci\u00f3n Media Superior (CEPPEMS), la presidenta de la CEDHT, Jakqueline Ordo\u00f1ez Brasdefer, present\u00f3 una propuesta que fue aprobada por los asistentes. Esta propuesta incluye la firma de un convenio de colaboraci\u00f3n que busca oficializar cursos de capacitaci\u00f3n para el personal del sector educativo, con el objetivo de unificar protocolos de actuaci\u00f3n basados en el respeto a la dignidad del alumnado.<\/p>\n\n\n\n<p>La iniciativa, denominada \u00abEscuela Comprometida con los Derechos Humanos\u00bb, se enfoca en la soluci\u00f3n pac\u00edfica de conflictos y la convivencia arm\u00f3nica dentro de las escuelas. Este distintivo reconoce el esfuerzo y dedicaci\u00f3n de las instituciones educativas y del personal docente y administrativo en la promoci\u00f3n de los derechos humanos.<\/p>\n\n\n\n<p>\u00abNuestros adolescentes son el presente y el futuro de nuestra sociedad. Es crucial que conozcan y defiendan sus derechos, ya que esto no solo los empodera, sino que tambi\u00e9n contribuye a una sociedad m\u00e1s justa y equitativa,\u00bb afirm\u00f3 Ordo\u00f1ez Brasdefer. \u00abLa educaci\u00f3n en derechos humanos debe ser una prioridad en nuestra comunidad educativa. Es esencial que docentes, madres y padres de familia, as\u00ed como el alumnado, reciban formaci\u00f3n en estos temas.\u00bb<\/p>\n\n\n\n<p>El convenio de colaboraci\u00f3n integrar\u00e1 la perspectiva de derechos humanos y la cultura de paz en los subsistemas de educaci\u00f3n media superior. Este compromiso formal asegurar\u00e1 que los esfuerzos est\u00e9n alineados con los ejes rectores de paz, democracia y respeto a los derechos humanos dentro de las escuelas, promoviendo la resoluci\u00f3n pac\u00edfica de conflictos y la convivencia arm\u00f3nica.<\/p>\n\n\n\n<p>\u00abDesde la CEDHT, estamos trabajando de manera colaborativa con las instituciones educativas de todos los niveles para crear una cultura de paz mediante la creaci\u00f3n e implementaci\u00f3n de cursos, talleres y capacitaciones presenciales y virtuales a trav\u00e9s de nuestra Escuela Virtual,\u00bb agreg\u00f3 Ordo\u00f1ez Brasdefer. \u00abInvitamos a todas las escuelas a asumir el compromiso de participar en este distintivo y a trabajar juntos para crear un entorno escolar m\u00e1s seguro e inclusivo.\u00bb<\/p>\n\n\n\n<p>La firma de este convenio es un paso significativo hacia la construcci\u00f3n de una comunidad escolar comprometida con la justicia, la equidad y el respeto mutuo. La CEDHT y la SEPE continuar\u00e1n trabajando juntas para asegurar que las escuelas de Tlaxcala sean espacios inclusivos y seguros donde se respete y promueva la diversidad.<\/p>\n","protected":false},"excerpt":{"rendered":"<p>Impulsan la iniciativa \u00abEscuela Comprometida con los Derechos Humanos\u00bb La Comisi\u00f3n Estatal de Derechos Humanos de Tlaxcala (CEDHT), en colaboraci\u00f3n con la Secretar\u00eda de Educaci\u00f3n P\u00fablica del Estado (SEPE), ha anunciado una nueva iniciativa para fortalecer la educaci\u00f3n en derechos humanos y promover una cultura de paz en las escuelas de nivel medio superior en [&hellip;]<\/p>\n","protected":false},"author":1,"featured_media":42886,"comment_status":"open","ping_status":"open","sticky":false,"template":"","format":"standard","meta":{"advanced_seo_description":"","jetpack_seo_html_title":"","jetpack_seo_noindex":false,"footnotes":"","jetpack_publicize_message":"","jetpack_is_tweetstorm":false,"jetpack_publicize_feature_enabled":true,"jetpack_social_post_already_shared":true,"jetpack_social_options":{"image_generator_settings":{"template":"highway","enabled":false}}},"categories":[5,28],"tags":[],"class_list":["post-42885","post","type-post","status-publish","format-standard","has-post-thumbnail","hentry","category-carrucel","category-educacion"],"jetpack_publicize_connections":[],"jetpack_featured_media_url":"http:\/\/elcensornoticias.com\/wp-content\/uploads\/2024\/07\/Boletin-53-1.jpg","jetpack_likes_enabled":true,"jetpack_sharing_enabled":true,"jetpack_shortlink":"https:\/\/wp.me\/p6xy50-b9H","_links":{"self":[{"href":"http:\/\/elcensornoticias.com\/index.php?rest_route=\/wp\/v2\/posts\/42885","targetHints":{"allow":["GET"]}}],"collection":[{"href":"http:\/\/elcensornoticias.com\/index.php?rest_route=\/wp\/v2\/posts"}],"about":[{"href":"http:\/\/elcensornoticias.com\/index.php?rest_route=\/wp\/v2\/types\/post"}],"author":[{"embeddable":true,"href":"http:\/\/elcensornoticias.com\/index.php?rest_route=\/wp\/v2\/users\/1"}],"replies":[{"embeddable":true,"href":"http:\/\/elcensornoticias.com\/index.php?rest_route=%2Fwp%2Fv2%2Fcomments&post=42885"}],"version-history":[{"count":1,"href":"http:\/\/elcensornoticias.com\/index.php?rest_route=\/wp\/v2\/posts\/42885\/revisions"}],"predecessor-version":[{"id":42887,"href":"http:\/\/elcensornoticias.com\/index.php?rest_route=\/wp\/v2\/posts\/42885\/revisions\/42887"}],"wp:featuredmedia":[{"embeddable":true,"href":"http:\/\/elcensornoticias.com\/index.php?rest_route=\/wp\/v2\/media\/42886"}],"wp:attachment":[{"href":"http:\/\/elcensornoticias.com\/index.php?rest_route=%2Fwp%2Fv2%2Fmedia&parent=42885"}],"wp:term":[{"taxonomy":"category","embeddable":true,"href":"http:\/\/elcensornoticias.com\/index.php?rest_route=%2Fwp%2Fv2%2Fcategories&post=42885"},{"taxonomy":"post_tag","embeddable":true,"href":"http:\/\/elcensornoticias.com\/index.php?rest_route=%2Fwp%2Fv2%2Ftags&post=42885"}],"curies":[{"name":"wp","href":"https:\/\/api.w.org\/{rel}","templated":true}]}}