{"id":42876,"date":"2024-07-11T00:07:59","date_gmt":"2024-07-11T00:07:59","guid":{"rendered":"http:\/\/elcensornoticias.com\/?p=42876"},"modified":"2024-07-11T00:08:22","modified_gmt":"2024-07-11T00:08:22","slug":"presentan-cartel-oficial-de-la-feria-nacional-del-sarape-santa-ana-2024","status":"publish","type":"post","link":"http:\/\/elcensornoticias.com\/?p=42876","title":{"rendered":"PRESENTAN CARTEL OFICIAL DE LA \u201cFERIA NACIONAL DEL SARAPE SANTA ANA 2024\u201d"},"content":{"rendered":"\n<p>El Ayuntamiento de Chiautempan en coordinaci\u00f3n con el Patronato de Feria presentaron el cartel oficial de la \u00fanica y original \u201cFeria Nacional del Sarape Santa Ana 2024\u201d, que se realizar\u00e1 del 26 de julio al 04 de agosto.<\/p>\n\n\n\n<p>Durante la presentaci\u00f3n, el Presidente Municipal, Gustavo Jim\u00e9nez Romero resalt\u00f3 que, este evento tiene un significado especial, ya que ser\u00e1 el \u00faltimo que realice como alcalde, por lo que, subray\u00f3 que como en otros a\u00f1os pondr\u00e1n el mayor de los empe\u00f1os para el disfrute de la ciudadan\u00eda local y nacional que asista.<\/p>\n\n\n\n<p>\u201cNuevamente Chiautempan se vestir\u00e1 de fiesta, una con respeto, con seguridad, con colores y tradiciones, ser\u00e1 una fiesta inolvidable para todos los turistas y mis vecinos chiautempenses\u201d, a\u00f1adi\u00f3 Jim\u00e9nez Romero.<\/p>\n\n\n\n<p>En su intervenci\u00f3n, Carlos Cerdio Osorio, Secretario de Ayuntamiento coment\u00f3 que, la administraci\u00f3n que preside Gustavo Jim\u00e9nez tiene la oportunidad de cerrar con un evento para beneficio de los chiautempenses a trav\u00e9s de importantes eventos y actividades que ser\u00e1n del agrado de todas las personas y turistas.&nbsp;<\/p>\n\n\n\n<p>En materia de seguridad, Jes\u00fas Herrera Moreno, Director de Seguridad P\u00fablica Municipal asever\u00f3 que, se establecer\u00e1 un trabajo coordinado con la Secretar\u00eda de Seguridad Ciudadana (SSC), Guardia Nacional (GN) y la Secretar\u00eda de la Defensa Nacional (SEDENA), mediante recorridos en la periferia del recinto ferial, zona centro y principales accesos al municipio; as\u00ed como la utilizaci\u00f3n de arcos y paletas detectoras, a fin contar con un ambiente libre de violencia e incidencia delictiva.<\/p>\n\n\n\n<p>De esta manera, \u00c1ngel Alejandro Gonz\u00e1lez Armas, Presidente del Patronato de Feria present\u00f3 el cartel oficial e indic\u00f3 que, esta feria se caracterizar\u00e1 por eventos culturales y art\u00edsticos del municipio y ciudades aleda\u00f1as; adem\u00e1s, a\u00f1adi\u00f3 que en el caso del certamen de reina se ha invitado a todas las comunidades, por lo que, al momento se tiene un registro de 15 participantes, finalmente dijo que, todos los eventos a excepci\u00f3n de las paellas y baile de feria, son totalmente gratuitos y s\u00f3lo tres de ellos tienen la aportaci\u00f3n de un kilo de ayuda para beneficio del Sistema Municipal DIF para entregarse a mediados de agosto.<\/p>\n\n\n\n<p>Es as\u00ed como la Feria del Sarape contar\u00e1 entre sus atractivos actividades art\u00edsticas, culturales, musicales, gastron\u00f3micas, deportivas y m\u00e1s; iniciando el viernes 26 de julio con la inauguraci\u00f3n y realizaci\u00f3n del certamen y coronaci\u00f3n de la reina, ballet folkl\u00f3rico Yolot y el baile a cargo de Los Socios del Ritmo.<\/p>\n\n\n\n<p>El s\u00e1bado 27 de julio se realizar\u00e1 una exhibici\u00f3n de box y las presentaciones de Jorge Dom\u00ednguez y Edwin Guzm\u00e1n; para el domingo 28 de julio se llevar\u00e1n a cabo las siguientes actividades: Los Ka\u00f1a Realez, Partido de Feria, Carrera 5K, pasarela por el Instituto de Estilismo M. Lardiz\u00e1bal, violines de ensue\u00f1o y la presentaci\u00f3n de Los Chicos Aventura.<\/p>\n\n\n\n<p>En el caso del 29 de julio se llevar\u00e1 a cabo el magno desfile de la Feria Chiautempan 2024, as\u00ed como a desarrollar un lunes infantil con lucha libre, tributo a Bely y Beto y m\u00e1s tarde un lunes sonidero.<\/p>\n\n\n\n<p>Para el martes 30 de julio la presentaci\u00f3n del Internacional Carro Show y Black Power de Teo Ortega; en el caso del mi\u00e9rcoles 31, la presentaci\u00f3n de Los Akino y Los Terr\u00edcolas y en el caso del jueves 01 de agosto se llevar\u00e1 a cabo un \u201cDuelo de Bandas\u201d.<\/p>\n\n\n\n<p>En el viernes 02 de agosto se llevar\u00e1 el Festival de Paellas y las presentaciones de Mariachi El Grullo, Mando Real, Aline tributo a las divas y Jaime Varela con un tributo a Juan Gabriel.<\/p>\n\n\n\n<p>S\u00e1bado 03 de agosto se realizar\u00e1 la \u201cChiautempada y las presentaciones de mariachi El Grullo, Banda San Juan, Klazykeros y un grupo sorpresa, as\u00ed como un evento de canto en n\u00e1huatl.<\/p>\n\n\n\n<p>Cabe destacar que, el domingo 04 de agosto se llevar\u00e1 el Marat\u00f3n Nacional MTB del Sarape 2024, el cual consiste en una carrera ciclista 21 KM y la carrera 5K en las categor\u00edas libre y master femenil y varonil.<\/p>\n\n\n\n<p>Asimismo, la presentaci\u00f3n de Los Brillantes de la Kumbia, grupo experimental \u201cProyecci\u00f3n Juvenil\u201d y la presentaci\u00f3n estelar de Ali Telez y su grupo Telechikoz, Cumbia Nova y Alcade la Sonora.<\/p>\n\n\n\n<p>A la presentaci\u00f3n asistieron: Mois\u00e9s Mu\u00f1oz Barceinas, Coordinador de Protecci\u00f3n Civil; Venur V\u00e1zquez Gonz\u00e1lez, Secretario del Patronato de Feria; Sa\u00fal V\u00e1zquez Temoltzin, Vocal del Patronato; Stephanie Denisse V\u00e1zquez Cruz, reina de La Feria de Ferias Tlaxcala 2023 y Carolina Gracia Isla, reina de Feria Chiautempan 2023.<\/p>\n","protected":false},"excerpt":{"rendered":"<p>El Ayuntamiento de Chiautempan en coordinaci\u00f3n con el Patronato de Feria presentaron el cartel oficial de la \u00fanica y original \u201cFeria Nacional del Sarape Santa Ana 2024\u201d, que se realizar\u00e1 del 26 de julio al 04 de agosto. Durante la presentaci\u00f3n, el Presidente Municipal, Gustavo Jim\u00e9nez Romero resalt\u00f3 que, este evento tiene un significado especial, [&hellip;]<\/p>\n","protected":false},"author":1,"featured_media":42877,"comment_status":"open","ping_status":"open","sticky":false,"template":"","format":"standard","meta":{"advanced_seo_description":"","jetpack_seo_html_title":"","jetpack_seo_noindex":false,"footnotes":"","jetpack_publicize_message":"","jetpack_is_tweetstorm":false,"jetpack_publicize_feature_enabled":true,"jetpack_social_post_already_shared":true,"jetpack_social_options":{"image_generator_settings":{"template":"highway","enabled":false}}},"categories":[5,10],"tags":[],"class_list":["post-42876","post","type-post","status-publish","format-standard","has-post-thumbnail","hentry","category-carrucel","category-municipios"],"jetpack_publicize_connections":[],"jetpack_featured_media_url":"http:\/\/elcensornoticias.com\/wp-content\/uploads\/2024\/07\/IMG-20240710-WA0019.jpg","jetpack_likes_enabled":true,"jetpack_sharing_enabled":true,"jetpack_shortlink":"https:\/\/wp.me\/p6xy50-b9y","_links":{"self":[{"href":"http:\/\/elcensornoticias.com\/index.php?rest_route=\/wp\/v2\/posts\/42876","targetHints":{"allow":["GET"]}}],"collection":[{"href":"http:\/\/elcensornoticias.com\/index.php?rest_route=\/wp\/v2\/posts"}],"about":[{"href":"http:\/\/elcensornoticias.com\/index.php?rest_route=\/wp\/v2\/types\/post"}],"author":[{"embeddable":true,"href":"http:\/\/elcensornoticias.com\/index.php?rest_route=\/wp\/v2\/users\/1"}],"replies":[{"embeddable":true,"href":"http:\/\/elcensornoticias.com\/index.php?rest_route=%2Fwp%2Fv2%2Fcomments&post=42876"}],"version-history":[{"count":1,"href":"http:\/\/elcensornoticias.com\/index.php?rest_route=\/wp\/v2\/posts\/42876\/revisions"}],"predecessor-version":[{"id":42878,"href":"http:\/\/elcensornoticias.com\/index.php?rest_route=\/wp\/v2\/posts\/42876\/revisions\/42878"}],"wp:featuredmedia":[{"embeddable":true,"href":"http:\/\/elcensornoticias.com\/index.php?rest_route=\/wp\/v2\/media\/42877"}],"wp:attachment":[{"href":"http:\/\/elcensornoticias.com\/index.php?rest_route=%2Fwp%2Fv2%2Fmedia&parent=42876"}],"wp:term":[{"taxonomy":"category","embeddable":true,"href":"http:\/\/elcensornoticias.com\/index.php?rest_route=%2Fwp%2Fv2%2Fcategories&post=42876"},{"taxonomy":"post_tag","embeddable":true,"href":"http:\/\/elcensornoticias.com\/index.php?rest_route=%2Fwp%2Fv2%2Ftags&post=42876"}],"curies":[{"name":"wp","href":"https:\/\/api.w.org\/{rel}","templated":true}]}}