{"id":42870,"date":"2024-07-11T00:02:39","date_gmt":"2024-07-11T00:02:39","guid":{"rendered":"http:\/\/elcensornoticias.com\/?p=42870"},"modified":"2024-07-11T00:02:41","modified_gmt":"2024-07-11T00:02:41","slug":"inicia-tengo-un-sueno-coahuila-y-nuevo-leon-2024","status":"publish","type":"post","link":"http:\/\/elcensornoticias.com\/?p=42870","title":{"rendered":"Inicia Tengo un sue\u00f1o Coahuila y Nuevo Le\u00f3n 2024"},"content":{"rendered":"\n<ul class=\"wp-block-list\">\n<li><strong>Participar\u00e1n ni\u00f1as, ni\u00f1os y j\u00f3venes de Semilleros Creativos de los estados<\/strong><\/li>\n<\/ul>\n\n\n\n<p>Este 13 de julio de 2024, dar\u00e1 inicio Tengo un sue\u00f1o Coahuila y Nuevo Le\u00f3n 2024 \u201cMi origen, mi identidad\u201d, uno de los 27 eventos biestatales y estatales en el pa\u00eds que forman parte del Festival Tengo un sue\u00f1o 2024.<\/p>\n\n\n\n<p>Este evento es organizado por la Secretar\u00eda de Cultura del Gobierno de M\u00e9xico, a trav\u00e9s del programa Cultura Comunitaria, en colaboraci\u00f3n con los gobiernos de Coahuila y Nuevo Le\u00f3n junto con sus municipios. En \u00e9l se compartir\u00e1n los alcances y la capacidad creativa de ni\u00f1as, ni\u00f1os y j\u00f3venes de los Semilleros Creativos de las entidades, para mostrar su contexto y la diversidad de expresiones y manifestaciones culturales y art\u00edsticas de ambas regiones.<\/p>\n\n\n\n<p>Los Semilleros Creativos son grupos de formaci\u00f3n art\u00edstica gratuita para la ni\u00f1ez y las juventudes del pa\u00eds, donde se promueve su participaci\u00f3n en la vida art\u00edstica, el pensamiento cr\u00edtico y su posicionamiento como agentes culturales.<\/p>\n\n\n\n<p>Como parte de las actividades, a partir de las 14:00 h, se llevar\u00e1 a cabo la exposici\u00f3n \u201cPinceladas de mi tierra\u201d, compuesta por 120 obras realizadas por participantes de Semilleros Creativos en la disciplina de pintura y originarios de Saltillo en Coahuila, as\u00ed como de Apodaca, Ju\u00e1rez y El Carmen en Nuevo Le\u00f3n. La cita es en el lobby del Teatro del Centro de las Artes de Nuevo Le\u00f3n, ubicado en Parque Fundidora Av. Fundidora y Adolfo Prieto s\/n, Col. Obrera, Monterrey, Nuevo Le\u00f3n.<\/p>\n\n\n\n<p>En este mismo recinto, integrantes de los Semilleros Creativos de Teatro en Ramos Arizpe, Monclova y Guadalupe realizar\u00e1n una puesta en escena con tem\u00e1tica de la mitolog\u00eda prehisp\u00e1nica; por su parte el Coro comunitario en movimiento \u00abOjos de Santa Luc\u00eda\u00bb con sede en Monterrey interpretar\u00e1 algunas piezas \u00edcono de los Semilleros Creativos de M\u00fasica entre las que destaca&nbsp;<em>Chan paal&nbsp;<\/em>(peque\u00f1o ni\u00f1o, en lengua maya) y&nbsp;<em>Nuestra casa es un pa\u00eds<\/em>, entre otras.&nbsp;<\/p>\n\n\n\n<p>Tengo un sue\u00f1o Coahuila y Nuevo Le\u00f3n 2024 permitir\u00e1 generar conexiones e intercambios creativos entre los distintos Semilleros ubicados en una misma zona geogr\u00e1fica, adem\u00e1s de invitar al p\u00fablico a conocer estos grupos como una alternativa viable y accesible para la convivencia arm\u00f3nica, a partir de pol\u00edticas culturales de base comunitaria.<\/p>\n\n\n\n<p>La programaci\u00f3n es gratuita y abierta al p\u00fablico; se puede consultar en la p\u00e1gina de Cultura Comunitaria: culturacomunitaria.gob.mx, y mediante las redes sociales de la Direcci\u00f3n General de Vinculaci\u00f3n Cultural (Facebook y Twitter @VinculaCultura) y el Sistema Nacional de Fomento Musical (Facebook y Twitter @FomentoMusical).<\/p>\n\n\n\n<p>Con estas acciones, la Secretar\u00eda de Cultura apoya estrategias que contribuyen al ejercicio efectivo de los derechos culturales de ni\u00f1as, ni\u00f1os y j\u00f3venes en las 32 entidades federativas del pa\u00eds, y con ello fomenta una cultura de paz.<\/p>\n","protected":false},"excerpt":{"rendered":"<p>Este 13 de julio de 2024, dar\u00e1 inicio Tengo un sue\u00f1o Coahuila y Nuevo Le\u00f3n 2024 \u201cMi origen, mi identidad\u201d, uno de los 27 eventos biestatales y estatales en el pa\u00eds que forman parte del Festival Tengo un sue\u00f1o 2024. Este evento es organizado por la Secretar\u00eda de Cultura del Gobierno de M\u00e9xico, a trav\u00e9s [&hellip;]<\/p>\n","protected":false},"author":1,"featured_media":42871,"comment_status":"open","ping_status":"open","sticky":false,"template":"","format":"standard","meta":{"advanced_seo_description":"","jetpack_seo_html_title":"","jetpack_seo_noindex":false,"footnotes":"","jetpack_publicize_message":"","jetpack_is_tweetstorm":false,"jetpack_publicize_feature_enabled":true,"jetpack_social_post_already_shared":true,"jetpack_social_options":{"image_generator_settings":{"template":"highway","enabled":false}}},"categories":[26,4],"tags":[],"class_list":["post-42870","post","type-post","status-publish","format-standard","has-post-thumbnail","hentry","category-cultura","category-noticias"],"jetpack_publicize_connections":[],"jetpack_featured_media_url":"http:\/\/elcensornoticias.com\/wp-content\/uploads\/2024\/07\/Flyer_programacion-NL_Coahuila.jpeg","jetpack_likes_enabled":true,"jetpack_sharing_enabled":true,"jetpack_shortlink":"https:\/\/wp.me\/p6xy50-b9s","_links":{"self":[{"href":"http:\/\/elcensornoticias.com\/index.php?rest_route=\/wp\/v2\/posts\/42870","targetHints":{"allow":["GET"]}}],"collection":[{"href":"http:\/\/elcensornoticias.com\/index.php?rest_route=\/wp\/v2\/posts"}],"about":[{"href":"http:\/\/elcensornoticias.com\/index.php?rest_route=\/wp\/v2\/types\/post"}],"author":[{"embeddable":true,"href":"http:\/\/elcensornoticias.com\/index.php?rest_route=\/wp\/v2\/users\/1"}],"replies":[{"embeddable":true,"href":"http:\/\/elcensornoticias.com\/index.php?rest_route=%2Fwp%2Fv2%2Fcomments&post=42870"}],"version-history":[{"count":1,"href":"http:\/\/elcensornoticias.com\/index.php?rest_route=\/wp\/v2\/posts\/42870\/revisions"}],"predecessor-version":[{"id":42872,"href":"http:\/\/elcensornoticias.com\/index.php?rest_route=\/wp\/v2\/posts\/42870\/revisions\/42872"}],"wp:featuredmedia":[{"embeddable":true,"href":"http:\/\/elcensornoticias.com\/index.php?rest_route=\/wp\/v2\/media\/42871"}],"wp:attachment":[{"href":"http:\/\/elcensornoticias.com\/index.php?rest_route=%2Fwp%2Fv2%2Fmedia&parent=42870"}],"wp:term":[{"taxonomy":"category","embeddable":true,"href":"http:\/\/elcensornoticias.com\/index.php?rest_route=%2Fwp%2Fv2%2Fcategories&post=42870"},{"taxonomy":"post_tag","embeddable":true,"href":"http:\/\/elcensornoticias.com\/index.php?rest_route=%2Fwp%2Fv2%2Ftags&post=42870"}],"curies":[{"name":"wp","href":"https:\/\/api.w.org\/{rel}","templated":true}]}}