{"id":42845,"date":"2024-07-10T04:43:37","date_gmt":"2024-07-10T04:43:37","guid":{"rendered":"http:\/\/elcensornoticias.com\/?p=42845"},"modified":"2024-07-10T04:43:44","modified_gmt":"2024-07-10T04:43:44","slug":"habilita-smyt-tramite-en-linea-del-permiso-provisional-para-circular-sin-placas","status":"publish","type":"post","link":"http:\/\/elcensornoticias.com\/?p=42845","title":{"rendered":"HABILITA SMyT TR\u00c1MITE EN L\u00cdNEA DEL PERMISO PROVISIONAL PARA CIRCULAR SIN PLACAS"},"content":{"rendered":"\n<p>Como parte de las acciones para promover la modernizaci\u00f3n administrativa que mejore la movilidad, el transporte y las comunicaciones del estado.<\/p>\n\n\n\n<p>A fin de hacer m\u00e1s eficiente la atenci\u00f3n que brinda a la ciudadan\u00eda, la Secretar\u00eda de Movilidad y Transporte (SMyT) habilit\u00f3 el tr\u00e1mite en l\u00ednea del permiso provisional para circular sin placas, el cual est\u00e1 disponible para personas f\u00edsicas y morales que adquirieron un veh\u00edculo nuevo o usado que no est\u00e9 emplacado.&nbsp;<\/p>\n\n\n\n<p>Lo anterior, en cumplimiento al Plan Estatal de Desarrollo 2021-2027, cuyo programa 49 denominado \u201cMovilidad, transporte sostenible y comunicaciones\u201d tiene por objetivo promover la modernizaci\u00f3n administrativa y las capacidades institucionales para eficientar la movilidad, el transporte y las comunicaciones del estado.&nbsp;<\/p>\n\n\n\n<p>Los interesados podr\u00e1n ingresar al enlace http:\/\/smyt.tlaxcala.gob.mx y dirigirse a la opci\u00f3n Permiso provisional para circular, elegir entre las opciones persona f\u00edsica o en su caso persona moral, capturar los datos del veh\u00edculo, as\u00ed como datos de la factura, datos del propietario, y adjuntar los documentos que correspondan a cada caso.&nbsp;<\/p>\n\n\n\n<p>Las personas f\u00edsicas deber\u00e1n adjuntar la identificaci\u00f3n oficial vigente por el lado anverso y reverso, CURP vigente, comprobante de domicilio con una antig\u00fcedad no mayor a tres meses, la factura o carta factura seg\u00fan corresponda y, si se trata de autom\u00f3viles usados, deber\u00e1 anexar la baja de la unidad.<\/p>\n\n\n\n<p>Las personas morales deber\u00e1n adjuntar factura o carta factura, acta constitutiva de la empresa, identificaci\u00f3n oficial del representante legal, CURP del representante legal, comprobante de domicilio fiscal con una antig\u00fcedad no mayor a tres meses y s\u00ed se trata de un veh\u00edculo usado, deber\u00e1 anexar la baja de la unidad.&nbsp;<\/p>\n\n\n\n<p>Una vez que se env\u00edan los documentos, estos son validados y el interesado recibe un correo electr\u00f3nico de confirmaci\u00f3n para realizar el pago en l\u00ednea correspondiente y una vez que este se acredite, se habilita la opci\u00f3n para imprimir el permiso provisional para circular sin placas.<\/p>\n\n\n\n<p>El costo del documento es de 326 pesos, de acuerdo con lo que establece la Ley de Ingresos del estado de Tlaxcala para el Ejercicio Fiscal 2024.<\/p>\n\n\n\n<p>Cabe mencionar que, para veh\u00edculos usados con placas de Tlaxcala, la validaci\u00f3n de baja se realiza de manera autom\u00e1tica, y para el caso de veh\u00edculos for\u00e1neos, la validaci\u00f3n se realiza con la entidad de origen y puede llevar un poco m\u00e1s de tiempo.&nbsp;<\/p>\n\n\n\n<p>De esta forma, la SMyT refrenda su compromiso con la ciudadan\u00eda de optimizar procesos y coadyuvar en el ahorro de tiempo y dinero.&nbsp;<\/p>\n\n\n\n<p>Para m\u00e1s informaci\u00f3n, los interesados pueden llamar al 246 46 5 29 60 extensi\u00f3n 3346, o bien, consultar el portal web https:\/\/smyt.tlaxcala.gob.mx<\/p>\n","protected":false},"excerpt":{"rendered":"<p>Como parte de las acciones para promover la modernizaci\u00f3n administrativa que mejore la movilidad, el transporte y las comunicaciones del estado. A fin de hacer m\u00e1s eficiente la atenci\u00f3n que brinda a la ciudadan\u00eda, la Secretar\u00eda de Movilidad y Transporte (SMyT) habilit\u00f3 el tr\u00e1mite en l\u00ednea del permiso provisional para circular sin placas, el cual [&hellip;]<\/p>\n","protected":false},"author":1,"featured_media":42846,"comment_status":"open","ping_status":"open","sticky":false,"template":"","format":"standard","meta":{"advanced_seo_description":"","jetpack_seo_html_title":"","jetpack_seo_noindex":false,"footnotes":"","jetpack_publicize_message":"","jetpack_is_tweetstorm":false,"jetpack_publicize_feature_enabled":true,"jetpack_social_post_already_shared":true,"jetpack_social_options":{"image_generator_settings":{"template":"highway","enabled":false}}},"categories":[5,3],"tags":[],"class_list":["post-42845","post","type-post","status-publish","format-standard","has-post-thumbnail","hentry","category-carrucel","category-gobierno"],"jetpack_publicize_connections":[],"jetpack_featured_media_url":"http:\/\/elcensornoticias.com\/wp-content\/uploads\/2024\/07\/IMG-20240709-WA0043.jpg","jetpack_likes_enabled":true,"jetpack_sharing_enabled":true,"jetpack_shortlink":"https:\/\/wp.me\/p6xy50-b93","_links":{"self":[{"href":"http:\/\/elcensornoticias.com\/index.php?rest_route=\/wp\/v2\/posts\/42845","targetHints":{"allow":["GET"]}}],"collection":[{"href":"http:\/\/elcensornoticias.com\/index.php?rest_route=\/wp\/v2\/posts"}],"about":[{"href":"http:\/\/elcensornoticias.com\/index.php?rest_route=\/wp\/v2\/types\/post"}],"author":[{"embeddable":true,"href":"http:\/\/elcensornoticias.com\/index.php?rest_route=\/wp\/v2\/users\/1"}],"replies":[{"embeddable":true,"href":"http:\/\/elcensornoticias.com\/index.php?rest_route=%2Fwp%2Fv2%2Fcomments&post=42845"}],"version-history":[{"count":1,"href":"http:\/\/elcensornoticias.com\/index.php?rest_route=\/wp\/v2\/posts\/42845\/revisions"}],"predecessor-version":[{"id":42847,"href":"http:\/\/elcensornoticias.com\/index.php?rest_route=\/wp\/v2\/posts\/42845\/revisions\/42847"}],"wp:featuredmedia":[{"embeddable":true,"href":"http:\/\/elcensornoticias.com\/index.php?rest_route=\/wp\/v2\/media\/42846"}],"wp:attachment":[{"href":"http:\/\/elcensornoticias.com\/index.php?rest_route=%2Fwp%2Fv2%2Fmedia&parent=42845"}],"wp:term":[{"taxonomy":"category","embeddable":true,"href":"http:\/\/elcensornoticias.com\/index.php?rest_route=%2Fwp%2Fv2%2Fcategories&post=42845"},{"taxonomy":"post_tag","embeddable":true,"href":"http:\/\/elcensornoticias.com\/index.php?rest_route=%2Fwp%2Fv2%2Ftags&post=42845"}],"curies":[{"name":"wp","href":"https:\/\/api.w.org\/{rel}","templated":true}]}}