{"id":42833,"date":"2024-07-10T04:37:11","date_gmt":"2024-07-10T04:37:11","guid":{"rendered":"http:\/\/elcensornoticias.com\/?p=42833"},"modified":"2024-07-10T04:37:20","modified_gmt":"2024-07-10T04:37:20","slug":"invita-sedif-al-curso-de-verano-la-ciudad-de-las-y-los-ninos","status":"publish","type":"post","link":"http:\/\/elcensornoticias.com\/?p=42833","title":{"rendered":"INVITA SEDIF AL CURSO DE VERANO \u201cLA CIUDAD DE LAS Y LOS NI\u00d1OS\u201d"},"content":{"rendered":"\n<p>Est\u00e1 pensado para que las y los ni\u00f1os adquieran sentido de pertenencia y de ciudadan\u00eda, y que entiendan que cada rol en la sociedad es muy importante\u201d: Mariana Espinosa de los Monteros_<\/p>\n\n\n\n<p>El Sistema Estatal para el Desarrollo Integral de la Familia (SEDIF) present\u00f3 este martes el curso de verano \u201cLa Ciudad de las y los Ni\u00f1os\u201d, que se llevar\u00e1 a cabo del 5 al 16 de agosto en el Centro de Convenciones de Tlaxcala.&nbsp;<\/p>\n\n\n\n<p>En conferencia de prensa, acompa\u00f1ada por la directora general del organismo, Flor L\u00f3pez Hinojosa, la presidenta honoraria del SEDIF, Mariana Espinosa de los Monteros Cu\u00e9llar inform\u00f3 que este curso de verano est\u00e1 dirigido a ni\u00f1as y ni\u00f1os de 5 a 11 a\u00f1os, y que las inscripciones estar\u00e1n abiertas a partir de este d\u00eda y hasta el 2 de agosto en las instalaciones del SEDIF de 10:00 a 17:00 horas.&nbsp;<\/p>\n\n\n\n<p>Explic\u00f3 que \u201ceste curso est\u00e1 pensado para que las y los ni\u00f1os adquieran ese sentido de pertenencia y de ciudadan\u00eda, y que entiendan que cada rol en la sociedad es muy importante\u201d.&nbsp;<\/p>\n\n\n\n<p>\u201cSer\u00e1 la misma din\u00e1mica del a\u00f1o pasado: las y los ni\u00f1os participaron en diversas actividades dentro de una r\u00e9plica de la ciudad de Tlaxcala, donde podr\u00e1n desempe\u00f1ar diferentes roles, desde ser m\u00e9dicos, bomberos, periodistas, polic\u00edas, incluso ser gobernadora o gobernador por un d\u00eda, y atender audiencias p\u00fablicas\u201d, dijo.&nbsp;<\/p>\n\n\n\n<p>Al respecto, Mariana Espinosa de los Monteros agreg\u00f3 que, al igual que en 2023, esperan la participaci\u00f3n de 600 ni\u00f1as y ni\u00f1os, quienes podr\u00e1n participar de las diversas actividades que est\u00e1n preparando m\u00e1s de 16 dependencias del Gobierno del Estado, instituciones y la iniciativa privada.&nbsp;<\/p>\n\n\n\n<p>En su oportunidad, la directora general del SEDIF dio a conocer los requisitos que las mam\u00e1s, pap\u00e1s y tutores deben presentar en las instalaciones del organismo, ubicadas en calle Jos\u00e9 Mar\u00eda Moleros, n\u00famero 4, en la capital: Copia de la CURP de la o el ni\u00f1o, Certificado m\u00e9dico reciente (expedido por cualquier servicio m\u00e9dico), Dos&nbsp; fotograf\u00edas tama\u00f1o infantil (blanco y negro, o color), Copia de INE de la mam\u00e1, pap\u00e1,&nbsp; tutor o persona responsable de recoger a las y los ni\u00f1os, y cubrir una cuota de 250 pesos como corresponsabilidad.&nbsp;<\/p>\n\n\n\n<p>\u201cEs un curso donde van a tener la oportunidad de conocer las actividades que hacen varias dependencias como la Secretar\u00eda de Seguridad Ciudadana, o las secretar\u00edas de Desarrollo Econ\u00f3mico o Turismo. Es una forma de interactuar y conocer las actividades que hacen las y los ciudadanos, as\u00ed como las responsabilidades, como lo es el pagar impuestos, realizar tr\u00e1mites, trabajar y recibir un recurso, con lo que podr\u00e1n realizar compras con causa\u201d, abund\u00f3.&nbsp;<\/p>\n\n\n\n<p>Finalmente, el director de Prevenci\u00f3n y Atenci\u00f3n Familiar, Stefano Di Grazia Hern\u00e1ndez, coment\u00f3 que las y los ni\u00f1os participantes recibir\u00e1n un kit, con el cual contar\u00e1n con billetes de juguete conocidos como \u201cCuachePesos\u201d para realizar pagos y compras dentro de la \u201cCiudad de las y los Ni\u00f1os\u201d.&nbsp;<\/p>\n\n\n\n<p>Mencion\u00f3 que habr\u00e1 seguridad y personal suficiente para garantizar el cuidado y la integridad de las ni\u00f1as y ni\u00f1os que se inscriban en este curso de verano.<\/p>\n","protected":false},"excerpt":{"rendered":"<p>Est\u00e1 pensado para que las y los ni\u00f1os adquieran sentido de pertenencia y de ciudadan\u00eda, y que entiendan que cada rol en la sociedad es muy importante\u201d: Mariana Espinosa de los Monteros_ El Sistema Estatal para el Desarrollo Integral de la Familia (SEDIF) present\u00f3 este martes el curso de verano \u201cLa Ciudad de las y [&hellip;]<\/p>\n","protected":false},"author":1,"featured_media":42834,"comment_status":"open","ping_status":"open","sticky":false,"template":"","format":"standard","meta":{"advanced_seo_description":"","jetpack_seo_html_title":"","jetpack_seo_noindex":false,"footnotes":"","jetpack_publicize_message":"","jetpack_is_tweetstorm":false,"jetpack_publicize_feature_enabled":true,"jetpack_social_post_already_shared":true,"jetpack_social_options":{"image_generator_settings":{"template":"highway","enabled":false}}},"categories":[5,3],"tags":[],"class_list":["post-42833","post","type-post","status-publish","format-standard","has-post-thumbnail","hentry","category-carrucel","category-gobierno"],"jetpack_publicize_connections":[],"jetpack_featured_media_url":"http:\/\/elcensornoticias.com\/wp-content\/uploads\/2024\/07\/IMG-20240709-WA0018.jpg","jetpack_likes_enabled":true,"jetpack_sharing_enabled":true,"jetpack_shortlink":"https:\/\/wp.me\/p6xy50-b8R","_links":{"self":[{"href":"http:\/\/elcensornoticias.com\/index.php?rest_route=\/wp\/v2\/posts\/42833","targetHints":{"allow":["GET"]}}],"collection":[{"href":"http:\/\/elcensornoticias.com\/index.php?rest_route=\/wp\/v2\/posts"}],"about":[{"href":"http:\/\/elcensornoticias.com\/index.php?rest_route=\/wp\/v2\/types\/post"}],"author":[{"embeddable":true,"href":"http:\/\/elcensornoticias.com\/index.php?rest_route=\/wp\/v2\/users\/1"}],"replies":[{"embeddable":true,"href":"http:\/\/elcensornoticias.com\/index.php?rest_route=%2Fwp%2Fv2%2Fcomments&post=42833"}],"version-history":[{"count":1,"href":"http:\/\/elcensornoticias.com\/index.php?rest_route=\/wp\/v2\/posts\/42833\/revisions"}],"predecessor-version":[{"id":42835,"href":"http:\/\/elcensornoticias.com\/index.php?rest_route=\/wp\/v2\/posts\/42833\/revisions\/42835"}],"wp:featuredmedia":[{"embeddable":true,"href":"http:\/\/elcensornoticias.com\/index.php?rest_route=\/wp\/v2\/media\/42834"}],"wp:attachment":[{"href":"http:\/\/elcensornoticias.com\/index.php?rest_route=%2Fwp%2Fv2%2Fmedia&parent=42833"}],"wp:term":[{"taxonomy":"category","embeddable":true,"href":"http:\/\/elcensornoticias.com\/index.php?rest_route=%2Fwp%2Fv2%2Fcategories&post=42833"},{"taxonomy":"post_tag","embeddable":true,"href":"http:\/\/elcensornoticias.com\/index.php?rest_route=%2Fwp%2Fv2%2Ftags&post=42833"}],"curies":[{"name":"wp","href":"https:\/\/api.w.org\/{rel}","templated":true}]}}