{"id":42818,"date":"2024-07-10T04:26:09","date_gmt":"2024-07-10T04:26:09","guid":{"rendered":"http:\/\/elcensornoticias.com\/?p=42818"},"modified":"2024-07-10T04:26:17","modified_gmt":"2024-07-10T04:26:17","slug":"canada-restituira-257-piezas-arqueologicas-a-mexico","status":"publish","type":"post","link":"http:\/\/elcensornoticias.com\/?p=42818","title":{"rendered":"Canad\u00e1 restituir\u00e1 257 piezas arqueol\u00f3gicas a M\u00e9xico"},"content":{"rendered":"\n<ul class=\"wp-block-list\">\n<li><strong>Son devueltas a autoridades consulares de nuestro pa\u00eds en Montreal por una ciudadana de origen mexicano<\/strong><\/li>\n<\/ul>\n\n\n\n<ul class=\"wp-block-list\">\n<li><strong>Se trata de un conjunto de 256 objetos de origen prehisp\u00e1nico, algunos con hasta 1,000 a\u00f1os de antig\u00fcedad, y una pieza de car\u00e1cter hist\u00f3rico<\/strong><\/li>\n<\/ul>\n\n\n\n<p>El Gobierno de M\u00e9xico, a trav\u00e9s de su Consulado General en Montreal, Canad\u00e1, recibi\u00f3 en restituci\u00f3n 257 piezas de origen arqueol\u00f3gico, entregadas voluntariamente por la ciudadana mexicana Susana Zarco Car\u00f3n, quien reside en dicho pa\u00eds desde 1968.<\/p>\n\n\n\n<p>En la ceremonia de restituci\u00f3n, realizada este lunes 8 de julio, el c\u00f3nsul general de M\u00e9xico en Montreal, V\u00edctor Trevi\u00f1o Escudero, reconoci\u00f3 y agradeci\u00f3 el inter\u00e9s de la se\u00f1ora Zarco Car\u00f3n para reintegrar a nuestro pa\u00eds este conjunto de elementos patrimoniales.<\/p>\n\n\n\n<p>A partir de un dictamen realizado por especialistas del Instituto Nacional de Antropolog\u00eda e Historia (INAH), instituci\u00f3n de la Secretar\u00eda de Cultura federal, se ha establecido que los bienes arqueol\u00f3gicos entregados son propiedad de la naci\u00f3n mexicana, de acuerdo con lo establecido en la Ley Federal sobre Monumentos y Zonas Arqueol\u00f3gicos, Art\u00edsticos e Hist\u00f3ricos.<\/p>\n\n\n\n<p>El an\u00e1lisis determin\u00f3 que 256 piezas son monumentos arqueol\u00f3gicos muebles, provenientes de diversas civilizaciones mesoamericanas, con fechamientos que inician en el periodo Cl\u00e1sico (200-900 d.C.) y finalizan en el Poscl\u00e1sico (1200-1521 d.C.); la pieza restante es de car\u00e1cter hist\u00f3rico.<\/p>\n\n\n\n<p>M\u00e9xico ha implementado una serie de acciones y estrategias jur\u00eddicas que han propiciado la restituci\u00f3n del patrimonio cultural de nuestro pa\u00eds que se localiza en el extranjero, gracias al esfuerzo conjunto de las secretar\u00edas de Relaciones Exteriores y de Cultura.<\/p>\n\n\n\n<p>Las 257 piezas arqueol\u00f3gicas que ser\u00e1n retornadas pr\u00f3ximamente se suman a las m\u00e1s de 13,500 recuperadas en el marco de la estrategia #MiPatrimonioNoSeVende, a trav\u00e9s de la cual el Gobierno de M\u00e9xico ha reafirmado su compromiso de recuperar, resguardar y difundir el patrimonio cultural expoliado de forma il\u00edcita.&nbsp;<\/p>\n","protected":false},"excerpt":{"rendered":"<p>El Gobierno de M\u00e9xico, a trav\u00e9s de su Consulado General en Montreal, Canad\u00e1, recibi\u00f3 en restituci\u00f3n 257 piezas de origen arqueol\u00f3gico, entregadas voluntariamente por la ciudadana mexicana Susana Zarco Car\u00f3n, quien reside en dicho pa\u00eds desde 1968. En la ceremonia de restituci\u00f3n, realizada este lunes 8 de julio, el c\u00f3nsul general de M\u00e9xico en Montreal, [&hellip;]<\/p>\n","protected":false},"author":1,"featured_media":42819,"comment_status":"open","ping_status":"open","sticky":false,"template":"","format":"standard","meta":{"advanced_seo_description":"","jetpack_seo_html_title":"","jetpack_seo_noindex":false,"footnotes":"","jetpack_publicize_message":"","jetpack_is_tweetstorm":false,"jetpack_publicize_feature_enabled":true,"jetpack_social_post_already_shared":true,"jetpack_social_options":{"image_generator_settings":{"template":"highway","enabled":false}}},"categories":[26,4],"tags":[],"class_list":["post-42818","post","type-post","status-publish","format-standard","has-post-thumbnail","hentry","category-cultura","category-noticias"],"jetpack_publicize_connections":[],"jetpack_featured_media_url":"http:\/\/elcensornoticias.com\/wp-content\/uploads\/2024\/07\/PHOTO-2024-07-09-11-51-418.jpg","jetpack_likes_enabled":true,"jetpack_sharing_enabled":true,"jetpack_shortlink":"https:\/\/wp.me\/p6xy50-b8C","_links":{"self":[{"href":"http:\/\/elcensornoticias.com\/index.php?rest_route=\/wp\/v2\/posts\/42818","targetHints":{"allow":["GET"]}}],"collection":[{"href":"http:\/\/elcensornoticias.com\/index.php?rest_route=\/wp\/v2\/posts"}],"about":[{"href":"http:\/\/elcensornoticias.com\/index.php?rest_route=\/wp\/v2\/types\/post"}],"author":[{"embeddable":true,"href":"http:\/\/elcensornoticias.com\/index.php?rest_route=\/wp\/v2\/users\/1"}],"replies":[{"embeddable":true,"href":"http:\/\/elcensornoticias.com\/index.php?rest_route=%2Fwp%2Fv2%2Fcomments&post=42818"}],"version-history":[{"count":1,"href":"http:\/\/elcensornoticias.com\/index.php?rest_route=\/wp\/v2\/posts\/42818\/revisions"}],"predecessor-version":[{"id":42820,"href":"http:\/\/elcensornoticias.com\/index.php?rest_route=\/wp\/v2\/posts\/42818\/revisions\/42820"}],"wp:featuredmedia":[{"embeddable":true,"href":"http:\/\/elcensornoticias.com\/index.php?rest_route=\/wp\/v2\/media\/42819"}],"wp:attachment":[{"href":"http:\/\/elcensornoticias.com\/index.php?rest_route=%2Fwp%2Fv2%2Fmedia&parent=42818"}],"wp:term":[{"taxonomy":"category","embeddable":true,"href":"http:\/\/elcensornoticias.com\/index.php?rest_route=%2Fwp%2Fv2%2Fcategories&post=42818"},{"taxonomy":"post_tag","embeddable":true,"href":"http:\/\/elcensornoticias.com\/index.php?rest_route=%2Fwp%2Fv2%2Ftags&post=42818"}],"curies":[{"name":"wp","href":"https:\/\/api.w.org\/{rel}","templated":true}]}}