{"id":42806,"date":"2024-07-09T05:20:16","date_gmt":"2024-07-09T05:20:16","guid":{"rendered":"http:\/\/elcensornoticias.com\/?p=42806"},"modified":"2024-07-09T05:20:25","modified_gmt":"2024-07-09T05:20:25","slug":"firma-sedif-convenio-con-municipios-para-apertura-de-10-u-b-r","status":"publish","type":"post","link":"http:\/\/elcensornoticias.com\/?p=42806","title":{"rendered":"FIRMA SEDIF CONVENIO CON MUNICIPIOS PARA APERTURA DE 10 U.B.R."},"content":{"rendered":"\n<p>*Este avance nos coloca a un paso de lograr una UBR por cada municipio de Tlaxcala, destac\u00f3 Mariana Espinosa de los Monteros_<\/p>\n\n\n\n<p>En un esfuerzo conjunto para mejorar la calidad de vida de las personas con discapacidad en el estado, el Sistema Estatal para el Desarrollo Integral de la Familia (Sedif) firm\u00f3 este lunes un convenio con autoridades de 10 municipios para la apertura de igual n\u00famero de Unidades B\u00e1sicas de Rehabilitaci\u00f3n (UBR).<\/p>\n\n\n\n<p>Las UBRs de nueva creaci\u00f3n estar\u00e1n ubicadas en Tocatl\u00e1n, Xaltocan, Huactiznco, Texoloc, Quilehtla, Tepeyanco, Santa Cruz Tlaxcala, Tepetitla, Nopalucan y Sanctorum.<\/p>\n\n\n\n<p>Durante la firma de convenio que se llev\u00f3 a cabo en las instalaciones del Centro de Capacitaci\u00f3n para Personas con Discapacidad (Cecapdif), la presidenta honor\u00edfica del Sedif, Mariana Espinosa de los Monteros Cu\u00e9llar, agradeci\u00f3 el trabajo en equipo de las y los titulares de los Sistemas Municipales DIF, alcaldes e integrantes de los cabildos, para concretar acciones encaminadas a mejorar la calidad de vida de ni\u00f1as, ni\u00f1os, j\u00f3venes y personas adultas con discapacidad, a fin de fomentar la inclusi\u00f3n en la entidad.<\/p>\n\n\n\n<p>Record\u00f3 que, actualmente, Tlaxcala cuenta con 40 UBRS municipales y tres estatales y con la firma de este convenio, se suman 10 unidades m\u00e1s, lo que coloca a la entidad \u201ca un paso de tener una unidad de este tipo en cada uno de los 60 municipios\u201d.<\/p>\n\n\n\n<p>\u201cEstas unidades no solo brindar\u00e1n los servicios necesarios para su rehabilitaci\u00f3n, sino que tambi\u00e9n promover\u00e1n su inclusi\u00f3n y el pleno goce de sus derechos. A trav\u00e9s de este esfuerzo conjunto, estamos construyendo una sociedad m\u00e1s equitativa y accesible para todos\u201d, expuso Mariana Espinosa de los Monteros, quien agreg\u00f3 que el equipamiento de estas UBR ha sido posible gracias al apoyo del Sistema Nacional DIF.<\/p>\n\n\n\n<p>Al respecto, el director de Atenci\u00f3n a la Salud y Discapacidad del SEDIF, Carlos Stefano Galindo Nophal, destac\u00f3 la importancia de la UBRS en los municipios, ya que hacen posible la una atenci\u00f3n m\u00e1s amplia en materia de rehabilitaci\u00f3n en beneficio de las personas que lo necesitan.<\/p>\n\n\n\n<p>Mencion\u00f3 que, actualmente, el Sedif y los Sistema DIF Municipales est\u00e1n atendiendo a m\u00e1s del 50 por ciento de la poblaci\u00f3n que tiene alguna discapacidad temporal o permanente.<\/p>\n\n\n\n<p>En su oportunidad, los presidentes municipales de Tocatl\u00e1n y Tepetitla, Quirino Torres Hern\u00e1ndez y Alan Alvarado Islas, respectivamente, en representaci\u00f3n de los municipios beneficiados, manifestaron que contar con UBR representa un avance importante para atender las necesidades de la poblaci\u00f3n con discapacidad.<\/p>\n\n\n\n<p>Por ello, se dijeron satisfechos de dejar este gran proyecto al terminar su gesti\u00f3n, y \u201cser parte de esta nueva historia que vive Tlaxcala\u201d.&nbsp;<\/p>\n\n\n\n<p>Las autoridades municipales dieron el debido seguimiento para concretar las gestiones necesarias para habilitar espacios destinados a estos servicios que beneficiar\u00e1n a la poblaci\u00f3n de sus comunidades.<\/p>\n","protected":false},"excerpt":{"rendered":"<p>*Este avance nos coloca a un paso de lograr una UBR por cada municipio de Tlaxcala, destac\u00f3 Mariana Espinosa de los Monteros_ En un esfuerzo conjunto para mejorar la calidad de vida de las personas con discapacidad en el estado, el Sistema Estatal para el Desarrollo Integral de la Familia (Sedif) firm\u00f3 este lunes un [&hellip;]<\/p>\n","protected":false},"author":1,"featured_media":42807,"comment_status":"open","ping_status":"open","sticky":false,"template":"","format":"standard","meta":{"advanced_seo_description":"","jetpack_seo_html_title":"","jetpack_seo_noindex":false,"footnotes":"","jetpack_publicize_message":"","jetpack_is_tweetstorm":false,"jetpack_publicize_feature_enabled":true,"jetpack_social_post_already_shared":true,"jetpack_social_options":{"image_generator_settings":{"template":"highway","enabled":false}}},"categories":[5,3],"tags":[],"class_list":["post-42806","post","type-post","status-publish","format-standard","has-post-thumbnail","hentry","category-carrucel","category-gobierno"],"jetpack_publicize_connections":[],"jetpack_featured_media_url":"http:\/\/elcensornoticias.com\/wp-content\/uploads\/2024\/07\/IMG-20240708-WA0041.jpg","jetpack_likes_enabled":true,"jetpack_sharing_enabled":true,"jetpack_shortlink":"https:\/\/wp.me\/p6xy50-b8q","_links":{"self":[{"href":"http:\/\/elcensornoticias.com\/index.php?rest_route=\/wp\/v2\/posts\/42806","targetHints":{"allow":["GET"]}}],"collection":[{"href":"http:\/\/elcensornoticias.com\/index.php?rest_route=\/wp\/v2\/posts"}],"about":[{"href":"http:\/\/elcensornoticias.com\/index.php?rest_route=\/wp\/v2\/types\/post"}],"author":[{"embeddable":true,"href":"http:\/\/elcensornoticias.com\/index.php?rest_route=\/wp\/v2\/users\/1"}],"replies":[{"embeddable":true,"href":"http:\/\/elcensornoticias.com\/index.php?rest_route=%2Fwp%2Fv2%2Fcomments&post=42806"}],"version-history":[{"count":1,"href":"http:\/\/elcensornoticias.com\/index.php?rest_route=\/wp\/v2\/posts\/42806\/revisions"}],"predecessor-version":[{"id":42808,"href":"http:\/\/elcensornoticias.com\/index.php?rest_route=\/wp\/v2\/posts\/42806\/revisions\/42808"}],"wp:featuredmedia":[{"embeddable":true,"href":"http:\/\/elcensornoticias.com\/index.php?rest_route=\/wp\/v2\/media\/42807"}],"wp:attachment":[{"href":"http:\/\/elcensornoticias.com\/index.php?rest_route=%2Fwp%2Fv2%2Fmedia&parent=42806"}],"wp:term":[{"taxonomy":"category","embeddable":true,"href":"http:\/\/elcensornoticias.com\/index.php?rest_route=%2Fwp%2Fv2%2Fcategories&post=42806"},{"taxonomy":"post_tag","embeddable":true,"href":"http:\/\/elcensornoticias.com\/index.php?rest_route=%2Fwp%2Fv2%2Ftags&post=42806"}],"curies":[{"name":"wp","href":"https:\/\/api.w.org\/{rel}","templated":true}]}}