{"id":42803,"date":"2024-07-09T01:39:17","date_gmt":"2024-07-09T01:39:17","guid":{"rendered":"http:\/\/elcensornoticias.com\/?p=42803"},"modified":"2024-07-09T01:39:32","modified_gmt":"2024-07-09T01:39:32","slug":"presenta-gobernadora-lorena-cuellar-tlaxcala-la-feria-de-ferias-2024","status":"publish","type":"post","link":"http:\/\/elcensornoticias.com\/?p=42803","title":{"rendered":"PRESENTA GOBERNADORA LORENA CU\u00c9LLAR \u201cTLAXCALA, LA FERIA DE FERIAS 2024\u201d"},"content":{"rendered":"\n<p>Del 25 de octubre al 18 de noviembre, se llevar\u00e1n a cabo diversas actividades que dejar\u00e1n una derrama econ\u00f3mica estimada de 160 mdp<\/p>\n\n\n\n<p>La gobernadora Lorena Cu\u00e9llar Cisneros present\u00f3 \u201cTlaxcala, la Feria de Ferias 2024\u201d, que se desarrollar\u00e1 del 25 de octubre al 18 de noviembre y que se prev\u00e9 dejar\u00e1 una derrama econ\u00f3mica de 160 millones de pesos.<\/p>\n\n\n\n<p>La mandataria se\u00f1al\u00f3 que \u201ces una gran festividad llena de tradici\u00f3n que nos une y conecta como comunidad, a trav\u00e9s de nuestra historia, cultura y costumbres\u201d, pues se trata de \u201cun espacio donde las barreras sociales no existen y todos compartimos risas, m\u00fasica, diversi\u00f3n y momentos de unidad\u201d.<\/p>\n\n\n\n<p>Adem\u00e1s, record\u00f3 que la Feria de Tlaxcala es de las m\u00e1s antiguas de M\u00e9xico y que, adem\u00e1s, impulsa la cultura, las tradiciones y muchas oportunidades para apoyar la econom\u00eda de los diversos sectores que conforman el estado.<\/p>\n\n\n\n<p>Indic\u00f3 que, en esta edici\u00f3n, se beneficiar\u00e1n principalmente comerciantes y productores locales con m\u00e1s de 500 lugares en el Centro Expositor \u201cAdolfo L\u00f3pez Mateos\u201d del recinto ferial, donde adem\u00e1s las familias podr\u00e1n disfrutar de diversas actividades para chicos y grandes.&nbsp;<\/p>\n\n\n\n<p>Al respecto, Cu\u00e9llar Cisneros asever\u00f3 que habr\u00e1 100 espacios gratuitos en apoyo a los artesanos coordinados por Casa de las Artesan\u00edas y que se estima una generaci\u00f3n de 300 empleos directos por parte del Patronato para las Exposiciones y Ferias de Tlaxcala, as\u00ed como m\u00e1s de 3 mil empleos indirectos, y el arribo de 800 mil visitantes en el recinto ferial.<\/p>\n\n\n\n<p>La titular del Ejecutivo local indic\u00f3 que \u201cTlaxcala, la Feria de Ferias 2024\u201d fue dise\u00f1ada para que sea una festividad que fortalezca los valores y la identidad cultural tlaxcalteca, al priorizar las actividades gratuitas de sano esparcimiento y convivencia familiar, pues el 96 por ciento de \u00e9stas ser\u00e1n sin costo.&nbsp;<\/p>\n\n\n\n<p>En su intervenci\u00f3n, la presidenta ejecutiva del Patronato, Rosa Elena Nava Garc\u00eda M\u00e9ndez, dio a conocer que se dise\u00f1\u00f3 un cartel ganadero que incluye cuatro corridas de toros, \u201cuna m\u00e1s del a\u00f1o pasado y en colaboraci\u00f3n con el Instituto Tlaxcalteca de Desarrollo Taurino presentamos conferencias magistrales, festivales taurinos, de aficionados pr\u00e1cticos y cuatro tientas de vaquillas\u201d.&nbsp;<\/p>\n\n\n\n<p>Precis\u00f3 que habr\u00e1 eventos culturales, gastron\u00f3micos, deportivos, art\u00edsticos y comerciales, entre otros, que dar\u00e1n inicio con en el tradicional desfile inaugural alusivo al D\u00eda de Muertos, adem\u00e1s del Festival de Danza Folcl\u00f3rica, con participantes de diferentes estados del pa\u00eds.<\/p>\n\n\n\n<p>Garc\u00eda M\u00e9ndez refiri\u00f3 que ser\u00e1 una feria interactiva con estatuas vivientes, comparsas, batucadas, zanqueros, mojigangas, catrines y catrinas, y por primera vez habr\u00e1 un concurso de gateo para beb\u00e9s; para los m\u00e1s grandes, un concurso de botargas y para las personas de la tercera edad, un concurso de danz\u00f3n.&nbsp;<\/p>\n\n\n\n<p>Previamente, la mandataria estatal, en compa\u00f1\u00eda de su gabinete legal y ampliado, junto con autoridades electas, legislativa e invitados especiales, presenci\u00f3 la obra de teatro de Espejo Ilusi\u00f3n \u201cUn d\u00eda en la feria\u201d.&nbsp;<\/p>\n\n\n\n<p>\u201cTlaxcala, la Feria de Ferias 2024\u201d tendr\u00e1 un costo de ingreso de 10 pesos por persona y en apoyo a las familias tlaxcaltecas, y para garantizar que todos puedan disfrutar de las diversas actividades que se llevar\u00e1n a cabo, las y los ni\u00f1os que midan menos de 1.20 metros, as\u00ed como los adultos que cuenten con credencial del INAPAM, no pagar\u00e1n entrada.<\/p>\n","protected":false},"excerpt":{"rendered":"<p>Del 25 de octubre al 18 de noviembre, se llevar\u00e1n a cabo diversas actividades que dejar\u00e1n una derrama econ\u00f3mica estimada de 160 mdp La gobernadora Lorena Cu\u00e9llar Cisneros present\u00f3 \u201cTlaxcala, la Feria de Ferias 2024\u201d, que se desarrollar\u00e1 del 25 de octubre al 18 de noviembre y que se prev\u00e9 dejar\u00e1 una derrama econ\u00f3mica de [&hellip;]<\/p>\n","protected":false},"author":1,"featured_media":42804,"comment_status":"open","ping_status":"open","sticky":false,"template":"","format":"standard","meta":{"advanced_seo_description":"","jetpack_seo_html_title":"","jetpack_seo_noindex":false,"footnotes":"","jetpack_publicize_message":"","jetpack_is_tweetstorm":false,"jetpack_publicize_feature_enabled":true,"jetpack_social_post_already_shared":true,"jetpack_social_options":{"image_generator_settings":{"template":"highway","enabled":false}}},"categories":[5,3],"tags":[],"class_list":["post-42803","post","type-post","status-publish","format-standard","has-post-thumbnail","hentry","category-carrucel","category-gobierno"],"jetpack_publicize_connections":[],"jetpack_featured_media_url":"http:\/\/elcensornoticias.com\/wp-content\/uploads\/2024\/07\/IMG-20240708-WA0028-1-scaled.jpg","jetpack_likes_enabled":true,"jetpack_sharing_enabled":true,"jetpack_shortlink":"https:\/\/wp.me\/p6xy50-b8n","_links":{"self":[{"href":"http:\/\/elcensornoticias.com\/index.php?rest_route=\/wp\/v2\/posts\/42803","targetHints":{"allow":["GET"]}}],"collection":[{"href":"http:\/\/elcensornoticias.com\/index.php?rest_route=\/wp\/v2\/posts"}],"about":[{"href":"http:\/\/elcensornoticias.com\/index.php?rest_route=\/wp\/v2\/types\/post"}],"author":[{"embeddable":true,"href":"http:\/\/elcensornoticias.com\/index.php?rest_route=\/wp\/v2\/users\/1"}],"replies":[{"embeddable":true,"href":"http:\/\/elcensornoticias.com\/index.php?rest_route=%2Fwp%2Fv2%2Fcomments&post=42803"}],"version-history":[{"count":1,"href":"http:\/\/elcensornoticias.com\/index.php?rest_route=\/wp\/v2\/posts\/42803\/revisions"}],"predecessor-version":[{"id":42805,"href":"http:\/\/elcensornoticias.com\/index.php?rest_route=\/wp\/v2\/posts\/42803\/revisions\/42805"}],"wp:featuredmedia":[{"embeddable":true,"href":"http:\/\/elcensornoticias.com\/index.php?rest_route=\/wp\/v2\/media\/42804"}],"wp:attachment":[{"href":"http:\/\/elcensornoticias.com\/index.php?rest_route=%2Fwp%2Fv2%2Fmedia&parent=42803"}],"wp:term":[{"taxonomy":"category","embeddable":true,"href":"http:\/\/elcensornoticias.com\/index.php?rest_route=%2Fwp%2Fv2%2Fcategories&post=42803"},{"taxonomy":"post_tag","embeddable":true,"href":"http:\/\/elcensornoticias.com\/index.php?rest_route=%2Fwp%2Fv2%2Ftags&post=42803"}],"curies":[{"name":"wp","href":"https:\/\/api.w.org\/{rel}","templated":true}]}}