{"id":42773,"date":"2024-07-09T01:16:18","date_gmt":"2024-07-09T01:16:18","guid":{"rendered":"http:\/\/elcensornoticias.com\/?p=42773"},"modified":"2024-07-09T01:16:24","modified_gmt":"2024-07-09T01:16:24","slug":"sueno-azul-teatro-plasma-valores-universales-en-escena","status":"publish","type":"post","link":"http:\/\/elcensornoticias.com\/?p=42773","title":{"rendered":"Sue\u00f1o Azul Teatro plasma valores universales en escena"},"content":{"rendered":"\n<p>La Compa\u00f1\u00eda Sue\u00f1o Azul Teatro, fundada en 2008 por la maestra Paola L\u00f3pez en la ciudad de Aguascalientes,&nbsp;busca ser una fuerza cultural constante, llevando espect\u00e1culos basados en valores humanos universales a plazas, espacios p\u00fablicos, hospitales y escuelas en todo el estado.&nbsp;<\/p>\n\n\n\n<p>En entrevista, Paola L\u00f3pez comparte detalles sobre la creaci\u00f3n, evoluci\u00f3n y futuros proyectos de la compa\u00f1\u00eda. \u00abEn su origen, la compa\u00f1\u00eda surgi\u00f3 porque ya ven\u00edamos de un tiempo de estar trabajando, pero sin habernos establecido como compa\u00f1\u00eda\u00bb, explica L\u00f3pez.&nbsp;<\/p>\n\n\n\n<p>\u00abYo hice un viaje al extranjero y, cuando regres\u00e9, ten\u00eda muchas ganas de estar con mi gente, con todos esos compa\u00f1eros con quienes coincid\u00eda a nivel creativo, a nivel pasi\u00f3n y voluntad. As\u00ed que tomamos ese impulso para crear esta compa\u00f1\u00eda\u00bb.<\/p>\n\n\n\n<p>Comenta que, en 2008, la coordinaci\u00f3n de Alas y Ra\u00edces Aguascalientes la busc\u00f3 para generar un proyecto que pudiera ser llevado a los hospitales para infancias. \u00abDesarroll\u00e9 el proyecto, pero cuando quisieron seleccionarlo y registrarlo, me dijeron que necesit\u00e1bamos establecer la compa\u00f1\u00eda con m\u00e1s solidez. As\u00ed fue como arrancamos oficialmente,\u00bb agrega.<\/p>\n\n\n\n<p>\u00abYo espero que nos falte todav\u00eda mucho camino por delante,\u00bb dice la artista y asegura que la compa\u00f1\u00eda evoluciona siempre hacia adelante, con proyectos y artistas que van y vienen.&nbsp;<\/p>\n\n\n\n<p>\u201cSiempre ha sido una compa\u00f1\u00eda para espacios alternativos, espacios abiertos, escuelas, patios, hospitales y jardines. Antes lleg\u00e1bamos y a grito de pulm\u00f3n quer\u00edamos resolver todo, pero ahora ya nos apoyamos de equipo t\u00e9cnico y m\u00e1s experiencia\u00bb, a\u00f1ade.<\/p>\n\n\n\n<p>El primer espect\u00e1culo que Sue\u00f1o Azul Teatro realiz\u00f3 por dos a\u00f1os consecutivos fue&nbsp;<em>D. Viaje<\/em>&nbsp;(posteriormente se convirti\u00f3 en el montaje&nbsp;<em>D. Vuelta<\/em>) el cual tuvo una extensa gira en diferentes hospitales de la ciudad atendiendo diversas \u00e1reas, desde pediatr\u00eda hasta hemodi\u00e1lisis.<\/p>\n\n\n\n<p>Desde entonces, asegura la artista, la compa\u00f1\u00eda ha integrado artistas en diversas disciplinas, desde m\u00fasicos hasta bailarines y actores. \u00abTrabajamos con m\u00fasicos desde 2009 y hemos crecido juntos musicalmente y a nivel actoral. La evoluci\u00f3n es constante y siempre positiva\u201d, se\u00f1ala.<\/p>\n\n\n\n<p>La Compa\u00f1\u00eda Sue\u00f1o Azul Teatro se centra en valores humanos universales, como el amor, el respeto, la empat\u00eda, la igualdad, la solidaridad y el trabajo colaborativo.&nbsp;<\/p>\n\n\n\n<p>\u201cEsta es la gu\u00eda de todas nuestras producciones y actividades, pues nos asegura que cada obra no solo entretenga, sino que tambi\u00e9n inspire y promueva una reflexi\u00f3n profunda, adem\u00e1s son temas que nos permiten conectar con todo p\u00fablico. Estos valores sostienen nuestras propuestas y nos ayudan a comunicarnos mejor con peque\u00f1os, adolescentes, adultos y abuelitos\u201d, dice.<\/p>\n\n\n\n<p>Paola L\u00f3pez recuerda c\u00f3mo uno de sus espect\u00e1culos,&nbsp;<em>El zopilote y la Chirim\u00eda,<\/em>&nbsp;dej\u00f3 una huella profunda en las y los espectadores. \u00abDespu\u00e9s de una funci\u00f3n en una escuela, una chica nos dijo que se acord\u00f3 del amor a su abuelito a partir del montaje. Esto nos demostr\u00f3 el excelente resultado de trabajar con valores universales\u201d.<\/p>\n\n\n\n<p>La compa\u00f1\u00eda ha sido ganadora de la beca PACMyC en tres ocasiones con&nbsp;<em>El zopilote y la Chirim\u00eda<\/em>&nbsp;(2015),&nbsp;<em>Popol Vuh. El libro del consejo<\/em>&nbsp;(2018) y&nbsp;<em>El mundo m\u00e1gico Totonaca. La leyenda de la Princesa Nimbe<\/em>&nbsp;(2021).&nbsp;En tanto, con el espect\u00e1culo musical&nbsp;<em>El Diablo Enamorado<\/em>, basado en la obra de Misael Torres, representaron a M\u00e9xico en el 1er Festival Internacional Ra\u00edces de Danzas Tradicionales en el estado de Veracruz.<\/p>\n\n\n\n<p>\u00abLos apoyos han sido un gran regalo porque estos proyectos son de mucha producci\u00f3n y detalle,\u00bb comenta L\u00f3pez. \u00abLos tres tienen m\u00fasica en vivo, t\u00edteres tallados a mano y vestuarios elaborados por artesanas wix\u00e1rikas. Sin estos apoyos, ser\u00eda dif\u00edcil desarrollar los proyectos.\u00bb<\/p>\n\n\n\n<p>Adem\u00e1s, desde hace siete a\u00f1os la agrupaci\u00f3n ha participado en los Programas Interinstitucionales, programa del Instituto de Educaci\u00f3n de Aguascalientes que tiene como objetivo reforzar los contenidos acad\u00e9micos en escuelas de todo el estado de nivel preescolar, primaria y secundaria, dando la oportunidad de llevar actividades culturales y acad\u00e9micas de manera accesible a cientos de ni\u00f1os cada a\u00f1o.<\/p>\n\n\n\n<p>\u00abUno de los momentos m\u00e1s significativos fue cuando visitamos un hospital y atendimos a un ni\u00f1o que no pod\u00eda ver. Tocamos sus manitas al sonido de la guitarra y fue una experiencia profundamente emotiva. Estas experiencias son igual de significativas que presentaciones en escuelas con cientos de alumnos\u201d, recuerda la entrevistada.<\/p>\n\n\n\n<p>Sobre los nuevos proyectos, la tambi\u00e9n promotora cultural menciona la colaboraci\u00f3n con el dramaturgo Salvador Lemis para montar textos como&nbsp;<em>Matrimonio sangriento<\/em>&nbsp;y&nbsp;<em>Antonieta o el suicidio.<\/em>&nbsp;<\/p>\n\n\n\n<p>\u00abQueremos seguir creando espect\u00e1culos que se puedan presentar en cualquier lugar y seguir renovando nuestro cat\u00e1logo y equipo de artistas. La idea es que la compa\u00f1\u00eda pueda presentarse en cualquier festival y concurso, y que siempre haya opciones para escoger\u00bb, concluye.<\/p>\n\n\n\n<p>Para seguir de cerca el trabajo y las pr\u00f3ximas presentaciones de la Compa\u00f1\u00eda Sue\u00f1o Azul Teatro, se pueden visitar sus redes sociales: en Facebook (<a href=\"http:\/\/www.facebook.com\/suenoazulteatro.compania\">facebook.com\/suenoazulteatro.compania<\/a>).<\/p>\n","protected":false},"excerpt":{"rendered":"<p>La Compa\u00f1\u00eda Sue\u00f1o Azul Teatro, fundada en 2008 por la maestra Paola L\u00f3pez en la ciudad de Aguascalientes,&nbsp;busca ser una fuerza cultural constante, llevando espect\u00e1culos basados en valores humanos universales a plazas, espacios p\u00fablicos, hospitales y escuelas en todo el estado.&nbsp; En entrevista, Paola L\u00f3pez comparte detalles sobre la creaci\u00f3n, evoluci\u00f3n y futuros proyectos de [&hellip;]<\/p>\n","protected":false},"author":1,"featured_media":42774,"comment_status":"open","ping_status":"open","sticky":false,"template":"","format":"standard","meta":{"advanced_seo_description":"","jetpack_seo_html_title":"","jetpack_seo_noindex":false,"footnotes":"","jetpack_publicize_message":"","jetpack_is_tweetstorm":false,"jetpack_publicize_feature_enabled":true,"jetpack_social_post_already_shared":true,"jetpack_social_options":{"image_generator_settings":{"template":"highway","enabled":false}}},"categories":[26,4],"tags":[],"class_list":["post-42773","post","type-post","status-publish","format-standard","has-post-thumbnail","hentry","category-cultura","category-noticias"],"jetpack_publicize_connections":[],"jetpack_featured_media_url":"http:\/\/elcensornoticias.com\/wp-content\/uploads\/2024\/07\/suenoazul5.jpeg","jetpack_likes_enabled":true,"jetpack_sharing_enabled":true,"jetpack_shortlink":"https:\/\/wp.me\/p6xy50-b7T","_links":{"self":[{"href":"http:\/\/elcensornoticias.com\/index.php?rest_route=\/wp\/v2\/posts\/42773","targetHints":{"allow":["GET"]}}],"collection":[{"href":"http:\/\/elcensornoticias.com\/index.php?rest_route=\/wp\/v2\/posts"}],"about":[{"href":"http:\/\/elcensornoticias.com\/index.php?rest_route=\/wp\/v2\/types\/post"}],"author":[{"embeddable":true,"href":"http:\/\/elcensornoticias.com\/index.php?rest_route=\/wp\/v2\/users\/1"}],"replies":[{"embeddable":true,"href":"http:\/\/elcensornoticias.com\/index.php?rest_route=%2Fwp%2Fv2%2Fcomments&post=42773"}],"version-history":[{"count":1,"href":"http:\/\/elcensornoticias.com\/index.php?rest_route=\/wp\/v2\/posts\/42773\/revisions"}],"predecessor-version":[{"id":42775,"href":"http:\/\/elcensornoticias.com\/index.php?rest_route=\/wp\/v2\/posts\/42773\/revisions\/42775"}],"wp:featuredmedia":[{"embeddable":true,"href":"http:\/\/elcensornoticias.com\/index.php?rest_route=\/wp\/v2\/media\/42774"}],"wp:attachment":[{"href":"http:\/\/elcensornoticias.com\/index.php?rest_route=%2Fwp%2Fv2%2Fmedia&parent=42773"}],"wp:term":[{"taxonomy":"category","embeddable":true,"href":"http:\/\/elcensornoticias.com\/index.php?rest_route=%2Fwp%2Fv2%2Fcategories&post=42773"},{"taxonomy":"post_tag","embeddable":true,"href":"http:\/\/elcensornoticias.com\/index.php?rest_route=%2Fwp%2Fv2%2Ftags&post=42773"}],"curies":[{"name":"wp","href":"https:\/\/api.w.org\/{rel}","templated":true}]}}