{"id":42767,"date":"2024-07-09T01:07:36","date_gmt":"2024-07-09T01:07:36","guid":{"rendered":"http:\/\/elcensornoticias.com\/?p=42767"},"modified":"2024-07-09T01:07:51","modified_gmt":"2024-07-09T01:07:51","slug":"tengo-un-sueno-tabasco-2024-revela-la-creatividad-y-el-talento","status":"publish","type":"post","link":"http:\/\/elcensornoticias.com\/?p=42767","title":{"rendered":"Tengo un sue\u00f1o Tabasco 2024 revela la creatividad y el talento"},"content":{"rendered":"\n<p>Tengo un sue\u00f1o Tabasco 2024 \u201cSus colores y el cantar de mi tierra tabasque\u00f1a\u201d se convirti\u00f3 este domingo 7 de julio en el quinto evento de los 27 que ocurren en el pa\u00eds, como parte del Festival Tengo un sue\u00f1o.<\/p>\n\n\n\n<p>El evento, realizado en el Teatro Esperanza Iris, en Villahermosa, Tabasco, fue organizado por la Secretar\u00eda de Cultura del Gobierno de M\u00e9xico, a trav\u00e9s del programa Cultura Comunitaria, en colaboraci\u00f3n con el gobierno del estado y sus municipios.<\/p>\n\n\n\n<p>En \u00e9l se compartieron los alcances y la capacidad creativa de ni\u00f1as, ni\u00f1os y j\u00f3venes de los Semilleros Creativos de la entidad, para mostrar su contexto y la diversidad de expresiones y manifestaciones culturales y art\u00edsticas a trav\u00e9s de la m\u00fasica, la pintura y el teatro.<\/p>\n\n\n\n<p>Los Semilleros Creativos son grupos de formaci\u00f3n art\u00edstica gratuita para la ni\u00f1ez y las juventudes del pa\u00eds, donde se promueve su participaci\u00f3n en la vida art\u00edstica, el pensamiento cr\u00edtico y su posicionamiento como agentes culturales.<\/p>\n\n\n\n<p>A su llegada al teatro, el p\u00fablico, entre el cual se encontraban la secretaria de Cultura del Gobierno de M\u00e9xico, Alejandra Frausto Guerrero, y el gobernador de Tabasco, Carlos Manuel Merino Campos, adem\u00e1s de familias de los Semilleros, fue recibido por ni\u00f1as, ni\u00f1os y j\u00f3venes del Semillero Tamborileros Agalambarileros, que crearon el ambiente ideal para realizar el recorrido por la exposici\u00f3n \u201cRa\u00edces del Ed\u00e9n\u201d, compuesta por 30 obras elaboradas por participantes de los Semilleros Creativos de Pintura en Centla y Para\u00edso.<\/p>\n\n\n\n<p>En su participaci\u00f3n, la secretaria de Cultura federal, Alejandra Frausto Guerrero, destac\u00f3 que la transformaci\u00f3n del pa\u00eds que inici\u00f3 el presidente Andr\u00e9s Manuel L\u00f3pez Obrador tiene presente el reconocimiento de la riqueza y diversidad cultural de M\u00e9xico. Es por ello que los Semilleros Creativos y el movimiento ORIGINAL se sembraron en las zonas m\u00e1s vulnerables del pa\u00eds y ahora tienen ra\u00edces fuertes y es momento de cosechar sus resultados.<\/p>\n\n\n\n<p>\u201cEstos movimientos de arte y cultura que est\u00e1n caminando por el pa\u00eds ya son muy profundos y no los pueden dejar de lado\u2026 Esa semilla lleg\u00f3 a un momento de germinar y florecer, por eso estamos hoy aqu\u00ed en Tengo un sue\u00f1o Tabasco, porque las semillas de los Semilleros est\u00e1n germinando, est\u00e1n floreciendo, con el cuidado que se les ha dado\u201d.<\/p>\n\n\n\n<p>Destac\u00f3 que este evento permite mostrar en un teatro tan importante que en cada rinc\u00f3n del estado -y del pa\u00eds- hay cultura y talento, dejando de lado aquella divisi\u00f3n entre alta y baja cultura. \u201cEste movimiento cultural tan profundo, que es Semilleros Creativos, nos est\u00e1 demostrando que hay cultura en cada comunidad, que hay opciones de desarrollo art\u00edstico, gratuitamente todos los d\u00edas, con los mejores y comprometidos artistas de las comunidades\u201d.<\/p>\n\n\n\n<p>Por su parte, el gobernador de Tabasco, Carlos Manuel Merino Campos, asever\u00f3: \u201cEste programa es una de las contribuciones m\u00e1s valiosas de la Cuarta Transformaci\u00f3n para revertir el rezago cultural y social, permitiendo en gran medida recomponer el tejido social, encauzando a la ni\u00f1ez y juventud en actividades recreativas, creativas y art\u00edsticas. Nada mejor para mantener a nuestra juventud alejada de las conductas antisociales que el desarrollo de las actividades culturales\u201d.<\/p>\n\n\n\n<p>De igual forma, el titular de la Secretar\u00eda de Cultura en Tabasco, Ramiro Ch\u00e1vez Gochicoa, indic\u00f3: \u201cNuestros Semilleros Creativos son herederos de una gran cultura, a la que sin duda han contribuido de manera positiva y puntual con el invaluable tiempo que le han dedicado a sus actividades art\u00edsticas y creativas, ya sea la marimba, los tamborileros, la pintura, la danza o el teatro. Pero m\u00e1s all\u00e1 de eso, han contribuido a nuestra cultura con la propagaci\u00f3n de mitos, de leyendas, de alucines populares e historias compartidas y proyectadas desde su individualidad\u201d.<\/p>\n\n\n\n<p>En su oportunidad, la directora general de Vinculaci\u00f3n Cultural, Esther Hern\u00e1ndez Torres, asever\u00f3: \u201cEste programa no solamente se trata de talleres art\u00edsticos, se trata fundamentalmente de un modelo de formaci\u00f3n art\u00edstica e incidencia comunitaria, un modelo en el que, a trav\u00e9s del arte, se van transformando las realidades personales y colectivas de quienes forman parte de esta gran familia\u201d. Record\u00f3 que en los Semilleros Creativos \u201cadem\u00e1s del arte, se propician asambleas en las que ni\u00f1as, ni\u00f1os y j\u00f3venes toman decisiones; manifiestan sus inquietudes, lo que les preocupa y lo que les gustar\u00eda que sucediera. Despu\u00e9s de esas asambleas, deciden hacer una huella comunitaria, en donde, a trav\u00e9s del arte, concientizan a la comunidad sobre esa situaci\u00f3n. Finalmente, los Tiempos de Cosecha, en donde muestran su desarrollo art\u00edstico, una metodolog\u00eda que parte del arte pero que tiene incidencia social y comunitaria. En Semilleros Creativos lo colectivo y la emoci\u00f3n de aprender y de estar en conjunto va creando esa gran fuerza que propicia que sus integrantes est\u00e9n creando desde ahora un pa\u00eds cada vez m\u00e1s justo, m\u00e1s solidario y m\u00e1s emp\u00e1tico\u201d.<\/p>\n\n\n\n<p>Danna Mishell Hern\u00e1ndez Trejo, del Semillero Banda Sinf\u00f3nica Comunitaria de Centla, subray\u00f3: \u201cEl formar parte del Semillero ha sido una experiencia maravillosa. Saber que le dedico mi tiempo a un instrumento es algo incre\u00edble. A trav\u00e9s de estos a\u00f1os de estudio he aprendido a ejecutar el clarinete, lo cual ha tra\u00eddo a mi vida muchas cosas buenas, como conocer gente muy talentosa y desarrollar esa pasi\u00f3n por la m\u00fasica\u201d. Agreg\u00f3 que \u201cla convivencia con mis compa\u00f1eros es muy linda y muy importante, pues todos tenemos esa emoci\u00f3n y esas ganas de aprender todos esos sones que M\u00e9xico tiene escondidos. Tambi\u00e9n disfruto mucho mis clases, pues mis maestros hacen que sean divertidas y nos hacen cada vez mejores\u201d.<\/p>\n\n\n\n<p>A nombre de las y los artesanos de ORIGINAL, Lizzet Angelina Torres P\u00e9rez, artesana, agradeci\u00f3 la presencia del programa en el estado y asever\u00f3: \u201cPara m\u00ed, ORIGINAL son lazos teji\u00e9ndose, una gran familia de grandes artesanos con los que he formado alianzas, colaboraciones y, sobre todo, una gran amistad. Estamos seguros de que este movimiento seguir\u00e1 as\u00ed, apoy\u00e1ndonos y llev\u00e1ndonos de la mano siempre al representar a nuestro hermoso estado, transmitiendo al mundo lo que cada textil emana de \u00e9l\u201d.<\/p>\n\n\n\n<p>Una vez iniciado el evento, las y los asistentes disfrutaron de una amplia programaci\u00f3n que incluy\u00f3 la puesta en escena&nbsp;<em>Hechizo de la sierra<\/em>, inspirada en Felipe Carrillo Puerto, a cargo del Semillero Creativo de Teatro en Macuspana. Adem\u00e1s, se cont\u00f3 con la participaci\u00f3n de ni\u00f1as y ni\u00f1os del Laboratorio de Teatro Campesino de Tabasco con la puesta en escena&nbsp;<em>Una edad feliz<\/em>.<\/p>\n\n\n\n<p>Tambi\u00e9n fueron testigos de un extenso repertorio musical a cargo de ni\u00f1as, ni\u00f1os y j\u00f3venes integrantes de los Semilleros Ensamble Comunitario de Marimbas \u201cManglares de Centla\u201d y Banda Sinf\u00f3nica Comunitaria, del mismo municipio. Estos j\u00f3venes m\u00fasicos interpretaron piezas tradicionales acompa\u00f1adas del zapateo tabasque\u00f1o, destacando&nbsp;<em>La chicharrita&nbsp;<\/em>(Juli\u00e1n Urrutia),&nbsp;<em>Camino de Frontera<\/em>&nbsp;(Manuel P\u00e9rez Merino) y&nbsp;<em>Nuestra casa es un pa\u00eds&nbsp;<\/em>(Enrique Quezadas y Eduardo Langagne), pieza musical que representa uno de los principios b\u00e1sicos de los Semilleros Creativos, la comunidad que se genera a partir de una convivencia sustentada en el respeto a la diversidad y los derechos humanos.<\/p>\n\n\n\n<p>En el acto se cont\u00f3 con la participaci\u00f3n del coordinador nacional del Sistema Nacional de Fomento Musical, Roberto Renter\u00eda Yrene; de artesanas y artesanos integrantes de ORIGINAL, as\u00ed como docentes y participantes de los Semilleros Creativos del estado. Adem\u00e1s de la presencia del gobernador electo, Javier May Rodr\u00edguez.<\/p>\n\n\n\n<p>Para conocer la cartelera del Festival Tengo un sue\u00f1o 2024, se puede consultar la p\u00e1gina de Cultura Comunitaria: culturacomunitaria.gob.mx, y mediante las redes sociales de la Direcci\u00f3n General de Vinculaci\u00f3n Cultural (Facebook y X @VinculaCultura) y el Sistema Nacional de Fomento Musical (Facebook y X, @FomentoMusical).<\/p>\n\n\n\n<p>Sigue las redes sociales de la Secretar\u00eda de Cultura en X (@cultura_mx), Facebook (\/SecretariaCulturaMX) e Instagram (@culturamx).<\/p>\n","protected":false},"excerpt":{"rendered":"<p>Tengo un sue\u00f1o Tabasco 2024 \u201cSus colores y el cantar de mi tierra tabasque\u00f1a\u201d se convirti\u00f3 este domingo 7 de julio en el quinto evento de los 27 que ocurren en el pa\u00eds, como parte del Festival Tengo un sue\u00f1o. El evento, realizado en el Teatro Esperanza Iris, en Villahermosa, Tabasco, fue organizado por la [&hellip;]<\/p>\n","protected":false},"author":1,"featured_media":42768,"comment_status":"open","ping_status":"open","sticky":false,"template":"","format":"standard","meta":{"advanced_seo_description":"","jetpack_seo_html_title":"","jetpack_seo_noindex":false,"footnotes":"","jetpack_publicize_message":"","jetpack_is_tweetstorm":false,"jetpack_publicize_feature_enabled":true,"jetpack_social_post_already_shared":true,"jetpack_social_options":{"image_generator_settings":{"template":"highway","enabled":false}}},"categories":[26,4],"tags":[],"class_list":["post-42767","post","type-post","status-publish","format-standard","has-post-thumbnail","hentry","category-cultura","category-noticias"],"jetpack_publicize_connections":[],"jetpack_featured_media_url":"http:\/\/elcensornoticias.com\/wp-content\/uploads\/2024\/07\/PHOTO-2024-07-07-13-57-00.jpg","jetpack_likes_enabled":true,"jetpack_sharing_enabled":true,"jetpack_shortlink":"https:\/\/wp.me\/p6xy50-b7N","_links":{"self":[{"href":"http:\/\/elcensornoticias.com\/index.php?rest_route=\/wp\/v2\/posts\/42767","targetHints":{"allow":["GET"]}}],"collection":[{"href":"http:\/\/elcensornoticias.com\/index.php?rest_route=\/wp\/v2\/posts"}],"about":[{"href":"http:\/\/elcensornoticias.com\/index.php?rest_route=\/wp\/v2\/types\/post"}],"author":[{"embeddable":true,"href":"http:\/\/elcensornoticias.com\/index.php?rest_route=\/wp\/v2\/users\/1"}],"replies":[{"embeddable":true,"href":"http:\/\/elcensornoticias.com\/index.php?rest_route=%2Fwp%2Fv2%2Fcomments&post=42767"}],"version-history":[{"count":1,"href":"http:\/\/elcensornoticias.com\/index.php?rest_route=\/wp\/v2\/posts\/42767\/revisions"}],"predecessor-version":[{"id":42769,"href":"http:\/\/elcensornoticias.com\/index.php?rest_route=\/wp\/v2\/posts\/42767\/revisions\/42769"}],"wp:featuredmedia":[{"embeddable":true,"href":"http:\/\/elcensornoticias.com\/index.php?rest_route=\/wp\/v2\/media\/42768"}],"wp:attachment":[{"href":"http:\/\/elcensornoticias.com\/index.php?rest_route=%2Fwp%2Fv2%2Fmedia&parent=42767"}],"wp:term":[{"taxonomy":"category","embeddable":true,"href":"http:\/\/elcensornoticias.com\/index.php?rest_route=%2Fwp%2Fv2%2Fcategories&post=42767"},{"taxonomy":"post_tag","embeddable":true,"href":"http:\/\/elcensornoticias.com\/index.php?rest_route=%2Fwp%2Fv2%2Ftags&post=42767"}],"curies":[{"name":"wp","href":"https:\/\/api.w.org\/{rel}","templated":true}]}}