{"id":42722,"date":"2024-07-04T20:42:49","date_gmt":"2024-07-04T20:42:49","guid":{"rendered":"http:\/\/elcensornoticias.com\/?p=42722"},"modified":"2024-07-04T20:42:59","modified_gmt":"2024-07-04T20:42:59","slug":"inicia-tengo-un-sueno-tabasco-2024","status":"publish","type":"post","link":"http:\/\/elcensornoticias.com\/?p=42722","title":{"rendered":"Inicia Tengo un sue\u00f1o Tabasco 2024"},"content":{"rendered":"\n<ul class=\"wp-block-list\">\n<li><strong>Participar\u00e1n ni\u00f1as, ni\u00f1os y j\u00f3venes de Semilleros Creativos en el estado<\/strong><\/li>\n<\/ul>\n\n\n\n<p>Este domingo 7 de julio, dar\u00e1 inicio Tengo un sue\u00f1o Tabasco 2024 \u201cSus colores y el cantar de mi tierra tabasque\u00f1a\u201d, uno de los 27 eventos estatales y biestatales en el pa\u00eds que forman parte del Festival Tengo un sue\u00f1o 2024.<\/p>\n\n\n\n<p>Este evento es organizado por la Secretar\u00eda de Cultura del Gobierno de M\u00e9xico, a trav\u00e9s del programa Cultura Comunitaria, en colaboraci\u00f3n con el gobierno de Tabasco y sus municipios. En \u00e9l se compartir\u00e1n los alcances y la capacidad creativa de ni\u00f1as, ni\u00f1os y j\u00f3venes de los Semilleros Creativos de la entidad, para mostrar su contexto y la diversidad de expresiones y manifestaciones culturales y art\u00edsticas del estado.<\/p>\n\n\n\n<p>Los Semilleros Creativos son grupos de formaci\u00f3n art\u00edstica gratuita para la ni\u00f1ez y las juventudes del pa\u00eds, donde se promueve su participaci\u00f3n en la vida art\u00edstica, el pensamiento cr\u00edtico y su posicionamiento como agentes culturales.<\/p>\n\n\n\n<p>Como parte de las actividades, se llevar\u00e1 a cabo, a partir de las 11:00 h, la exposici\u00f3n \u201cRa\u00edces del Ed\u00e9n\u201d, compuesta por 30 obras realizadas por participantes de los Semilleros Creativos de Pintura en Centla y Para\u00edso, Tabasco. La cita es en el lobby del Teatro Esperanza Iris, ubicado en Perif. Carlos Pellicer C\u00e1mara, Centro, Villahermosa.<\/p>\n\n\n\n<p>De igual forma, en este mismo recinto, el Semillero Creativo de Teatro en Macuspana realizar\u00e1 la puesta en escena El drag\u00f3n de los ojos verdes, inspirada en Felipe Carrillo Puerto. Adem\u00e1s, se contar\u00e1 con un extenso repertorio musical a cargo de ni\u00f1as, ni\u00f1os y j\u00f3venes integrantes de los Semilleros Ensamble Comunitario de Marimbas \u201cManglares de Centla\u201d y Banda Sinf\u00f3nica Comunitaria, del mismo municipio. Estos talentosos m\u00fasicos interpretar\u00e1n piezas tradicionales acompa\u00f1adas del zapateo tabasque\u00f1o, destacando&nbsp;<em>La chicharrita<\/em>&nbsp;(Juli\u00e1n Urrutia),&nbsp;<em>Camino de Frontera<\/em>&nbsp;(Manuel P\u00e9rez Merino) y&nbsp;<em>Nuestra casa es un pa\u00eds<\/em>&nbsp;(Enrique Quezadas y Eduardo Langagne), pieza musical que representa uno de los principios b\u00e1sicos de los Semilleros Creativos, la comunidad que se genera a partir de una convivencia sustentada en el respeto a la diversidad y los derechos humanos.<\/p>\n\n\n\n<p>Tengo un sue\u00f1o Tabasco 2024 permitir\u00e1 generar conexiones e intercambios creativos entre los distintos Semilleros ubicados en una misma zona geogr\u00e1fica, adem\u00e1s de invitar al p\u00fablico a conocer estos grupos como una alternativa viable y accesible para la convivencia arm\u00f3nica, a partir de pol\u00edticas culturales de base comunitaria.<\/p>\n\n\n\n<p>La programaci\u00f3n es gratuita y abierta al p\u00fablico; se puede consultar en la p\u00e1gina de Cultura Comunitaria: culturacomunitaria.gob.mx, y mediante las redes sociales de la Direcci\u00f3n General de Vinculaci\u00f3n Cultural (Facebook y X@VinculaCultura) y el Sistema Nacional de Fomento Musical (Facebook y X, @FomentoMusical).<\/p>\n\n\n\n<p>Con estas acciones, la Secretar\u00eda de Cultura apoya estrategias que contribuyen al ejercicio efectivo de los derechos culturales de ni\u00f1as, ni\u00f1os y j\u00f3venes en las 32 entidades federativas del pa\u00eds y con ello fomenta una cultura de paz.<\/p>\n","protected":false},"excerpt":{"rendered":"<p>Este domingo 7 de julio, dar\u00e1 inicio Tengo un sue\u00f1o Tabasco 2024 \u201cSus colores y el cantar de mi tierra tabasque\u00f1a\u201d, uno de los 27 eventos estatales y biestatales en el pa\u00eds que forman parte del Festival Tengo un sue\u00f1o 2024. Este evento es organizado por la Secretar\u00eda de Cultura del Gobierno de M\u00e9xico, a [&hellip;]<\/p>\n","protected":false},"author":1,"featured_media":42723,"comment_status":"open","ping_status":"open","sticky":false,"template":"","format":"standard","meta":{"advanced_seo_description":"","jetpack_seo_html_title":"","jetpack_seo_noindex":false,"footnotes":"","jetpack_publicize_message":"","jetpack_is_tweetstorm":false,"jetpack_publicize_feature_enabled":true,"jetpack_social_post_already_shared":true,"jetpack_social_options":{"image_generator_settings":{"template":"highway","enabled":false}}},"categories":[26],"tags":[],"class_list":["post-42722","post","type-post","status-publish","format-standard","has-post-thumbnail","hentry","category-cultura"],"jetpack_publicize_connections":[],"jetpack_featured_media_url":"http:\/\/elcensornoticias.com\/wp-content\/uploads\/2024\/07\/Flyer_TUS-Tabasco.jpeg","jetpack_likes_enabled":true,"jetpack_sharing_enabled":true,"jetpack_shortlink":"https:\/\/wp.me\/p6xy50-b74","_links":{"self":[{"href":"http:\/\/elcensornoticias.com\/index.php?rest_route=\/wp\/v2\/posts\/42722","targetHints":{"allow":["GET"]}}],"collection":[{"href":"http:\/\/elcensornoticias.com\/index.php?rest_route=\/wp\/v2\/posts"}],"about":[{"href":"http:\/\/elcensornoticias.com\/index.php?rest_route=\/wp\/v2\/types\/post"}],"author":[{"embeddable":true,"href":"http:\/\/elcensornoticias.com\/index.php?rest_route=\/wp\/v2\/users\/1"}],"replies":[{"embeddable":true,"href":"http:\/\/elcensornoticias.com\/index.php?rest_route=%2Fwp%2Fv2%2Fcomments&post=42722"}],"version-history":[{"count":1,"href":"http:\/\/elcensornoticias.com\/index.php?rest_route=\/wp\/v2\/posts\/42722\/revisions"}],"predecessor-version":[{"id":42724,"href":"http:\/\/elcensornoticias.com\/index.php?rest_route=\/wp\/v2\/posts\/42722\/revisions\/42724"}],"wp:featuredmedia":[{"embeddable":true,"href":"http:\/\/elcensornoticias.com\/index.php?rest_route=\/wp\/v2\/media\/42723"}],"wp:attachment":[{"href":"http:\/\/elcensornoticias.com\/index.php?rest_route=%2Fwp%2Fv2%2Fmedia&parent=42722"}],"wp:term":[{"taxonomy":"category","embeddable":true,"href":"http:\/\/elcensornoticias.com\/index.php?rest_route=%2Fwp%2Fv2%2Fcategories&post=42722"},{"taxonomy":"post_tag","embeddable":true,"href":"http:\/\/elcensornoticias.com\/index.php?rest_route=%2Fwp%2Fv2%2Ftags&post=42722"}],"curies":[{"name":"wp","href":"https:\/\/api.w.org\/{rel}","templated":true}]}}