{"id":42719,"date":"2024-07-04T20:41:08","date_gmt":"2024-07-04T20:41:08","guid":{"rendered":"http:\/\/elcensornoticias.com\/?p=42719"},"modified":"2024-07-04T20:41:23","modified_gmt":"2024-07-04T20:41:23","slug":"punto-de-lectura-alquimagina-de-alas-y-raices-en-tlaxcala","status":"publish","type":"post","link":"http:\/\/elcensornoticias.com\/?p=42719","title":{"rendered":"Punto de lectura \u201cAlquimagina\u201d de Alas y Ra\u00edces, en Tlaxcala"},"content":{"rendered":"\n<ul class=\"wp-block-list\">\n<li><strong>La cita para ni\u00f1as, ni\u00f1os y adolescentes es los s\u00e1bados de julio a las 13:00 h en el Palacio de Cultura<\/strong><\/li>\n<\/ul>\n\n\n\n<p>La Secretar\u00eda de Cultura del Gobierno de M\u00e9xico, a trav\u00e9s del programa nacional Alas y Ra\u00edces, invita a ni\u00f1as, ni\u00f1os y adolescentes a unirse a las actividades de \u201cAlquimagina\u201d, el Punto de lectura en el que las ideas y mundos fant\u00e1sticos que albergan los libros se convierten en el veh\u00edculo para compartir ideas, sentimientos e imaginar jugando.<\/p>\n\n\n\n<p>Pensamientos sobre la preservaci\u00f3n del medio ambiente, juegos azarosos y las posibilidades sobre qu\u00e9 hacer con lo que sentimos ser\u00e1n algunos de los temas de las sesiones de este Punto de Lectura durante el mes de julio de 2024.<\/p>\n\n\n\n<p>Como ya es habitual, la cita con infancias y adolescencias tlaxcaltecas es los s\u00e1bados a las 13:00 h en el Palacio de Cultura, en la ciudad de Tlaxcala.<\/p>\n\n\n\n<p>En compa\u00f1\u00eda de los promotores culturales Lorena Oropeza y Freddy Alfaro, el s\u00e1bado 6 de julio ni\u00f1as y ni\u00f1os disfrutar\u00e1n con los cuentos y juegos de la Oruga glotona en la actividad \u201cPerinola de cuentos\u201d.<\/p>\n\n\n\n<p>El s\u00e1bado 13 de julio, en la mediaci\u00f3n de lectura \u201cEl agua es vida\u201d las y los asistentes reflexionar\u00e1n en colectivo &#8211; a partir de las historias&nbsp;<em>La gota que quer\u00eda ser diferente<\/em>&nbsp;y&nbsp;<em>AGUA, gotitas m\u00e1gicas<\/em>&#8211; sobre la importancia de este elemento y c\u00f3mo lo hemos contaminado,<\/p>\n\n\n\n<p>Finalmente, el 20 de julio, al lado de los promotores Sandra Reyes y Alan Aguilar, ni\u00f1as, ni\u00f1os y adolescentes podr\u00e1n hacer un artilugio para desaparecer sus temores y desasosiegos en la actividad \u201cLos miedos o c\u00f3mo quitar las penas\u201d.<\/p>\n\n\n\n<p>Aqu\u00ed, conocer\u00e1n la historia de Ram\u00f3n, un ni\u00f1o muy preocup\u00f3n que se angustia lo mismo por los p\u00e1jaros gigantes que por las nubes negras o los zapatos rotos, pero que, con la ayuda de su abuela, lograr\u00e1 deshacerse de ese sentimiento.<\/p>\n\n\n\n<p>El Punto de lectura \u201cAlquimagina\u201d en Tlaxcala es uno de los 25 lugares de encuentro para el fomento y disfrute de la literatura y las artes dedicado a infancias y adolescencias que Alas y Ra\u00edces promueve en diversos estados del pa\u00eds.<\/p>\n\n\n\n<p>\u201cAlquimagina\u201d se encuentra ubicado en el Palacio de Cultura, sede de la Secretar\u00eda de Cultura federal, en Av. Ju\u00e1rez 62, Centro, Tlaxcala, Tlaxcala.<\/p>\n\n\n\n<p>La entrada a todas las actividades de Alas y Ra\u00edces es libre y gratuita. La programaci\u00f3n puede consultarse en&nbsp;<a href=\"http:\/\/www.alasyraices.gob.mx\/\">alasyraices.gob.mx<\/a>&nbsp;<\/p>\n\n\n\n<p>Sigue las redes sociales de Alas y Ra\u00edces en Facebook: Alas y Ra\u00edces MX; en X (@AlasyRaices), Instagram y YouTube (@alasyraicescultura).<\/p>\n","protected":false},"excerpt":{"rendered":"<p>La Secretar\u00eda de Cultura del Gobierno de M\u00e9xico, a trav\u00e9s del programa nacional Alas y Ra\u00edces, invita a ni\u00f1as, ni\u00f1os y adolescentes a unirse a las actividades de \u201cAlquimagina\u201d, el Punto de lectura en el que las ideas y mundos fant\u00e1sticos que albergan los libros se convierten en el veh\u00edculo para compartir ideas, sentimientos e [&hellip;]<\/p>\n","protected":false},"author":1,"featured_media":42720,"comment_status":"open","ping_status":"open","sticky":false,"template":"","format":"standard","meta":{"advanced_seo_description":"","jetpack_seo_html_title":"","jetpack_seo_noindex":false,"footnotes":"","jetpack_publicize_message":"","jetpack_is_tweetstorm":false,"jetpack_publicize_feature_enabled":true,"jetpack_social_post_already_shared":true,"jetpack_social_options":{"image_generator_settings":{"template":"highway","enabled":false}}},"categories":[26],"tags":[],"class_list":["post-42719","post","type-post","status-publish","format-standard","has-post-thumbnail","hentry","category-cultura"],"jetpack_publicize_connections":[],"jetpack_featured_media_url":"http:\/\/elcensornoticias.com\/wp-content\/uploads\/2024\/07\/AyR-Julio-_1_2024-7.jpeg","jetpack_likes_enabled":true,"jetpack_sharing_enabled":true,"jetpack_shortlink":"https:\/\/wp.me\/p6xy50-b71","_links":{"self":[{"href":"http:\/\/elcensornoticias.com\/index.php?rest_route=\/wp\/v2\/posts\/42719","targetHints":{"allow":["GET"]}}],"collection":[{"href":"http:\/\/elcensornoticias.com\/index.php?rest_route=\/wp\/v2\/posts"}],"about":[{"href":"http:\/\/elcensornoticias.com\/index.php?rest_route=\/wp\/v2\/types\/post"}],"author":[{"embeddable":true,"href":"http:\/\/elcensornoticias.com\/index.php?rest_route=\/wp\/v2\/users\/1"}],"replies":[{"embeddable":true,"href":"http:\/\/elcensornoticias.com\/index.php?rest_route=%2Fwp%2Fv2%2Fcomments&post=42719"}],"version-history":[{"count":1,"href":"http:\/\/elcensornoticias.com\/index.php?rest_route=\/wp\/v2\/posts\/42719\/revisions"}],"predecessor-version":[{"id":42721,"href":"http:\/\/elcensornoticias.com\/index.php?rest_route=\/wp\/v2\/posts\/42719\/revisions\/42721"}],"wp:featuredmedia":[{"embeddable":true,"href":"http:\/\/elcensornoticias.com\/index.php?rest_route=\/wp\/v2\/media\/42720"}],"wp:attachment":[{"href":"http:\/\/elcensornoticias.com\/index.php?rest_route=%2Fwp%2Fv2%2Fmedia&parent=42719"}],"wp:term":[{"taxonomy":"category","embeddable":true,"href":"http:\/\/elcensornoticias.com\/index.php?rest_route=%2Fwp%2Fv2%2Fcategories&post=42719"},{"taxonomy":"post_tag","embeddable":true,"href":"http:\/\/elcensornoticias.com\/index.php?rest_route=%2Fwp%2Fv2%2Ftags&post=42719"}],"curies":[{"name":"wp","href":"https:\/\/api.w.org\/{rel}","templated":true}]}}