{"id":25634,"date":"2023-03-26T20:18:29","date_gmt":"2023-03-26T20:18:29","guid":{"rendered":"http:\/\/elcensornoticias.com\/?p=25634"},"modified":"2023-03-26T20:18:32","modified_gmt":"2023-03-26T20:18:32","slug":"investiga-pgje-homicidio-en-san-pablo-del-monte","status":"publish","type":"post","link":"http:\/\/elcensornoticias.com\/?p=25634","title":{"rendered":"INVESTIGA PGJE HOMICIDIO EN SAN PABLO DEL MONTE"},"content":{"rendered":"\n<p>La Procuradur\u00eda General de Justicia del Estado (PGJE) a trav\u00e9s del agente del Ministerio P\u00fablico del fuero com\u00fan inicia con la integraci\u00f3n de la carpeta de investigaci\u00f3n por el delito de homicidio al fallecer un masculino derivado de los hechos ocurridos el pasado 24 de marzo en San Pablo del Monte.\u00a0<\/p>\n\n\n\n<p>De acuerdo a los acontecimientos, elementos policiacos municipales acudieron a calle Venustiano Carranza, del barrio de San Salvador Tepexco, del municipio de San Pablo del Monte tras recibir un reporte del n\u00famero de emergencias 9-1-1 en el que refer\u00edan que un hombre se encontraba retenido por pobladores de la localidad por un presunto robo.\u00a0\u00a0<\/p>\n\n\n\n<p>Ante este hecho, los efectivos policiacos arribaron al lugar para realizar su detenci\u00f3n y trasladarlo a un nosocomio para recibir la atenci\u00f3n m\u00e9dica correspondiente, por las lesiones causadas, hechos que tom\u00f3 conocimiento el representante social; sin embargo, este 26 de marzo, el masculino perdi\u00f3 la vida.\u00a0<br>Cabe se\u00f1alar que, las personas agraviadas por el presunto robo a su propiedad no presentaron la denuncia correspondiente.\u00a0<\/p>\n\n\n\n<p>\u00a0La Procuradur\u00eda General de Justicia del Estado continuar\u00e1 con las indagatorias necesarias para llevar ante la autoridad competente a qui\u00e9n o qui\u00e9nes resulten responsables de este hecho.<\/p>\n","protected":false},"excerpt":{"rendered":"<p>La Procuradur\u00eda General de Justicia del Estado (PGJE) a trav\u00e9s del agente del Ministerio P\u00fablico del fuero com\u00fan inicia con la integraci\u00f3n de la carpeta de investigaci\u00f3n por el delito de homicidio al fallecer un masculino derivado de los hechos ocurridos el pasado 24 de marzo en San Pablo del Monte.\u00a0 De acuerdo a los [&hellip;]<\/p>\n","protected":false},"author":1,"featured_media":25635,"comment_status":"open","ping_status":"open","sticky":false,"template":"","format":"standard","meta":{"advanced_seo_description":"","jetpack_seo_html_title":"","jetpack_seo_noindex":false,"footnotes":"","jetpack_publicize_message":"","jetpack_is_tweetstorm":false,"jetpack_publicize_feature_enabled":true,"jetpack_social_post_already_shared":true,"jetpack_social_options":{"image_generator_settings":{"template":"highway","enabled":false}}},"categories":[10,9],"tags":[],"class_list":["post-25634","post","type-post","status-publish","format-standard","has-post-thumbnail","hentry","category-municipios","category-seguridad"],"jetpack_publicize_connections":[],"jetpack_featured_media_url":"http:\/\/elcensornoticias.com\/wp-content\/uploads\/2023\/03\/IMG-20230326-WA0004.jpg","jetpack_likes_enabled":true,"jetpack_sharing_enabled":true,"jetpack_shortlink":"https:\/\/wp.me\/p6xy50-6Fs","_links":{"self":[{"href":"http:\/\/elcensornoticias.com\/index.php?rest_route=\/wp\/v2\/posts\/25634","targetHints":{"allow":["GET"]}}],"collection":[{"href":"http:\/\/elcensornoticias.com\/index.php?rest_route=\/wp\/v2\/posts"}],"about":[{"href":"http:\/\/elcensornoticias.com\/index.php?rest_route=\/wp\/v2\/types\/post"}],"author":[{"embeddable":true,"href":"http:\/\/elcensornoticias.com\/index.php?rest_route=\/wp\/v2\/users\/1"}],"replies":[{"embeddable":true,"href":"http:\/\/elcensornoticias.com\/index.php?rest_route=%2Fwp%2Fv2%2Fcomments&post=25634"}],"version-history":[{"count":1,"href":"http:\/\/elcensornoticias.com\/index.php?rest_route=\/wp\/v2\/posts\/25634\/revisions"}],"predecessor-version":[{"id":25636,"href":"http:\/\/elcensornoticias.com\/index.php?rest_route=\/wp\/v2\/posts\/25634\/revisions\/25636"}],"wp:featuredmedia":[{"embeddable":true,"href":"http:\/\/elcensornoticias.com\/index.php?rest_route=\/wp\/v2\/media\/25635"}],"wp:attachment":[{"href":"http:\/\/elcensornoticias.com\/index.php?rest_route=%2Fwp%2Fv2%2Fmedia&parent=25634"}],"wp:term":[{"taxonomy":"category","embeddable":true,"href":"http:\/\/elcensornoticias.com\/index.php?rest_route=%2Fwp%2Fv2%2Fcategories&post=25634"},{"taxonomy":"post_tag","embeddable":true,"href":"http:\/\/elcensornoticias.com\/index.php?rest_route=%2Fwp%2Fv2%2Ftags&post=25634"}],"curies":[{"name":"wp","href":"https:\/\/api.w.org\/{rel}","templated":true}]}}