{"id":25618,"date":"2023-03-25T20:50:12","date_gmt":"2023-03-25T20:50:12","guid":{"rendered":"http:\/\/elcensornoticias.com\/?p=25618"},"modified":"2023-03-25T20:50:16","modified_gmt":"2023-03-25T20:50:16","slug":"premian-a-ganadores-del-xxiii-certamen-fotografico-el-carnaval-de-tlaxcala-en-imagenes","status":"publish","type":"post","link":"http:\/\/elcensornoticias.com\/?p=25618","title":{"rendered":"PREMIAN A GANADORES DEL XXIII CERTAMEN FOTOGR\u00c1FICO \u201cEL CARNAVAL DE TLAXCALA EN IM\u00c1GENES\u201d"},"content":{"rendered":"\n<p>Se registr\u00f3 la participaci\u00f3n de 34 autores con 83 obras.<br>El gobierno del estado a trav\u00e9s de las secretar\u00edas de Educaci\u00f3n, Cultura y Turismo realizaron la premiaci\u00f3n del XXlll certamen fotogr\u00e1fico \u201cEl Carnaval de Tlaxcala en Im\u00e1genes\u201d, que cont\u00f3 con la participaci\u00f3n de 83 obras de 34 autores que plasmaron una de las festividades m\u00e1s importantes del pueblo tlaxcalteca.<br>Durante el evento celebrado en el Museo de la Memoria, el director de Cultura, Recreaci\u00f3n y Deporte, Javier Fragoso Ram\u00edrez, en representaci\u00f3n del titular de la Secretar\u00eda de Educaci\u00f3n P\u00fablica del Estado y la Unidad de Servicios Educativos del Estado de Tlaxcala (SEPE-USET), Homero Meneses Hern\u00e1ndez, felicit\u00f3 a los ganadores por su colaboraci\u00f3n en este evento, el cual busca plasmar las manifestaciones culturales de la entidad.<br>En el lugar, los representantes de las diferentes dependencias premiaron a los ganadores del certamen, el primer lugar fue para Juan Espejel L\u00f3pez, con la obra \u201cMajestuosa\u201d, acreedor a 8 mil pesos; segundo puesto Flavio C\u00e9sar Altamirano con \u201cFelicidad en el carnaval\u201d, quien recibi\u00f3 7 mil pesos; tercer lugar Omar Guzm\u00e1n Lozano \u201cAlma\u201d, con 5 mil pesos.<br>El cuarto puesto fue para Magaly Copalcuatzi Ram\u00edrez, con \u201cDel telar al carnaval\u201d y el quinto lugar para Luis Antonio Hern\u00e1ndez Moctezuma, con \u201cLos peque\u00f1os pueblos\u201d, acreedores a 3 mil y 2 mil pesos, respectivamente.<br>Mencionar que la exposici\u00f3n estar\u00e1 expuesta a partir de este d\u00eda y durante el periodo vacacional, con el prop\u00f3sito de que los visitantes y turistas puedan apreciar la riqueza cultural de una de las fiestas m\u00e1s representativas de Tlaxcala.<\/p>\n","protected":false},"excerpt":{"rendered":"<p>Se registr\u00f3 la participaci\u00f3n de 34 autores con 83 obras.El gobierno del estado a trav\u00e9s de las secretar\u00edas de Educaci\u00f3n, Cultura y Turismo realizaron la premiaci\u00f3n del XXlll certamen fotogr\u00e1fico \u201cEl Carnaval de Tlaxcala en Im\u00e1genes\u201d, que cont\u00f3 con la participaci\u00f3n de 83 obras de 34 autores que plasmaron una de las festividades m\u00e1s importantes [&hellip;]<\/p>\n","protected":false},"author":1,"featured_media":25619,"comment_status":"open","ping_status":"open","sticky":false,"template":"","format":"standard","meta":{"advanced_seo_description":"","jetpack_seo_html_title":"","jetpack_seo_noindex":false,"footnotes":"","jetpack_publicize_message":"","jetpack_is_tweetstorm":false,"jetpack_publicize_feature_enabled":true,"jetpack_social_post_already_shared":true,"jetpack_social_options":{"image_generator_settings":{"template":"highway","enabled":false}}},"categories":[5,3],"tags":[],"class_list":["post-25618","post","type-post","status-publish","format-standard","has-post-thumbnail","hentry","category-carrucel","category-gobierno"],"jetpack_publicize_connections":[],"jetpack_featured_media_url":"http:\/\/elcensornoticias.com\/wp-content\/uploads\/2023\/03\/IMG-20230325-WA0031.jpg","jetpack_likes_enabled":true,"jetpack_sharing_enabled":true,"jetpack_shortlink":"https:\/\/wp.me\/p6xy50-6Fc","_links":{"self":[{"href":"http:\/\/elcensornoticias.com\/index.php?rest_route=\/wp\/v2\/posts\/25618","targetHints":{"allow":["GET"]}}],"collection":[{"href":"http:\/\/elcensornoticias.com\/index.php?rest_route=\/wp\/v2\/posts"}],"about":[{"href":"http:\/\/elcensornoticias.com\/index.php?rest_route=\/wp\/v2\/types\/post"}],"author":[{"embeddable":true,"href":"http:\/\/elcensornoticias.com\/index.php?rest_route=\/wp\/v2\/users\/1"}],"replies":[{"embeddable":true,"href":"http:\/\/elcensornoticias.com\/index.php?rest_route=%2Fwp%2Fv2%2Fcomments&post=25618"}],"version-history":[{"count":1,"href":"http:\/\/elcensornoticias.com\/index.php?rest_route=\/wp\/v2\/posts\/25618\/revisions"}],"predecessor-version":[{"id":25620,"href":"http:\/\/elcensornoticias.com\/index.php?rest_route=\/wp\/v2\/posts\/25618\/revisions\/25620"}],"wp:featuredmedia":[{"embeddable":true,"href":"http:\/\/elcensornoticias.com\/index.php?rest_route=\/wp\/v2\/media\/25619"}],"wp:attachment":[{"href":"http:\/\/elcensornoticias.com\/index.php?rest_route=%2Fwp%2Fv2%2Fmedia&parent=25618"}],"wp:term":[{"taxonomy":"category","embeddable":true,"href":"http:\/\/elcensornoticias.com\/index.php?rest_route=%2Fwp%2Fv2%2Fcategories&post=25618"},{"taxonomy":"post_tag","embeddable":true,"href":"http:\/\/elcensornoticias.com\/index.php?rest_route=%2Fwp%2Fv2%2Ftags&post=25618"}],"curies":[{"name":"wp","href":"https:\/\/api.w.org\/{rel}","templated":true}]}}