{"id":25581,"date":"2023-03-25T00:19:20","date_gmt":"2023-03-25T00:19:20","guid":{"rendered":"http:\/\/elcensornoticias.com\/?p=25581"},"modified":"2023-03-25T00:19:23","modified_gmt":"2023-03-25T00:19:23","slug":"distintivo-cruz-roja-mexicana-tlaxcala-2023-para-empresas-socialmente-comprometidas","status":"publish","type":"post","link":"http:\/\/elcensornoticias.com\/?p=25581","title":{"rendered":"\u201cDISTINTIVO CRUZ ROJA MEXICANA TLAXCALA 2023\u201d PARA EMPRESAS SOCIALMENTE COMPROMETIDAS"},"content":{"rendered":"\n<p>Prev\u00e9n sumar al sector privado para que la instituci\u00f3n de asistencia p\u00fablica incremente su alcance de ayuda humanitaria<br>El gobierno del estado a trav\u00e9s de la Secretar\u00eda de Desarrollo Econ\u00f3mico (Sedeco) y la Cruz Roja Mexicana Tlaxcala, presentaron los distintivos que la instituci\u00f3n humanitaria otorgar\u00e1 a las peque\u00f1as, medianas y grandes empresas del estado, con el objetivo de que se sumen como organizaciones comprometidas en beneficio de la sociedad y que la ayuda llegue cada vez a m\u00e1s tlaxcaltecas.<br>Durante el evento, el secretario de Sedeco, Javier Marroqu\u00edn Calder\u00f3n y el delegado estatal de la Cruz Roja Mexicana Tlaxcala, Miguel Garc\u00eda M\u00e9ndez, invitaron a los empresarios de la entidad a inscribirse en las categor\u00edas de \u201cEmpresa Solidaria\u201d y \u201cEmpresa comprometida\u201d; las cuales participar\u00e1n ya sea con un donativo mensual basado en el n\u00famero de colaboradores de la empresa, deducible de impuestos por 12 meses consecutivos para apoyar a las causas sociales de las comunidades m\u00e1s marginadas del estado; o bien, con la adquisici\u00f3n de cursos certificados de la Cruz Roja para fomentar la cultura de protecci\u00f3n civil y primeros auxilios entre la poblaci\u00f3n, empresas y organizaciones.&nbsp;<br>El \u201cDistintivo Dorado\u201d, se otorgar\u00e1 a aquellas empresas que sumen las cualidades de \u201csolidarias y comprometidas\u201d a la vez.<br>Cabe mencionar que el Consejo Directivo Estatal de Cruz Roja Mexicana en Tlaxcala, ser\u00e1 qui\u00e9n eval\u00fae las solicitudes para hacerse acreedores al Distintivo Cruz Roja Mexicana en cualquiera de sus categor\u00edas, el cual ser\u00e1 entregado el pr\u00f3ximo 5 de diciembre en el marco del D\u00eda Internacional del voluntariado.<br>En su intervenci\u00f3n, la presidenta Honor\u00edfica de la Cruz Roja, Mariana Espinosa de los Monteros Cu\u00e9llar, subray\u00f3 la importancia de unir esfuerzos para beneficiar a los dem\u00e1s. Felicit\u00f3 a las empresas asistentes al evento por su inter\u00e9s en participar y ser socialmente responsables.&nbsp;<br>En tanto, Marroqu\u00edn Calder\u00f3n afirm\u00f3 que la Cruz Roja necesita de la ayuda de la iniciativa privada y por ello exhort\u00f3 a todas las empresas en Tlaxcala a sumarse a esta convocatoria.<br>Asimismo, Garc\u00eda M\u00e9ndez resalt\u00f3 la gran oportunidad de establecer alianzas estrat\u00e9gicas con el sector privado, que les permitan incrementar su alcance como instituciones con actividades asistenciales. Asegur\u00f3 que los distintivos potenciar\u00e1n el valor agregado de las empresas.<br>Con estas colaboraciones, el gobierno del estado impulsa a las organizaciones empresariales a formar parte del voluntariado en Tlaxcala, para ayudar a la sociedad en generar y hacer una nueva historia en la entidad.<\/p>\n","protected":false},"excerpt":{"rendered":"<p>Prev\u00e9n sumar al sector privado para que la instituci\u00f3n de asistencia p\u00fablica incremente su alcance de ayuda humanitariaEl gobierno del estado a trav\u00e9s de la Secretar\u00eda de Desarrollo Econ\u00f3mico (Sedeco) y la Cruz Roja Mexicana Tlaxcala, presentaron los distintivos que la instituci\u00f3n humanitaria otorgar\u00e1 a las peque\u00f1as, medianas y grandes empresas del estado, con el [&hellip;]<\/p>\n","protected":false},"author":1,"featured_media":25582,"comment_status":"open","ping_status":"open","sticky":false,"template":"","format":"standard","meta":{"advanced_seo_description":"","jetpack_seo_html_title":"","jetpack_seo_noindex":false,"footnotes":"","jetpack_publicize_message":"","jetpack_is_tweetstorm":false,"jetpack_publicize_feature_enabled":true,"jetpack_social_post_already_shared":true,"jetpack_social_options":{"image_generator_settings":{"template":"highway","enabled":false}}},"categories":[2,3],"tags":[],"class_list":["post-25581","post","type-post","status-publish","format-standard","has-post-thumbnail","hentry","category-destacadas","category-gobierno"],"jetpack_publicize_connections":[],"jetpack_featured_media_url":"http:\/\/elcensornoticias.com\/wp-content\/uploads\/2023\/03\/IMG-20230324-WA0054.jpg","jetpack_likes_enabled":true,"jetpack_sharing_enabled":true,"jetpack_shortlink":"https:\/\/wp.me\/p6xy50-6EB","_links":{"self":[{"href":"http:\/\/elcensornoticias.com\/index.php?rest_route=\/wp\/v2\/posts\/25581","targetHints":{"allow":["GET"]}}],"collection":[{"href":"http:\/\/elcensornoticias.com\/index.php?rest_route=\/wp\/v2\/posts"}],"about":[{"href":"http:\/\/elcensornoticias.com\/index.php?rest_route=\/wp\/v2\/types\/post"}],"author":[{"embeddable":true,"href":"http:\/\/elcensornoticias.com\/index.php?rest_route=\/wp\/v2\/users\/1"}],"replies":[{"embeddable":true,"href":"http:\/\/elcensornoticias.com\/index.php?rest_route=%2Fwp%2Fv2%2Fcomments&post=25581"}],"version-history":[{"count":1,"href":"http:\/\/elcensornoticias.com\/index.php?rest_route=\/wp\/v2\/posts\/25581\/revisions"}],"predecessor-version":[{"id":25583,"href":"http:\/\/elcensornoticias.com\/index.php?rest_route=\/wp\/v2\/posts\/25581\/revisions\/25583"}],"wp:featuredmedia":[{"embeddable":true,"href":"http:\/\/elcensornoticias.com\/index.php?rest_route=\/wp\/v2\/media\/25582"}],"wp:attachment":[{"href":"http:\/\/elcensornoticias.com\/index.php?rest_route=%2Fwp%2Fv2%2Fmedia&parent=25581"}],"wp:term":[{"taxonomy":"category","embeddable":true,"href":"http:\/\/elcensornoticias.com\/index.php?rest_route=%2Fwp%2Fv2%2Fcategories&post=25581"},{"taxonomy":"post_tag","embeddable":true,"href":"http:\/\/elcensornoticias.com\/index.php?rest_route=%2Fwp%2Fv2%2Ftags&post=25581"}],"curies":[{"name":"wp","href":"https:\/\/api.w.org\/{rel}","templated":true}]}}