{"id":25575,"date":"2023-03-24T22:52:56","date_gmt":"2023-03-24T22:52:56","guid":{"rendered":"http:\/\/elcensornoticias.com\/?p=25575"},"modified":"2023-03-24T22:52:57","modified_gmt":"2023-03-24T22:52:57","slug":"tragameluz-promueve-el-quehacer-fotografico-en-san-cristobal-de-las-casas-chiapas","status":"publish","type":"post","link":"http:\/\/elcensornoticias.com\/?p=25575","title":{"rendered":"Tragameluz, promueve el quehacer fotogr\u00e1fico en San Crist\u00f3bal de las Casas, Chiapas"},"content":{"rendered":"\n<p>Formado hace 21 a\u00f1os con la intenci\u00f3n de fomentar la cultura visual, abrir espacios para la difusi\u00f3n de la fotograf\u00eda, de la teor\u00eda, la cr\u00edtica y el debate de los diferentes lenguajes de la imagen, se cre\u00f3 el Colectivo Fotogr\u00e1fico Tragameluz, el cual, actualmente est\u00e1 integrado por&nbsp;fot\u00f3grafas y fot\u00f3grafos independientes de diferentes nacionalidades y especialidades<em>.<\/em><\/p>\n\n\n\n<p>Alan Fuentes, quien se uni\u00f3 al Colectivo en 2008, refiere en entrevista que el grupo anteriormente se llam\u00f3 Fot\u00f3grafos Independientes y, desde sus inicios, ha sido una iniciativa comunitaria, es decir, \u201cdel pueblo para el pueblo\u201d en donde tambi\u00e9n participan personas aficionadas a la fotograf\u00eda.<\/p>\n\n\n\n<p>\u201cEl Colectivo&nbsp;es parte del entramado cultural de San Crist\u00f3bal de las Casas y del estado de Chiapas, pues, hasta el a\u00f1o pasado, ha producido m\u00e1s de 150 actividades, entre exposiciones fotogr\u00e1ficas, presentaciones de libros, talleres, conversatorios, proyecciones, conciertos, entre otros, con la intenci\u00f3n de aportar en la cultura visual de la comunidad\u201d, se\u00f1ala.<\/p>\n\n\n\n<p>Aunque a\u00fan era ni\u00f1o cuando el Colectivo se form\u00f3, Alan sabe que quienes lo iniciaron fueron los fot\u00f3grafos Jos\u00e9 \u00c1ngel Rodr\u00edguez, Cecilia Monroy e Isaac Guzm\u00e1n. Y entre los que actualmente lo conforman, se encuentran Yara \u00c1ngel, Fabi\u00e1n Vidal y \u00e9l.<\/p>\n\n\n\n<p>El grupo, como Tragameluz, relata, inici\u00f3 en 2002 a propuesta de un peque\u00f1o grupo de fot\u00f3grafos cuya intenci\u00f3n era narrar y contar historias de lucha social, denuncia y, al mismo tiempo, promover el arte fotogr\u00e1fico de la comunidad.<\/p>\n\n\n\n<p>\u201cDesde entonces, cada a\u00f1o a mediados del mes de noviembre se organiza el Festival de Fotograf\u00eda Tragameluz (de donde el Colectivo toma su nombre actual) durante el cual se realizan diversas actividades relacionadas a la fotograf\u00eda, como exposiciones colectivas e individuales, talleres, conversatorios, etc\u00e9tera, con el objetivo principal de poder visualizar la situaci\u00f3n socioecon\u00f3mica de San Crist\u00f3bal\u201d, apunta.<\/p>\n\n\n\n<p>De este, agrega, han nacido buenas iniciativas de j\u00f3venes fot\u00f3grafos, creadoras y creadores con muchas ganas de incentivar este arte en la comunidad, a pesar de que la mayor\u00eda de las y los miembros del grupo no son originarios de la localidad.<\/p>\n\n\n\n<p>Respecto al Festival de Fotograf\u00eda Tragameluz, dice que se ha convertido en un escaparate que por igual brinda espacio a fot\u00f3grafas y fot\u00f3grafos de amplia trayectoria, como de las y los nuevos creadores, convirtiendo el evento en un espacio desde el cual se establecen v\u00ednculos entre artistas visuales, promotores, espacios, p\u00fablico e instituciones&nbsp;pues se plantea un modelo de organizaci\u00f3n, gesti\u00f3n y planificaci\u00f3n, promoci\u00f3n e interacci\u00f3n que pueda ser reproducido, apropiado y mejorado por otros grupos de promoci\u00f3n cultural.<\/p>\n\n\n\n<p>Aunque desde sus inicios el Festival se ha llevado a cabo en San Crist\u00f3bal de las Casas, el a\u00f1o pasado tuvo participaci\u00f3n en el marco del Festival de Fotoseptiembre, del Centro de la Imagen en la Ciudad de M\u00e9xico.<\/p>\n\n\n\n<p>Por \u00faltimo, Alan Fuentes comenta que apenas hace unos a\u00f1os por primera vez se abri\u00f3 espacio a las infancias y se organiz\u00f3 una exposici\u00f3n colectiva infantil para mostrar una narrativa completamente distinta, \u201cporque a veces dejamos de lado los discursos de los ni\u00f1os y las ni\u00f1as que vienen atr\u00e1s de nosotros&nbsp;y que muchas veces tambi\u00e9n tienen muchas cosas que contarnos desde su visi\u00f3n, desde su perspectiva\u201d.<\/p>\n","protected":false},"excerpt":{"rendered":"<p>Formado hace 21 a\u00f1os con la intenci\u00f3n de fomentar la cultura visual, abrir espacios para la difusi\u00f3n de la fotograf\u00eda, de la teor\u00eda, la cr\u00edtica y el debate de los diferentes lenguajes de la imagen, se cre\u00f3 el Colectivo Fotogr\u00e1fico Tragameluz, el cual, actualmente est\u00e1 integrado por&nbsp;fot\u00f3grafas y fot\u00f3grafos independientes de diferentes nacionalidades y especialidades. [&hellip;]<\/p>\n","protected":false},"author":1,"featured_media":25576,"comment_status":"open","ping_status":"open","sticky":false,"template":"","format":"standard","meta":{"advanced_seo_description":"","jetpack_seo_html_title":"","jetpack_seo_noindex":false,"footnotes":"","jetpack_publicize_message":"","jetpack_is_tweetstorm":false,"jetpack_publicize_feature_enabled":true,"jetpack_social_post_already_shared":true,"jetpack_social_options":{"image_generator_settings":{"template":"highway","enabled":false}}},"categories":[26,4],"tags":[],"class_list":["post-25575","post","type-post","status-publish","format-standard","has-post-thumbnail","hentry","category-cultura","category-noticias"],"jetpack_publicize_connections":[],"jetpack_featured_media_url":"http:\/\/elcensornoticias.com\/wp-content\/uploads\/2023\/03\/TRAGAMELUZ-3-Credito-Monserrat-Esponda.jpeg","jetpack_likes_enabled":true,"jetpack_sharing_enabled":true,"jetpack_shortlink":"https:\/\/wp.me\/p6xy50-6Ev","_links":{"self":[{"href":"http:\/\/elcensornoticias.com\/index.php?rest_route=\/wp\/v2\/posts\/25575","targetHints":{"allow":["GET"]}}],"collection":[{"href":"http:\/\/elcensornoticias.com\/index.php?rest_route=\/wp\/v2\/posts"}],"about":[{"href":"http:\/\/elcensornoticias.com\/index.php?rest_route=\/wp\/v2\/types\/post"}],"author":[{"embeddable":true,"href":"http:\/\/elcensornoticias.com\/index.php?rest_route=\/wp\/v2\/users\/1"}],"replies":[{"embeddable":true,"href":"http:\/\/elcensornoticias.com\/index.php?rest_route=%2Fwp%2Fv2%2Fcomments&post=25575"}],"version-history":[{"count":1,"href":"http:\/\/elcensornoticias.com\/index.php?rest_route=\/wp\/v2\/posts\/25575\/revisions"}],"predecessor-version":[{"id":25577,"href":"http:\/\/elcensornoticias.com\/index.php?rest_route=\/wp\/v2\/posts\/25575\/revisions\/25577"}],"wp:featuredmedia":[{"embeddable":true,"href":"http:\/\/elcensornoticias.com\/index.php?rest_route=\/wp\/v2\/media\/25576"}],"wp:attachment":[{"href":"http:\/\/elcensornoticias.com\/index.php?rest_route=%2Fwp%2Fv2%2Fmedia&parent=25575"}],"wp:term":[{"taxonomy":"category","embeddable":true,"href":"http:\/\/elcensornoticias.com\/index.php?rest_route=%2Fwp%2Fv2%2Fcategories&post=25575"},{"taxonomy":"post_tag","embeddable":true,"href":"http:\/\/elcensornoticias.com\/index.php?rest_route=%2Fwp%2Fv2%2Ftags&post=25575"}],"curies":[{"name":"wp","href":"https:\/\/api.w.org\/{rel}","templated":true}]}}