{"id":25559,"date":"2023-03-24T22:37:43","date_gmt":"2023-03-24T22:37:43","guid":{"rendered":"http:\/\/elcensornoticias.com\/?p=25559"},"modified":"2023-03-24T22:37:47","modified_gmt":"2023-03-24T22:37:47","slug":"realiza-uatx-congreso-internacional-sobre-argumentacion-juridica","status":"publish","type":"post","link":"http:\/\/elcensornoticias.com\/?p=25559","title":{"rendered":"Realiza UATx congreso internacional sobre argumentaci\u00f3n jur\u00eddica"},"content":{"rendered":"\n<p>La Universidad Aut\u00f3noma de Tlaxcala (UATx), a trav\u00e9s del Centro de Investigaciones Jur\u00eddico-Pol\u00edticas (CIJUREP), en coordinaci\u00f3n con el Doctorado en Derecho y Argumentaci\u00f3n Jur\u00eddica, as\u00ed como el Cuerpo Acad\u00e9mico (CA) Neoconstitucionalismo, Buena Pol\u00edtica y Argumentaci\u00f3n Jur\u00eddica, puso en marcha el Congreso Internacional \u201cNuevos Horizontes de la Argumentaci\u00f3n Jur\u00eddica en el Siglo XXI\u201d, en el auditorio Jos\u00e9 de Jes\u00fas Gudi\u00f1o Pelayo.<\/p>\n\n\n\n<p>En su mensaje, la Doctora Gloria Ram\u00edrez El\u00edas, Coordinadora de la Divisi\u00f3n de Ciencias Sociales y Administrativas, en representaci\u00f3n del Doctor Seraf\u00edn Ortiz Ortiz, Rector de la UATx, mencion\u00f3 que, este espacio es el escenario ideal para reflexionar acerca de los avances y desaf\u00edos de la argumentaci\u00f3n jur\u00eddica, adem\u00e1s de que los estudiantes pueden adquirir nuevo conocimiento en esta disciplina del saber.<\/p>\n\n\n\n<p>Recalc\u00f3 que, la argumentaci\u00f3n jur\u00eddica, es considerada una herramienta y un modelo te\u00f3rico que tiene como base fundamental el buen uso de la palabra y el an\u00e1lisis del discurso, lo que permite que el derecho est\u00e9 relacionado con la literatura y con las ciencias sociales, de ah\u00ed que es de vital importancia para la humanidad.<\/p>\n\n\n\n<p>En su momento, el Doctor V\u00edctor Rojas Amandi, catedr\u00e1tico del CIJUREP, sostuvo que, durante las \u00faltimas cuatro d\u00e9cadas la argumentaci\u00f3n jur\u00eddica ha ganado una importancia relevante en el campo de esta doctrina, toda vez que, expertos en la materia, han recurrido a la misma para explicar las caracter\u00edsticas estructurales del razonamiento, la toma de decisiones y la justificaci\u00f3n jur\u00eddica.<\/p>\n\n\n\n<p>Expuso que, el creciente inter\u00e9s por la argumentaci\u00f3n jur\u00eddica tiene que ver con el cambio de visi\u00f3n sobre las tareas del&nbsp; legislador y del juez, lo cual abre la necesidad de que los claustros realicen foros de reflexi\u00f3n con especialistas para intercambiar ideas sobre las orientaciones que se deben tomar en el \u00e1mbito te\u00f3rico y pr\u00e1ctico.<\/p>\n\n\n\n<p>Por su parte, el Doctor Emmanuel Rodr\u00edguez Baca, Secretario Acad\u00e9mico del CIJUREP, subray\u00f3 que, el conocimiento se construye de manera colectiva, a trav\u00e9s de la discusi\u00f3n y an\u00e1lisis de temas espec\u00edficos, por lo que esta actividad tiene la finalidad de abrir un di\u00e1logo con expertos para seguir abonando a la concreci\u00f3n de nuevos saberes y l\u00edneas de investigaci\u00f3n.<\/p>\n\n\n\n<p>Este congreso inici\u00f3 con la conferencia magistral del Doctor Rodolfo Luis Vigo, catedr\u00e1tico de la&nbsp;Universidad Nacional del Litoral (UNL) de Argentina, quien hizo un balance de los desaf\u00edos de la teor\u00eda de la argumentaci\u00f3n jur\u00eddica, la cual fue moderada por el Doctor Fabian Aquiahuatl Denicia, integrante del CA.<\/p>\n\n\n\n<p>Entre los temas que se abordan destacan: \u201cLa argumentaci\u00f3n jur\u00eddica en el siglo XXI\u201d; \u201cLa teor\u00eda de la argumentaci\u00f3n jur\u00eddica y sus implicaciones pr\u00e1cticas\u201d; y \u201cLa importancia de la argumentaci\u00f3n jur\u00eddica en la formaci\u00f3n profesional\u201d.<\/p>\n\n\n\n<p>Adem\u00e1s, el Doctor Manuel Atienza Rodr\u00edguez,&nbsp;catedr\u00e1tico de Filosof\u00eda del Derecho de la Universidad de Alicante, Espa\u00f1a,&nbsp;habl\u00f3 acerca de \u201cLos nuevos horizontes de la argumentaci\u00f3n jur\u00eddica\u201d.<\/p>\n","protected":false},"excerpt":{"rendered":"<p>La Universidad Aut\u00f3noma de Tlaxcala (UATx), a trav\u00e9s del Centro de Investigaciones Jur\u00eddico-Pol\u00edticas (CIJUREP), en coordinaci\u00f3n con el Doctorado en Derecho y Argumentaci\u00f3n Jur\u00eddica, as\u00ed como el Cuerpo Acad\u00e9mico (CA) Neoconstitucionalismo, Buena Pol\u00edtica y Argumentaci\u00f3n Jur\u00eddica, puso en marcha el Congreso Internacional \u201cNuevos Horizontes de la Argumentaci\u00f3n Jur\u00eddica en el Siglo XXI\u201d, en el auditorio [&hellip;]<\/p>\n","protected":false},"author":1,"featured_media":25560,"comment_status":"open","ping_status":"open","sticky":false,"template":"","format":"standard","meta":{"advanced_seo_description":"","jetpack_seo_html_title":"","jetpack_seo_noindex":false,"footnotes":"","jetpack_publicize_message":"","jetpack_is_tweetstorm":false,"jetpack_publicize_feature_enabled":true,"jetpack_social_post_already_shared":true,"jetpack_social_options":{"image_generator_settings":{"template":"highway","enabled":false}}},"categories":[2,28],"tags":[],"class_list":["post-25559","post","type-post","status-publish","format-standard","has-post-thumbnail","hentry","category-destacadas","category-educacion"],"jetpack_publicize_connections":[],"jetpack_featured_media_url":"http:\/\/elcensornoticias.com\/wp-content\/uploads\/2023\/03\/24-Realiza-UATx-congreso-internacional-sobre-argumentacion-juridica-scaled.jpg","jetpack_likes_enabled":true,"jetpack_sharing_enabled":true,"jetpack_shortlink":"https:\/\/wp.me\/p6xy50-6Ef","_links":{"self":[{"href":"http:\/\/elcensornoticias.com\/index.php?rest_route=\/wp\/v2\/posts\/25559","targetHints":{"allow":["GET"]}}],"collection":[{"href":"http:\/\/elcensornoticias.com\/index.php?rest_route=\/wp\/v2\/posts"}],"about":[{"href":"http:\/\/elcensornoticias.com\/index.php?rest_route=\/wp\/v2\/types\/post"}],"author":[{"embeddable":true,"href":"http:\/\/elcensornoticias.com\/index.php?rest_route=\/wp\/v2\/users\/1"}],"replies":[{"embeddable":true,"href":"http:\/\/elcensornoticias.com\/index.php?rest_route=%2Fwp%2Fv2%2Fcomments&post=25559"}],"version-history":[{"count":1,"href":"http:\/\/elcensornoticias.com\/index.php?rest_route=\/wp\/v2\/posts\/25559\/revisions"}],"predecessor-version":[{"id":25561,"href":"http:\/\/elcensornoticias.com\/index.php?rest_route=\/wp\/v2\/posts\/25559\/revisions\/25561"}],"wp:featuredmedia":[{"embeddable":true,"href":"http:\/\/elcensornoticias.com\/index.php?rest_route=\/wp\/v2\/media\/25560"}],"wp:attachment":[{"href":"http:\/\/elcensornoticias.com\/index.php?rest_route=%2Fwp%2Fv2%2Fmedia&parent=25559"}],"wp:term":[{"taxonomy":"category","embeddable":true,"href":"http:\/\/elcensornoticias.com\/index.php?rest_route=%2Fwp%2Fv2%2Fcategories&post=25559"},{"taxonomy":"post_tag","embeddable":true,"href":"http:\/\/elcensornoticias.com\/index.php?rest_route=%2Fwp%2Fv2%2Ftags&post=25559"}],"curies":[{"name":"wp","href":"https:\/\/api.w.org\/{rel}","templated":true}]}}