{"id":25540,"date":"2023-03-24T22:23:40","date_gmt":"2023-03-24T22:23:40","guid":{"rendered":"http:\/\/elcensornoticias.com\/?p=25540"},"modified":"2023-03-24T22:23:43","modified_gmt":"2023-03-24T22:23:43","slug":"victima-atada-de-manos-y-pies-y-con-la-cara-cubierta-en-la-joya-tlaxcala","status":"publish","type":"post","link":"http:\/\/elcensornoticias.com\/?p=25540","title":{"rendered":"V\u00edctima atada de manos y pies y con la cara cubierta, en la Joya Tlaxcala"},"content":{"rendered":"\n<p>Elementos de la Polic\u00eda de Investigaci\u00f3n adscritos a la Procuradur\u00eda General de Justicia del Estado (PGJE) iniciaron las indagatorias correspondientes derivado de un presunto robo a casa-habitaci\u00f3n ocurrido la ma\u00f1ana de este 24 de marzo en el Fraccionamiento La Perla, del municipio de Tlaxcala.<br>A trav\u00e9s del Servicio de Emergencias 9-1-1 se report\u00f3 que un masculino se encontraba atado de manos y pies en el lugar antes referido y con la cara cubierta, ante este hecho, elementos del \u00e1rea de Servicios Periciales de la PGJE arribaron al lugar, a fin de realizar las primeras diligencias y trasladar a la v\u00edctima a la Procuradur\u00eda para presentar la denuncia correspondiente.<br>La Procuradur\u00eda General de Justicia del Estado a trav\u00e9s del representante del fuero com\u00fan ejecutar\u00e1 las investigaciones necesarias para llevar ante la autoridad competente a qui\u00e9n o qui\u00e9nes resulten responsables de este hecho.<\/p>\n","protected":false},"excerpt":{"rendered":"<p>Elementos de la Polic\u00eda de Investigaci\u00f3n adscritos a la Procuradur\u00eda General de Justicia del Estado (PGJE) iniciaron las indagatorias correspondientes derivado de un presunto robo a casa-habitaci\u00f3n ocurrido la ma\u00f1ana de este 24 de marzo en el Fraccionamiento La Perla, del municipio de Tlaxcala.A trav\u00e9s del Servicio de Emergencias 9-1-1 se report\u00f3 que un masculino [&hellip;]<\/p>\n","protected":false},"author":1,"featured_media":25541,"comment_status":"open","ping_status":"open","sticky":false,"template":"","format":"standard","meta":{"advanced_seo_description":"","jetpack_seo_html_title":"","jetpack_seo_noindex":false,"footnotes":"","jetpack_publicize_message":"","jetpack_is_tweetstorm":false,"jetpack_publicize_feature_enabled":true,"jetpack_social_post_already_shared":true,"jetpack_social_options":{"image_generator_settings":{"template":"highway","enabled":false}}},"categories":[2,9],"tags":[],"class_list":["post-25540","post","type-post","status-publish","format-standard","has-post-thumbnail","hentry","category-destacadas","category-seguridad"],"jetpack_publicize_connections":[],"jetpack_featured_media_url":"http:\/\/elcensornoticias.com\/wp-content\/uploads\/2023\/03\/IMG-20230324-WA0010.jpg","jetpack_likes_enabled":true,"jetpack_sharing_enabled":true,"jetpack_shortlink":"https:\/\/wp.me\/p6xy50-6DW","_links":{"self":[{"href":"http:\/\/elcensornoticias.com\/index.php?rest_route=\/wp\/v2\/posts\/25540","targetHints":{"allow":["GET"]}}],"collection":[{"href":"http:\/\/elcensornoticias.com\/index.php?rest_route=\/wp\/v2\/posts"}],"about":[{"href":"http:\/\/elcensornoticias.com\/index.php?rest_route=\/wp\/v2\/types\/post"}],"author":[{"embeddable":true,"href":"http:\/\/elcensornoticias.com\/index.php?rest_route=\/wp\/v2\/users\/1"}],"replies":[{"embeddable":true,"href":"http:\/\/elcensornoticias.com\/index.php?rest_route=%2Fwp%2Fv2%2Fcomments&post=25540"}],"version-history":[{"count":1,"href":"http:\/\/elcensornoticias.com\/index.php?rest_route=\/wp\/v2\/posts\/25540\/revisions"}],"predecessor-version":[{"id":25542,"href":"http:\/\/elcensornoticias.com\/index.php?rest_route=\/wp\/v2\/posts\/25540\/revisions\/25542"}],"wp:featuredmedia":[{"embeddable":true,"href":"http:\/\/elcensornoticias.com\/index.php?rest_route=\/wp\/v2\/media\/25541"}],"wp:attachment":[{"href":"http:\/\/elcensornoticias.com\/index.php?rest_route=%2Fwp%2Fv2%2Fmedia&parent=25540"}],"wp:term":[{"taxonomy":"category","embeddable":true,"href":"http:\/\/elcensornoticias.com\/index.php?rest_route=%2Fwp%2Fv2%2Fcategories&post=25540"},{"taxonomy":"post_tag","embeddable":true,"href":"http:\/\/elcensornoticias.com\/index.php?rest_route=%2Fwp%2Fv2%2Ftags&post=25540"}],"curies":[{"name":"wp","href":"https:\/\/api.w.org\/{rel}","templated":true}]}}