{"id":25506,"date":"2023-03-24T00:32:44","date_gmt":"2023-03-24T00:32:44","guid":{"rendered":"http:\/\/elcensornoticias.com\/?p=25506"},"modified":"2023-03-24T00:32:48","modified_gmt":"2023-03-24T00:32:48","slug":"zapata-vive-a-traves-de-la-cultura-popular-suriana","status":"publish","type":"post","link":"http:\/\/elcensornoticias.com\/?p=25506","title":{"rendered":"\u201c\u00a1Zapata Vive! a trav\u00e9s de la Cultura Popular Suriana\u201d"},"content":{"rendered":"\n<ul class=\"wp-block-list\"><li><strong>Para su despedida, se llevar\u00e1 a cabo una jornada acad\u00e9mica con la participaci\u00f3n del historiador Edgar Castro Zapata<\/strong><\/li><li><strong>A trav\u00e9s de mesas de di\u00e1logo, se divulgar\u00e1 la memoria hist\u00f3rica del Caudillo del Sur y su legado en la cultura popular suriana<\/strong><\/li><li><strong>A estas actividades se suma la presentaci\u00f3n musical de Dave Talavera<\/strong><\/li><\/ul>\n\n\n\n<p>La exposici\u00f3n \u201c\u00a1Zapata Vive! a trav\u00e9s de la Cultura Popular Suriana\u00bb concluye su ciclo en el Museo Nacional de Culturas Populares (MNCP) despu\u00e9s de m\u00e1s de cuatro meses de acercar al p\u00fablico las representaciones populares del general Emiliano Zapata a trav\u00e9s de la pintura, la artesan\u00eda y el imaginario colectivo.<\/p>\n\n\n\n<p>La exhibici\u00f3n podr\u00e1 visitarse hasta el pr\u00f3ximo domingo 26 de marzo de 2023, y, como parte de las actividades que se preparan para despedirla, a partir de las 11:00 horas del 24 de marzo, tendr\u00e1n lugar tres mesas de di\u00e1logo y una conferencia magistral, as\u00ed como la presentaci\u00f3n musical del compositor Dave Talavera en el Patio Jacarandas del MNCP, instituci\u00f3n de la Secretar\u00eda de Cultura del Gobierno de M\u00e9xico.<\/p>\n\n\n\n<p>Este evento busca promover la Cultura Popular Suriana que se desarroll\u00f3 en Morelos, Guerrero, Puebla, Estado de M\u00e9xico y Ciudad de M\u00e9xico de forma posterior al asesinato del General Emiliano Zapata.<\/p>\n\n\n\n<p>En la primera mesa \u201cLa Cultura Popular Suriana\u201d, que inaugurar\u00e1 el evento a las 11:00 horas, se abordar\u00e1 la indumentaria de esta regi\u00f3n, sus ferias y danzas, su tradici\u00f3n oral y teatro. Estar\u00e1n presentes el historiador de la Universidad Aut\u00f3noma del Estado de Morelos H\u00e9ctor Alexander Mej\u00eda, el historiador y doctor de la Universidad Nacional Aut\u00f3noma de M\u00e9xico (UNAM) Armando Josu\u00e9 L\u00f3pez y la profesora fundadora de la Escuela Nacional de Estudios Superiores, Unidad Morelia, Berenice Araceli Granados.<\/p>\n\n\n\n<p>Posteriormente, a las 12:30 horas, se hablar\u00e1 sobre \u201cEl legado de Zapata en los pueblos ind\u00edgenas y originarios\u201d, una charla en la cual participar\u00e1n el bisnieto del general Zapata e historiador Edgar Castro Zapata; la maestra de la Universidad Aut\u00f3noma Chapingo Ana Mar\u00eda L\u00f3pez Rodr\u00edguez y el doctor del Instituto Superior de Ciencias de la Educaci\u00f3n del Estado de M\u00e9xico, Unidad Nextlalpan, Alejandro Rodr\u00edguez Mayoral.<\/p>\n\n\n\n<p>La tercera y \u00faltima mesa, \u201cMiradas en el zapatismo hist\u00f3rico; Cine, pintura y arte popular\u201d tendr\u00e1 lugar a las 15:00 horas. Participar\u00e1n el artista pl\u00e1stico mixteco Ulises \u00c1ngel Machuca; el grabador y acad\u00e9mico de la Universidad Aut\u00f3noma de la Ciudad de M\u00e9xico Jorge Luis Rubio Hern\u00e1ndez, el investigador en cine y cultura Sergio Ra\u00fal L\u00f3pez Mej\u00eda y la coordinadora de Arte Popular de la Direcci\u00f3n General de Culturas Populares, Ind\u00edgenas y Urbanas de la Secretar\u00eda de Cultura federal, Amparo de Jes\u00fas Rinc\u00f3n.<\/p>\n\n\n\n<p>Por \u00faltimo, dentro de la jornada acad\u00e9mica, el director del Centro de Investigaci\u00f3n en Ciencias Sociales y Estudios Regionales de la Universidad Aut\u00f3noma del Estado de Morelos, Carlos Barreto Zamudio, presentar\u00e1 una conferencia magistral a las 16:30 horas.<\/p>\n\n\n\n<p>Para cerrar esta jornada, el canta autor Dave Talavera presentar\u00e1 en el patio Jacarandas una propuesta semi ac\u00fastica inspirada en la figura del General Zapata.<\/p>\n\n\n\n<p>Hasta las 18:00 horas del domingo 26 de marzo de 2023 las y los visitantes del Museo Nacional de Culturas Populares podr\u00e1n apreciar en esta exposici\u00f3n algunos art\u00edculos personales de Emiliano Zapata, como la montura que Francisco Villa le obsequi\u00f3 en 1914, cuando sus ej\u00e9rcitos arribaron a la capital del pa\u00eds; o el sombrero de palma que el Caudillo del Sur us\u00f3 el 10 de abril de 1919, cuando fue asesinado en una emboscada.<\/p>\n\n\n\n<p>Las actividades de clausura de \u201c\u00a1Zapata Vive! a trav\u00e9s de la Cultura Popular Suriana\u201d son realizadas por la Direcci\u00f3n General de Culturas Populares, Ind\u00edgenas y Urbanas de la Secretar\u00eda de Cultura del Gobierno de M\u00e9xico, a trav\u00e9s del MNCP, en coordinaci\u00f3n con la Fundaci\u00f3n Zapata y los Herederos de la Revoluci\u00f3n.<\/p>\n","protected":false},"excerpt":{"rendered":"<p>Para su despedida, se llevar\u00e1 a cabo una jornada acad\u00e9mica con la participaci\u00f3n del historiador Edgar Castro Zapata A trav\u00e9s de mesas de di\u00e1logo, se divulgar\u00e1 la memoria hist\u00f3rica del Caudillo del Sur y su legado en la cultura popular suriana A estas actividades se suma la presentaci\u00f3n musical de Dave Talavera La exposici\u00f3n \u201c\u00a1Zapata [&hellip;]<\/p>\n","protected":false},"author":1,"featured_media":25507,"comment_status":"open","ping_status":"open","sticky":false,"template":"","format":"standard","meta":{"advanced_seo_description":"","jetpack_seo_html_title":"","jetpack_seo_noindex":false,"footnotes":"","jetpack_publicize_message":"","jetpack_is_tweetstorm":false,"jetpack_publicize_feature_enabled":true,"jetpack_social_post_already_shared":true,"jetpack_social_options":{"image_generator_settings":{"template":"highway","enabled":false}}},"categories":[26,4],"tags":[],"class_list":["post-25506","post","type-post","status-publish","format-standard","has-post-thumbnail","hentry","category-cultura","category-noticias"],"jetpack_publicize_connections":[],"jetpack_featured_media_url":"http:\/\/elcensornoticias.com\/wp-content\/uploads\/2023\/03\/ceramica-triunfo-de-zapata.jpg","jetpack_likes_enabled":true,"jetpack_sharing_enabled":true,"jetpack_shortlink":"https:\/\/wp.me\/p6xy50-6Do","_links":{"self":[{"href":"http:\/\/elcensornoticias.com\/index.php?rest_route=\/wp\/v2\/posts\/25506","targetHints":{"allow":["GET"]}}],"collection":[{"href":"http:\/\/elcensornoticias.com\/index.php?rest_route=\/wp\/v2\/posts"}],"about":[{"href":"http:\/\/elcensornoticias.com\/index.php?rest_route=\/wp\/v2\/types\/post"}],"author":[{"embeddable":true,"href":"http:\/\/elcensornoticias.com\/index.php?rest_route=\/wp\/v2\/users\/1"}],"replies":[{"embeddable":true,"href":"http:\/\/elcensornoticias.com\/index.php?rest_route=%2Fwp%2Fv2%2Fcomments&post=25506"}],"version-history":[{"count":1,"href":"http:\/\/elcensornoticias.com\/index.php?rest_route=\/wp\/v2\/posts\/25506\/revisions"}],"predecessor-version":[{"id":25508,"href":"http:\/\/elcensornoticias.com\/index.php?rest_route=\/wp\/v2\/posts\/25506\/revisions\/25508"}],"wp:featuredmedia":[{"embeddable":true,"href":"http:\/\/elcensornoticias.com\/index.php?rest_route=\/wp\/v2\/media\/25507"}],"wp:attachment":[{"href":"http:\/\/elcensornoticias.com\/index.php?rest_route=%2Fwp%2Fv2%2Fmedia&parent=25506"}],"wp:term":[{"taxonomy":"category","embeddable":true,"href":"http:\/\/elcensornoticias.com\/index.php?rest_route=%2Fwp%2Fv2%2Fcategories&post=25506"},{"taxonomy":"post_tag","embeddable":true,"href":"http:\/\/elcensornoticias.com\/index.php?rest_route=%2Fwp%2Fv2%2Ftags&post=25506"}],"curies":[{"name":"wp","href":"https:\/\/api.w.org\/{rel}","templated":true}]}}