{"id":25484,"date":"2023-03-24T00:20:41","date_gmt":"2023-03-24T00:20:41","guid":{"rendered":"http:\/\/elcensornoticias.com\/?p=25484"},"modified":"2023-03-24T00:20:44","modified_gmt":"2023-03-24T00:20:44","slug":"impulsaran-acciones-preventivas-y-de-profesionalizacion-para-los-periodistas","status":"publish","type":"post","link":"http:\/\/elcensornoticias.com\/?p=25484","title":{"rendered":"Impulsar\u00e1n acciones preventivas y de profesionalizaci\u00f3n para los periodistas"},"content":{"rendered":"\n<p><br>La Oficina para la Protecci\u00f3n de Personas Defensoras de Derechos Humanos y Periodistas local firm\u00f3 un convenio de colaboraci\u00f3n con la Uni\u00f3n de Periodistas del Estado de Tlaxcala (UPET), con la finalidad de fortalecer acciones conjuntas que garanticen el respeto a la libertad de expresi\u00f3n y la defensa de los derechos humanos.<br>El director de la Oficina Local, Leonel Tlalmis Robles destac\u00f3 que con este acuerdo se refrenda el compromiso de trabajar de la mano con los periodistas tlaxcaltecas en materia de atenci\u00f3n expedita en casos de ser v\u00edctimas de agresiones durante su desempe\u00f1o profesional.<br>Agreg\u00f3 que otro de los objetivos es contribuir a la profesionalizaci\u00f3n de los representantes de los medios de comunicaci\u00f3n en diferentes temas y con el respaldo del Mecanismo Nacional para la Protecci\u00f3n de Personas Defensoras de Derechos Humanos y Periodistas.<br>Tlalmis Robles reconoci\u00f3 los niveles de violencia que viven los periodistas en M\u00e9xico, situaci\u00f3n que obliga a todos los \u00f3rdenes de gobierno a replantear las acciones para fortalecer las medidas de reacci\u00f3n contra la violencia y, a su vez, las medidas de car\u00e1cter preventivo.\u00a0<br>En ese sentido, mencion\u00f3 que la instituci\u00f3n ha llevado a cabo jornadas informativas en los 60 ayuntamientos para \u201csensibilizar a los integrantes del cabildo y directores municipales en materia de prevenci\u00f3n, darles a conocer el funcionamiento de la oficina, as\u00ed como las acciones que deben llevar a cabo para evitar que un periodista sea agredido en sus respectivas demarcaciones y en caso de registrarse alguna, que la atenci\u00f3n sea inmediata\u201d.<br>A su vez, el presidente de la UPET, Pablo Morales Cruz agradeci\u00f3 el respaldo de la Oficina Local, su apertura y respaldo para trabajar de manera coordinada en mejorar las condiciones laborales de los periodistas.<br>Enfatiz\u00f3 que una de sus prioridades es agilizar la aprobaci\u00f3n de la Ley de Protecci\u00f3n a Periodistas, la cual permanece en el Poder Legislativo y de ser aprobada dar\u00e1 garant\u00edas a los profesionales de la comunicaci\u00f3n.<br>Esta suma de acciones redoblar\u00e1 los esfuerzos para que en Tlaxcala se consolide la libertad de expresi\u00f3n y el respeto al trabajo diario de los periodistas.<\/p>\n","protected":false},"excerpt":{"rendered":"<p>La Oficina para la Protecci\u00f3n de Personas Defensoras de Derechos Humanos y Periodistas local firm\u00f3 un convenio de colaboraci\u00f3n con la Uni\u00f3n de Periodistas del Estado de Tlaxcala (UPET), con la finalidad de fortalecer acciones conjuntas que garanticen el respeto a la libertad de expresi\u00f3n y la defensa de los derechos humanos.El director de la [&hellip;]<\/p>\n","protected":false},"author":1,"featured_media":25485,"comment_status":"open","ping_status":"open","sticky":false,"template":"","format":"standard","meta":{"advanced_seo_description":"","jetpack_seo_html_title":"","jetpack_seo_noindex":false,"footnotes":"","jetpack_publicize_message":"","jetpack_is_tweetstorm":false,"jetpack_publicize_feature_enabled":true,"jetpack_social_post_already_shared":true,"jetpack_social_options":{"image_generator_settings":{"template":"highway","enabled":false}}},"categories":[2,3],"tags":[],"class_list":["post-25484","post","type-post","status-publish","format-standard","has-post-thumbnail","hentry","category-destacadas","category-gobierno"],"jetpack_publicize_connections":[],"jetpack_featured_media_url":"http:\/\/elcensornoticias.com\/wp-content\/uploads\/2023\/03\/IMG-20230323-WA0031.jpg","jetpack_likes_enabled":true,"jetpack_sharing_enabled":true,"jetpack_shortlink":"https:\/\/wp.me\/p6xy50-6D2","_links":{"self":[{"href":"http:\/\/elcensornoticias.com\/index.php?rest_route=\/wp\/v2\/posts\/25484","targetHints":{"allow":["GET"]}}],"collection":[{"href":"http:\/\/elcensornoticias.com\/index.php?rest_route=\/wp\/v2\/posts"}],"about":[{"href":"http:\/\/elcensornoticias.com\/index.php?rest_route=\/wp\/v2\/types\/post"}],"author":[{"embeddable":true,"href":"http:\/\/elcensornoticias.com\/index.php?rest_route=\/wp\/v2\/users\/1"}],"replies":[{"embeddable":true,"href":"http:\/\/elcensornoticias.com\/index.php?rest_route=%2Fwp%2Fv2%2Fcomments&post=25484"}],"version-history":[{"count":1,"href":"http:\/\/elcensornoticias.com\/index.php?rest_route=\/wp\/v2\/posts\/25484\/revisions"}],"predecessor-version":[{"id":25486,"href":"http:\/\/elcensornoticias.com\/index.php?rest_route=\/wp\/v2\/posts\/25484\/revisions\/25486"}],"wp:featuredmedia":[{"embeddable":true,"href":"http:\/\/elcensornoticias.com\/index.php?rest_route=\/wp\/v2\/media\/25485"}],"wp:attachment":[{"href":"http:\/\/elcensornoticias.com\/index.php?rest_route=%2Fwp%2Fv2%2Fmedia&parent=25484"}],"wp:term":[{"taxonomy":"category","embeddable":true,"href":"http:\/\/elcensornoticias.com\/index.php?rest_route=%2Fwp%2Fv2%2Fcategories&post=25484"},{"taxonomy":"post_tag","embeddable":true,"href":"http:\/\/elcensornoticias.com\/index.php?rest_route=%2Fwp%2Fv2%2Ftags&post=25484"}],"curies":[{"name":"wp","href":"https:\/\/api.w.org\/{rel}","templated":true}]}}