{"id":25450,"date":"2023-03-23T20:34:13","date_gmt":"2023-03-23T20:34:13","guid":{"rendered":"http:\/\/elcensornoticias.com\/?p=25450"},"modified":"2023-03-23T20:34:22","modified_gmt":"2023-03-23T20:34:22","slug":"se-busca-a-ninas-ninos-y-jovenes-instrumentistas-para-integrar-la-seleccion-2023-de-la-osim","status":"publish","type":"post","link":"http:\/\/elcensornoticias.com\/?p=25450","title":{"rendered":"Se busca a ni\u00f1as, ni\u00f1os y j\u00f3venes instrumentistas para integrar la selecci\u00f3n 2023 de la OSIM"},"content":{"rendered":"\n<ul class=\"wp-block-list\"><li><strong>El registro de audiciones se realizar\u00e1 en l\u00ednea y concluir\u00e1 el domingo 28 de mayo. Los resultados ser\u00e1n publicados el lunes 19 de junio<\/strong><\/li><li><strong>Las especialidades a concursar son viol\u00edn, viola, violonchelo, contrabajo, flauta\/<em>piccolo<\/em>, oboe\/corno ingl\u00e9s, clarinete, fagot, corno, trompeta, tromb\u00f3n tenor, tromb\u00f3n bajo, tuba, arpa y percusiones<\/strong><\/li><\/ul>\n\n\n\n<p>La Secretar\u00eda de Cultura del Gobierno de M\u00e9xico, a trav\u00e9s del Sistema Nacional de Fomento Musical (SNFM), abre el proceso de selecci\u00f3n 2023 para integrar a la Orquesta Sinf\u00f3nica Infantil de M\u00e9xico (OSIM), que en este a\u00f1o realizar\u00e1 su 31\u00b0 Campamento de estudio y Gira nacional de conciertos<strong>.&nbsp;<\/strong>En esta ocasi\u00f3n, el registro de postulaciones y env\u00edo de documentaci\u00f3n se realizar\u00e1 en l\u00ednea, el cual se encuentra abierto hasta el domingo 28 de mayo. Los resultados ser\u00e1n publicados el lunes 19 de junio.<\/p>\n\n\n\n<p>Podr\u00e1n participar las y los mexicanos de entre 8 y 17 a\u00f1os de edad, as\u00ed como las y los extranjeros que cumplan con este rango de edad l\u00edmite y acrediten residencia m\u00ednima de un a\u00f1o en territorio nacional mediante documentaci\u00f3n expedida por la Secretar\u00eda de Gobernaci\u00f3n.<\/p>\n\n\n\n<p>En 2023, las especialidades instrumentales que se requieren son viol\u00edn, viola, violonchelo, contrabajo, flauta,&nbsp;<em>piccolo<\/em>, oboe, corno ingl\u00e9s, clarinete, fagot, corno, trompeta, tromb\u00f3n tenor, tromb\u00f3n bajo, tuba, arpa y percusiones.<\/p>\n\n\n\n<p>Las personas aspirantes deber\u00e1n registrarse en l\u00ednea, a trav\u00e9s del siguiente enlace&nbsp;<a href=\"https:\/\/forms.gle\/D6FRuDaahTEmKfhSA\" target=\"_blank\" rel=\"noreferrer noopener\">https:\/\/forms.gle\/D6FRuDaahTEmKfhSA<\/a>&nbsp;en el que adem\u00e1s de asentar sus datos personales, escolares y de formaci\u00f3n musical, deber\u00e1n cargar la documentaci\u00f3n requerida exclusivamente en formato PDF, con un peso m\u00e1ximo de 10 megabytes en total, en el siguiente orden: Acta de Nacimiento, CURP, carta de la madre, padre o tutor expresando su consentimiento y aviso de privacidad firmado (los formatos se encuentran en el sitio&nbsp;<a href=\"https:\/\/fomentomusical.cultura.gob.mx\/\" target=\"_blank\" rel=\"noreferrer noopener\">https:\/\/fomentomusical.cultura.gob.mx\/<\/a>).<\/p>\n\n\n\n<p>En el caso de las extranjeras y extranjeros tambi\u00e9n deber\u00e1n incluir el documento expedido por el Instituto Nacional de Migraci\u00f3n de la Secretar\u00eda de Gobernaci\u00f3n que acredite su estancia legal en M\u00e9xico.<\/p>\n\n\n\n<p>Las y los participantes deber\u00e1n presentar su audici\u00f3n a trav\u00e9s de una videograbaci\u00f3n en la que interpreten cada uno de los fragmentos del repertorio requerido para cada instrumento y en el que muestren su nivel t\u00e9cnico musical (estos pasajes o fragmentos se podr\u00e1n descargar desde la p\u00e1gina&nbsp;<em>web<\/em>&nbsp;del Sistema Nacional de Fomento Musical). Este video deber\u00e1 cargarse a un sitio de internet (YouTube, Vimeo, GoogleVideo, etc.), para despu\u00e9s obtener la liga que deber\u00e1n registrar en el formato en l\u00ednea donde subir\u00e1n su respectiva documentaci\u00f3n.<\/p>\n\n\n\n<p>El video debe estar debidamente identificado y\/o etiquetado en el \u00e1rea de comentarios con los siguientes datos: Nombre de la o el participante, instrumento que ejecuta, edad y estado de procedencia.<\/p>\n\n\n\n<p>Las y los instrumentistas que resulten seleccionados se har\u00e1n acreedores a una beca del 100% que incluye: hospedaje, alimentaci\u00f3n y transportaci\u00f3n (desde la Ciudad de M\u00e9xico), durante todas las actividades contempladas para la OSIM en el transcurso de este a\u00f1o, como es el campamento de estudio que incluye talleres de restauraci\u00f3n de instrumentos, clases magistrales, adem\u00e1s del acceso a profesores especializados de cada uno de los instrumentos sinf\u00f3nicos, as\u00ed como a una gira de conciertos por diversos puntos del pa\u00eds.<\/p>\n\n\n\n<p>Cabe recordar que la OSIM es una iniciativa de la Secretar\u00eda de Cultura del Gobierno de M\u00e9xico, a trav\u00e9s del Sistema Nacional de Fomento Musical, con m\u00e1s de 20 a\u00f1os de trayectoria, que integra anualmente una representaci\u00f3n art\u00edstica infantil juvenil nacional que ha sido punto de inflexi\u00f3n en la vida de centenares de ni\u00f1as, ni\u00f1os y adolescentes que hoy en d\u00eda estudian o han concluido sus estudios de m\u00fasica a nivel profesional en facultades, conservatorios, centros de estudios musicales, as\u00ed como en la Orquesta Escuela Carlos Ch\u00e1vez.<\/p>\n\n\n\n<p>El registro de audiciones cierra el domingo 28 de mayo de 2023 y la fecha de publicaci\u00f3n de resultados ser\u00e1 el lunes 19 de junio a trav\u00e9s de la p\u00e1gina&nbsp;<em>web<\/em>&nbsp;<strong>snfm.cultura.gob.mx<\/strong><\/p>\n","protected":false},"excerpt":{"rendered":"<p>El registro de audiciones se realizar\u00e1 en l\u00ednea y concluir\u00e1 el domingo 28 de mayo. Los resultados ser\u00e1n publicados el lunes 19 de junio Las especialidades a concursar son viol\u00edn, viola, violonchelo, contrabajo, flauta\/piccolo, oboe\/corno ingl\u00e9s, clarinete, fagot, corno, trompeta, tromb\u00f3n tenor, tromb\u00f3n bajo, tuba, arpa y percusiones La Secretar\u00eda de Cultura del Gobierno de [&hellip;]<\/p>\n","protected":false},"author":1,"featured_media":25451,"comment_status":"open","ping_status":"open","sticky":false,"template":"","format":"standard","meta":{"advanced_seo_description":"","jetpack_seo_html_title":"","jetpack_seo_noindex":false,"footnotes":"","jetpack_publicize_message":"","jetpack_is_tweetstorm":false,"jetpack_publicize_feature_enabled":true,"jetpack_social_post_already_shared":true,"jetpack_social_options":{"image_generator_settings":{"template":"highway","enabled":false}}},"categories":[26,4],"tags":[],"class_list":["post-25450","post","type-post","status-publish","format-standard","has-post-thumbnail","hentry","category-cultura","category-noticias"],"jetpack_publicize_connections":[],"jetpack_featured_media_url":"http:\/\/elcensornoticias.com\/wp-content\/uploads\/2023\/03\/osim_2022_concierto.jpg","jetpack_likes_enabled":true,"jetpack_sharing_enabled":true,"jetpack_shortlink":"https:\/\/wp.me\/p6xy50-6Cu","_links":{"self":[{"href":"http:\/\/elcensornoticias.com\/index.php?rest_route=\/wp\/v2\/posts\/25450","targetHints":{"allow":["GET"]}}],"collection":[{"href":"http:\/\/elcensornoticias.com\/index.php?rest_route=\/wp\/v2\/posts"}],"about":[{"href":"http:\/\/elcensornoticias.com\/index.php?rest_route=\/wp\/v2\/types\/post"}],"author":[{"embeddable":true,"href":"http:\/\/elcensornoticias.com\/index.php?rest_route=\/wp\/v2\/users\/1"}],"replies":[{"embeddable":true,"href":"http:\/\/elcensornoticias.com\/index.php?rest_route=%2Fwp%2Fv2%2Fcomments&post=25450"}],"version-history":[{"count":1,"href":"http:\/\/elcensornoticias.com\/index.php?rest_route=\/wp\/v2\/posts\/25450\/revisions"}],"predecessor-version":[{"id":25452,"href":"http:\/\/elcensornoticias.com\/index.php?rest_route=\/wp\/v2\/posts\/25450\/revisions\/25452"}],"wp:featuredmedia":[{"embeddable":true,"href":"http:\/\/elcensornoticias.com\/index.php?rest_route=\/wp\/v2\/media\/25451"}],"wp:attachment":[{"href":"http:\/\/elcensornoticias.com\/index.php?rest_route=%2Fwp%2Fv2%2Fmedia&parent=25450"}],"wp:term":[{"taxonomy":"category","embeddable":true,"href":"http:\/\/elcensornoticias.com\/index.php?rest_route=%2Fwp%2Fv2%2Fcategories&post=25450"},{"taxonomy":"post_tag","embeddable":true,"href":"http:\/\/elcensornoticias.com\/index.php?rest_route=%2Fwp%2Fv2%2Ftags&post=25450"}],"curies":[{"name":"wp","href":"https:\/\/api.w.org\/{rel}","templated":true}]}}