{"id":25436,"date":"2023-03-23T20:13:09","date_gmt":"2023-03-23T20:13:09","guid":{"rendered":"http:\/\/elcensornoticias.com\/?p=25436"},"modified":"2023-03-23T20:13:10","modified_gmt":"2023-03-23T20:13:10","slug":"la-secretaria-de-cultura-se-reune-en-roma-con-su-homologo-italiano","status":"publish","type":"post","link":"http:\/\/elcensornoticias.com\/?p=25436","title":{"rendered":"La secretaria de Cultura,  se re\u00fane en Roma con su hom\u00f3logo italiano."},"content":{"rendered":"\n<p>Como parte de su visita a la ciudad de Roma, Italia, la secretaria de Cultura del Gobierno de M\u00e9xico, Alejandra Frausto Guerrero, sostuvo hoy un encuentro con el ministro de Cultura de Italia, Gennaro Sangiuliano, en el que estuvo acompa\u00f1ada por el embajador de M\u00e9xico en Italia, Carlos Garc\u00eda de Alba.<\/p>\n\n\n\n<p>Durante la reuni\u00f3n, la secretaria Frausto Guerrero transmiti\u00f3 a su hom\u00f3logo italiano un saludo especial del presidente Andr\u00e9s Manuel L\u00f3pez Obrador, a la vez que subray\u00f3 los lazos hist\u00f3ricos que unen a M\u00e9xico e Italia, que datan de m\u00e1s de 500 a\u00f1os.<\/p>\n\n\n\n<p>As\u00ed mismo, ambos funcionarios destacaron la pr\u00f3xima celebraci\u00f3n en 2024 de 150 a\u00f1os de relaciones diplom\u00e1ticas entre M\u00e9xico e Italia, pa\u00edses ambos reconocidos como potencias culturales a nivel global. En este marco, se destac\u00f3 el rico programa de actividades que se est\u00e1 conformando para dar realce a tan importante conmemoraci\u00f3n, y en el que la cultura y el arte jugar\u00e1n un papel fundamental.<\/p>\n\n\n\n<p>\u201cSer\u00e1 el a\u00f1o donde celebraremos nuestros lazos, que est\u00e1n m\u00e1s fuertes que nunca. La agenda, sin duda, mostrar\u00e1 los mejores ejemplos de la libertad creativa que se vive en M\u00e9xico; lo m\u00e1s destacado del arte contempor\u00e1neo y a la vez siempre celebrando el pasado milenario de nuestras culturas prehisp\u00e1nicas\u201d, afirm\u00f3&nbsp;la secretaria Frausto Guerrero.<\/p>\n\n\n\n<p>Adicionalmente, hizo referencia a la colaboraci\u00f3n hist\u00f3rica del Cuerpo de Carabineros para la Tutela del Patrimonio Cultural y de las autoridades italianas para la devoluci\u00f3n a M\u00e9xico de piezas que forman parte de nuestra identidad y de nuestro patrimonio hist\u00f3rico.<\/p>\n\n\n\n<p>\u201cEstoy muy contento de recibir en Roma a la secretaria Frausto\u201d, subray\u00f3 por su parte el ministro Sangiuliano. \u201cM\u00e9xico e Italia son herederos de civilizaciones milenarias que hoy comparten fuertes lazos culturales y art\u00edsticos. La cultura y el arte, destac\u00f3, son herramientas fundamentales para promover la amistad y el di\u00e1logo entre nuestras dos naciones\u201d, declar\u00f3 el titular de Cultura de Italia.<\/p>\n","protected":false},"excerpt":{"rendered":"<p>Como parte de su visita a la ciudad de Roma, Italia, la secretaria de Cultura del Gobierno de M\u00e9xico, Alejandra Frausto Guerrero, sostuvo hoy un encuentro con el ministro de Cultura de Italia, Gennaro Sangiuliano, en el que estuvo acompa\u00f1ada por el embajador de M\u00e9xico en Italia, Carlos Garc\u00eda de Alba. Durante la reuni\u00f3n, la [&hellip;]<\/p>\n","protected":false},"author":1,"featured_media":25437,"comment_status":"open","ping_status":"open","sticky":false,"template":"","format":"standard","meta":{"advanced_seo_description":"","jetpack_seo_html_title":"","jetpack_seo_noindex":false,"footnotes":"","jetpack_publicize_message":"","jetpack_is_tweetstorm":false,"jetpack_publicize_feature_enabled":true,"jetpack_social_post_already_shared":true,"jetpack_social_options":{"image_generator_settings":{"template":"highway","enabled":false}}},"categories":[26,4],"tags":[],"class_list":["post-25436","post","type-post","status-publish","format-standard","has-post-thumbnail","hentry","category-cultura","category-noticias"],"jetpack_publicize_connections":[],"jetpack_featured_media_url":"http:\/\/elcensornoticias.com\/wp-content\/uploads\/2023\/03\/Foto_Emanuele-Antonio-Minerva-Ministero-della-Cultura-3.jpeg","jetpack_likes_enabled":true,"jetpack_sharing_enabled":true,"jetpack_shortlink":"https:\/\/wp.me\/p6xy50-6Cg","_links":{"self":[{"href":"http:\/\/elcensornoticias.com\/index.php?rest_route=\/wp\/v2\/posts\/25436","targetHints":{"allow":["GET"]}}],"collection":[{"href":"http:\/\/elcensornoticias.com\/index.php?rest_route=\/wp\/v2\/posts"}],"about":[{"href":"http:\/\/elcensornoticias.com\/index.php?rest_route=\/wp\/v2\/types\/post"}],"author":[{"embeddable":true,"href":"http:\/\/elcensornoticias.com\/index.php?rest_route=\/wp\/v2\/users\/1"}],"replies":[{"embeddable":true,"href":"http:\/\/elcensornoticias.com\/index.php?rest_route=%2Fwp%2Fv2%2Fcomments&post=25436"}],"version-history":[{"count":1,"href":"http:\/\/elcensornoticias.com\/index.php?rest_route=\/wp\/v2\/posts\/25436\/revisions"}],"predecessor-version":[{"id":25438,"href":"http:\/\/elcensornoticias.com\/index.php?rest_route=\/wp\/v2\/posts\/25436\/revisions\/25438"}],"wp:featuredmedia":[{"embeddable":true,"href":"http:\/\/elcensornoticias.com\/index.php?rest_route=\/wp\/v2\/media\/25437"}],"wp:attachment":[{"href":"http:\/\/elcensornoticias.com\/index.php?rest_route=%2Fwp%2Fv2%2Fmedia&parent=25436"}],"wp:term":[{"taxonomy":"category","embeddable":true,"href":"http:\/\/elcensornoticias.com\/index.php?rest_route=%2Fwp%2Fv2%2Fcategories&post=25436"},{"taxonomy":"post_tag","embeddable":true,"href":"http:\/\/elcensornoticias.com\/index.php?rest_route=%2Fwp%2Fv2%2Ftags&post=25436"}],"curies":[{"name":"wp","href":"https:\/\/api.w.org\/{rel}","templated":true}]}}