{"id":25420,"date":"2023-03-23T01:41:48","date_gmt":"2023-03-23T01:41:48","guid":{"rendered":"http:\/\/elcensornoticias.com\/?p=25420"},"modified":"2023-03-23T01:41:52","modified_gmt":"2023-03-23T01:41:52","slug":"tlaxcala-sede-del-regional-de-ajedrez-rumbo-a-nacionales-conade-2023","status":"publish","type":"post","link":"http:\/\/elcensornoticias.com\/?p=25420","title":{"rendered":"Tlaxcala sede del Regional de Ajedrez rumbo a Nacionales Conade 2023."},"content":{"rendered":"\n<p>Recibir\u00e1 la entidad a deportistas de cinco estados, y los ganadores de este certamen obtendr\u00e1n su pase a los nacionales.<br>Como parte de los esfuerzos del gobierno del estado para promocionar la sana competencia y el juego limpio en la entidad, el Instituto del Deporte de Tlaxcala (IDET) organizar\u00e1 el Regional de Ajedrez rumbo a Nacionales Conade 2023, el cual se realizar\u00e1 del 24 al 26 de marzo en la capital del estado.<br>Ser\u00e1n 12 deportistas los que representen a la entidad en la justa deportiva, las categor\u00edas son sub 12 a\u00f1os (2011 y menores), 13\u201314 a\u00f1os y 15\u201316 a\u00f1os, en ambas ramas.<br>Los estados de Oaxaca, Hidalgo, Puebla, Veracruz y Tlaxcala como anfitri\u00f3n, se enfrentar\u00e1n en esta ocasi\u00f3n con el objetivo de conseguir su pase a la etapa final de Nacionales Conade 2023. Para esta edici\u00f3n, ser\u00e1n dos lugares por categor\u00eda, en las ramas femenil y varonil, lo que sumar\u00edan seis pases por entidad.<br>La titular del IDET, Mada\u00ed P\u00e9rez Carrillo se\u00f1al\u00f3 que esta es una excelente oportunidad para que los atletas vivan la experiencia y que las familias se den cita para que puedan ver de cerca a los competidores que se encuentran en el proceso clasificatorio y para que animen a los ni\u00f1os a que se inscriban a un club.<br>\u201cBuscamos con este tipo de eventos que los padres de familia puedan llevar a los peque\u00f1os a que observen como se realiza una competencia y que animen a sus hijos a participar m\u00e1s adelante, por eso tienen que integrarse a club deportivo, para que puedan competir posteriormente; tenemos mucho talento con muchas habilidades\u201d, mencion\u00f3.<br>Los representantes estatales en la categor\u00eda sub 12 son: Ximena Dom\u00ednguez P\u00e9rez, Valentina Carro Vera, Anthony Amaury S\u00e1nchez Tlapale y Josef Karon Edmundo Ju\u00e1rez Cabildo; para la categor\u00eda sub 14, ser\u00e1n Emiliano S\u00e1nchez L\u00f3pez, Diego Moreno Guzm\u00e1n, Valeria Dom\u00ednguez P\u00e9rez y Abigail D\u00edaz Mungu\u00eda Loreto; finalmente, para la categor\u00eda sub 16, ser\u00e1n Erin Huerta Osorno, medallista de Nacionales en ediciones pasadas, Miguelina Malinalli Morales V\u00e1squez, Giovani Ortega Mu\u00f1oz y \u00c1ngel Palestina D\u00edaz.<br>Es as\u00ed como el gobierno que dirige Lorena Cu\u00e9llar Cisneros, a trav\u00e9s del Instituto del Deporte de Tlaxcala, impulsa el desarrollo y talento en el deporte amateur de la entidad.<\/p>\n","protected":false},"excerpt":{"rendered":"<p>Recibir\u00e1 la entidad a deportistas de cinco estados, y los ganadores de este certamen obtendr\u00e1n su pase a los nacionales.Como parte de los esfuerzos del gobierno del estado para promocionar la sana competencia y el juego limpio en la entidad, el Instituto del Deporte de Tlaxcala (IDET) organizar\u00e1 el Regional de Ajedrez rumbo a Nacionales [&hellip;]<\/p>\n","protected":false},"author":1,"featured_media":25421,"comment_status":"open","ping_status":"open","sticky":false,"template":"","format":"standard","meta":{"advanced_seo_description":"","jetpack_seo_html_title":"","jetpack_seo_noindex":false,"footnotes":"","jetpack_publicize_message":"","jetpack_is_tweetstorm":false,"jetpack_publicize_feature_enabled":true,"jetpack_social_post_already_shared":true,"jetpack_social_options":{"image_generator_settings":{"template":"highway","enabled":false}}},"categories":[25,2],"tags":[],"class_list":["post-25420","post","type-post","status-publish","format-standard","has-post-thumbnail","hentry","category-deportes","category-destacadas"],"jetpack_publicize_connections":[],"jetpack_featured_media_url":"http:\/\/elcensornoticias.com\/wp-content\/uploads\/2023\/03\/Screenshot_20230322_190810.jpg","jetpack_likes_enabled":true,"jetpack_sharing_enabled":true,"jetpack_shortlink":"https:\/\/wp.me\/p6xy50-6C0","_links":{"self":[{"href":"http:\/\/elcensornoticias.com\/index.php?rest_route=\/wp\/v2\/posts\/25420","targetHints":{"allow":["GET"]}}],"collection":[{"href":"http:\/\/elcensornoticias.com\/index.php?rest_route=\/wp\/v2\/posts"}],"about":[{"href":"http:\/\/elcensornoticias.com\/index.php?rest_route=\/wp\/v2\/types\/post"}],"author":[{"embeddable":true,"href":"http:\/\/elcensornoticias.com\/index.php?rest_route=\/wp\/v2\/users\/1"}],"replies":[{"embeddable":true,"href":"http:\/\/elcensornoticias.com\/index.php?rest_route=%2Fwp%2Fv2%2Fcomments&post=25420"}],"version-history":[{"count":1,"href":"http:\/\/elcensornoticias.com\/index.php?rest_route=\/wp\/v2\/posts\/25420\/revisions"}],"predecessor-version":[{"id":25422,"href":"http:\/\/elcensornoticias.com\/index.php?rest_route=\/wp\/v2\/posts\/25420\/revisions\/25422"}],"wp:featuredmedia":[{"embeddable":true,"href":"http:\/\/elcensornoticias.com\/index.php?rest_route=\/wp\/v2\/media\/25421"}],"wp:attachment":[{"href":"http:\/\/elcensornoticias.com\/index.php?rest_route=%2Fwp%2Fv2%2Fmedia&parent=25420"}],"wp:term":[{"taxonomy":"category","embeddable":true,"href":"http:\/\/elcensornoticias.com\/index.php?rest_route=%2Fwp%2Fv2%2Fcategories&post=25420"},{"taxonomy":"post_tag","embeddable":true,"href":"http:\/\/elcensornoticias.com\/index.php?rest_route=%2Fwp%2Fv2%2Ftags&post=25420"}],"curies":[{"name":"wp","href":"https:\/\/api.w.org\/{rel}","templated":true}]}}