{"id":25417,"date":"2023-03-23T01:36:40","date_gmt":"2023-03-23T01:36:40","guid":{"rendered":"http:\/\/elcensornoticias.com\/?p=25417"},"modified":"2023-03-23T01:36:40","modified_gmt":"2023-03-23T01:36:40","slug":"ayuntamiento-de-chiautempan-e-itisa-abren-jornada-de-reclutamiento-de-personal","status":"publish","type":"post","link":"http:\/\/elcensornoticias.com\/?p=25417","title":{"rendered":"Ayuntamiento de Chiautempan e ITISA Abren jornada de reclutamiento de personal"},"content":{"rendered":"\n<p>El Ayuntamiento de Chiautempan a trav\u00e9s de la Direcci\u00f3n de Desarrollo Econ\u00f3mico y en coordinaci\u00f3n con Grupo ITISA, abri\u00f3 la convocatoria para conocer sobre las diferentes ofertas laborales que la factor\u00eda ofrece, como parte de la Feria del Empleo en el municipio.<br>Grupo ITISA inform\u00f3 que cuenta con vacantes semanales y quincenales para practicantes de ingenier\u00eda, adem\u00e1s de ayudantes generales, mec\u00e1nico industrial, el\u00e9ctrico industrial, operador de cami\u00f3n, almacenista, laboratorista, analista de impuestos, operador tipo torton y reclutador de campo.<br>Las y los interesados en las vacantes pueden acudir a partir del jueves 23 de marzo a los portales de la Expresidencia municipal, en un horario de 09:00 a 15:00 horas, tambi\u00e9n, pueden solicitar informes al n\u00famero 5521232238.<\/p>\n","protected":false},"excerpt":{"rendered":"<p>El Ayuntamiento de Chiautempan a trav\u00e9s de la Direcci\u00f3n de Desarrollo Econ\u00f3mico y en coordinaci\u00f3n con Grupo ITISA, abri\u00f3 la convocatoria para conocer sobre las diferentes ofertas laborales que la factor\u00eda ofrece, como parte de la Feria del Empleo en el municipio.Grupo ITISA inform\u00f3 que cuenta con vacantes semanales y quincenales para practicantes de ingenier\u00eda, [&hellip;]<\/p>\n","protected":false},"author":1,"featured_media":25418,"comment_status":"open","ping_status":"open","sticky":false,"template":"","format":"standard","meta":{"advanced_seo_description":"","jetpack_seo_html_title":"","jetpack_seo_noindex":false,"footnotes":"","jetpack_publicize_message":"","jetpack_is_tweetstorm":false,"jetpack_publicize_feature_enabled":true,"jetpack_social_post_already_shared":true,"jetpack_social_options":{"image_generator_settings":{"template":"highway","enabled":false}}},"categories":[2,10],"tags":[],"class_list":["post-25417","post","type-post","status-publish","format-standard","has-post-thumbnail","hentry","category-destacadas","category-municipios"],"jetpack_publicize_connections":[],"jetpack_featured_media_url":"http:\/\/elcensornoticias.com\/wp-content\/uploads\/2023\/03\/IMG-20230322-WA0075.jpg","jetpack_likes_enabled":true,"jetpack_sharing_enabled":true,"jetpack_shortlink":"https:\/\/wp.me\/p6xy50-6BX","_links":{"self":[{"href":"http:\/\/elcensornoticias.com\/index.php?rest_route=\/wp\/v2\/posts\/25417","targetHints":{"allow":["GET"]}}],"collection":[{"href":"http:\/\/elcensornoticias.com\/index.php?rest_route=\/wp\/v2\/posts"}],"about":[{"href":"http:\/\/elcensornoticias.com\/index.php?rest_route=\/wp\/v2\/types\/post"}],"author":[{"embeddable":true,"href":"http:\/\/elcensornoticias.com\/index.php?rest_route=\/wp\/v2\/users\/1"}],"replies":[{"embeddable":true,"href":"http:\/\/elcensornoticias.com\/index.php?rest_route=%2Fwp%2Fv2%2Fcomments&post=25417"}],"version-history":[{"count":1,"href":"http:\/\/elcensornoticias.com\/index.php?rest_route=\/wp\/v2\/posts\/25417\/revisions"}],"predecessor-version":[{"id":25419,"href":"http:\/\/elcensornoticias.com\/index.php?rest_route=\/wp\/v2\/posts\/25417\/revisions\/25419"}],"wp:featuredmedia":[{"embeddable":true,"href":"http:\/\/elcensornoticias.com\/index.php?rest_route=\/wp\/v2\/media\/25418"}],"wp:attachment":[{"href":"http:\/\/elcensornoticias.com\/index.php?rest_route=%2Fwp%2Fv2%2Fmedia&parent=25417"}],"wp:term":[{"taxonomy":"category","embeddable":true,"href":"http:\/\/elcensornoticias.com\/index.php?rest_route=%2Fwp%2Fv2%2Fcategories&post=25417"},{"taxonomy":"post_tag","embeddable":true,"href":"http:\/\/elcensornoticias.com\/index.php?rest_route=%2Fwp%2Fv2%2Ftags&post=25417"}],"curies":[{"name":"wp","href":"https:\/\/api.w.org\/{rel}","templated":true}]}}