{"id":25398,"date":"2023-03-23T01:06:20","date_gmt":"2023-03-23T01:06:20","guid":{"rendered":"http:\/\/elcensornoticias.com\/?p=25398"},"modified":"2023-03-23T01:07:01","modified_gmt":"2023-03-23T01:07:01","slug":"conmemoro-ceas-el-dia-internacional-del-agua","status":"publish","type":"post","link":"http:\/\/elcensornoticias.com\/?p=25398","title":{"rendered":"CONMEMOR\u00d3 CEAS EL D\u00cdA INTERNACIONAL DEL AGUA"},"content":{"rendered":"\n<p>Ni\u00f1os y ni\u00f1as de los municipios de Tepetitla, Ixtacuixtla y Nat\u00edvitas participaron en diversas actividades realizadas en la PTAR de Tlaxcala.<br>La Comisi\u00f3n Estatal del Agua y Saneamiento (CEAS), en conjunto con autoridades de los tres \u00f3rdenes de gobierno, conmemor\u00f3 el D\u00eda Internacional del Agua, el cual tiene como objetivo crear conciencia entre la poblaci\u00f3n sobre la importancia de cuidar este recurso natural.<br>Durante el acto protocolario, el director de Agua Potable de la CEAS, Marco Antonio S\u00e1nchez Pulido destac\u00f3 que la gobernadora Lorena Cu\u00e9llar Cisneros ha impulsado acciones en conjunto con el gobierno federal y los municipios para garantizar a la poblaci\u00f3n tlaxcalteca el acceso a los servicios de agua, drenaje y alcantarillado, as\u00ed como el saneamiento y reuso de aguas residuales.<br>A trav\u00e9s de un video proyectado a los asistentes, la gobernadora Lorena Cu\u00e9llar Cisneros subray\u00f3 que todas las personas son responsables de proteger el medio ambiente y los recursos naturales. Por ello, asisti\u00f3 a la Conferencia sobre el Agua 2023, efectuada en la sede de la Organizaci\u00f3n de las Naciones Unidas (ONU) ubicada en Nueva York, Estados Unidos, donde se compartir\u00e1n experiencias y posibles soluciones para proteger, gestionar y garantizar un acceso universal al agua.<br>El evento fue realizado en la Planta de Tratamiento de Aguas Residuales (PTAR) de Tlaxcala, donde alumnos de distintas escuelas provenientes de los municipios de Tepetitla, Ixtacuixtla y Nat\u00edvitas participaron en una obra de teatro, carrera de obst\u00e1culos, pesca deportiva y recorridos guiados.<br>Tambi\u00e9n asisti\u00f3 el titular de la Direcci\u00f3n Local de la Comisi\u00f3n Nacional del Agua (Conagua), Misael Albornoz G\u00f3ngora; los encargados del despacho de la Secretar\u00eda de Medio Ambiente y Recursos Naturales (Semarnat) en Tlaxcala, Ileana Castillo Algarra; de la Procuradur\u00eda Federal de Protecci\u00f3n al Ambiente (Profepa), Arturo Z\u00e1rate Flores y la titular de la Comisi\u00f3n Estatal para la Protecci\u00f3n contra Riesgos Sanitario de Tlaxcala (Coeprist), M\u00f3nica Yazm\u00edn Jim\u00e9nez Guti\u00e9rrez.<br>Adem\u00e1s del presidente municipal de Nat\u00edvitas, Carlos Garc\u00eda Sampedro; el director de saneamiento de la CEAS, Marco Antonio Arciniega; en representaci\u00f3n del secretario de Educaci\u00f3n P\u00fablica, Homero Meneses Hern\u00e1ndez, estuvo el director de Evaluaci\u00f3n Educativa, Raciel S\u00e1nchez Rinc\u00f3n; y del Sector Salud, Alejandro Reyes Angulo.<\/p>\n","protected":false},"excerpt":{"rendered":"<p>Ni\u00f1os y ni\u00f1as de los municipios de Tepetitla, Ixtacuixtla y Nat\u00edvitas participaron en diversas actividades realizadas en la PTAR de Tlaxcala.La Comisi\u00f3n Estatal del Agua y Saneamiento (CEAS), en conjunto con autoridades de los tres \u00f3rdenes de gobierno, conmemor\u00f3 el D\u00eda Internacional del Agua, el cual tiene como objetivo crear conciencia entre la poblaci\u00f3n sobre [&hellip;]<\/p>\n","protected":false},"author":1,"featured_media":25399,"comment_status":"open","ping_status":"open","sticky":false,"template":"","format":"standard","meta":{"advanced_seo_description":"","jetpack_seo_html_title":"","jetpack_seo_noindex":false,"footnotes":"","jetpack_publicize_message":"","jetpack_is_tweetstorm":false,"jetpack_publicize_feature_enabled":true,"jetpack_social_post_already_shared":true,"jetpack_social_options":{"image_generator_settings":{"template":"highway","enabled":false}}},"categories":[2,3],"tags":[],"class_list":["post-25398","post","type-post","status-publish","format-standard","has-post-thumbnail","hentry","category-destacadas","category-gobierno"],"jetpack_publicize_connections":[],"jetpack_featured_media_url":"http:\/\/elcensornoticias.com\/wp-content\/uploads\/2023\/03\/IMG-20230322-WA0053.jpg","jetpack_likes_enabled":true,"jetpack_sharing_enabled":true,"jetpack_shortlink":"https:\/\/wp.me\/p6xy50-6BE","_links":{"self":[{"href":"http:\/\/elcensornoticias.com\/index.php?rest_route=\/wp\/v2\/posts\/25398","targetHints":{"allow":["GET"]}}],"collection":[{"href":"http:\/\/elcensornoticias.com\/index.php?rest_route=\/wp\/v2\/posts"}],"about":[{"href":"http:\/\/elcensornoticias.com\/index.php?rest_route=\/wp\/v2\/types\/post"}],"author":[{"embeddable":true,"href":"http:\/\/elcensornoticias.com\/index.php?rest_route=\/wp\/v2\/users\/1"}],"replies":[{"embeddable":true,"href":"http:\/\/elcensornoticias.com\/index.php?rest_route=%2Fwp%2Fv2%2Fcomments&post=25398"}],"version-history":[{"count":1,"href":"http:\/\/elcensornoticias.com\/index.php?rest_route=\/wp\/v2\/posts\/25398\/revisions"}],"predecessor-version":[{"id":25400,"href":"http:\/\/elcensornoticias.com\/index.php?rest_route=\/wp\/v2\/posts\/25398\/revisions\/25400"}],"wp:featuredmedia":[{"embeddable":true,"href":"http:\/\/elcensornoticias.com\/index.php?rest_route=\/wp\/v2\/media\/25399"}],"wp:attachment":[{"href":"http:\/\/elcensornoticias.com\/index.php?rest_route=%2Fwp%2Fv2%2Fmedia&parent=25398"}],"wp:term":[{"taxonomy":"category","embeddable":true,"href":"http:\/\/elcensornoticias.com\/index.php?rest_route=%2Fwp%2Fv2%2Fcategories&post=25398"},{"taxonomy":"post_tag","embeddable":true,"href":"http:\/\/elcensornoticias.com\/index.php?rest_route=%2Fwp%2Fv2%2Ftags&post=25398"}],"curies":[{"name":"wp","href":"https:\/\/api.w.org\/{rel}","templated":true}]}}