{"id":25392,"date":"2023-03-23T01:02:45","date_gmt":"2023-03-23T01:02:45","guid":{"rendered":"http:\/\/elcensornoticias.com\/?p=25392"},"modified":"2023-03-23T01:02:50","modified_gmt":"2023-03-23T01:02:50","slug":"tlaxcala-entre-los-10-estados-mejor-evaluados-en-vinculacion-laboral","status":"publish","type":"post","link":"http:\/\/elcensornoticias.com\/?p=25392","title":{"rendered":"TLAXCALA, ENTRE LOS 10 ESTADOS MEJOR EVALUADOS EN VINCULACI\u00d3N LABORAL"},"content":{"rendered":"\n<p>Despu\u00e9s de 18 a\u00f1os de no recibir galard\u00f3n en 2022 se ubic\u00f3 en el noveno lugar&nbsp;<br>La directora del Servicio Nacional de Empleo (SNE) en Tlaxcala, Azalia Cort\u00e9s Garc\u00eda dio a conocer que a casi dos d\u00e9cadas de que Tlaxcala no recib\u00eda un reconocimiento a nivel nacional en materia de vinculaci\u00f3n laboral, en 2022 se ubic\u00f3 entre los 10 estados mejor evaluados.<br>La entidad tlaxcalteca se coloc\u00f3 en el noveno lugar en cuanto a productividad, vinculaci\u00f3n laboral y movilidad, derivado de los programas que maneja el gobierno del estado.<br>Cort\u00e9s Garc\u00eda detall\u00f3 que del 14 al 16 de marzo sostuvieron una reuni\u00f3n con el SNE federal y ah\u00ed se recibi\u00f3 el premio sobre desempe\u00f1o de vinculaci\u00f3n laboral.<br>Puntualiz\u00f3 que este premio es el resultado del trabajo coordinado entre las diferentes dependencias del estado encargadas de vincular y fomentar el empleo, as\u00ed como el cumplimiento de la encomienda de la gobernadora Lorena Cu\u00e9llar Cisneros, de mejorar la calidad de vida de las personas.<br>\u201cDecir que estuvimos con diferentes estados compitiendo en esta terna, en esta disputa, estados muy importantes y adem\u00e1s geogr\u00e1ficamente muy grandes y que afortunadamente logramos estar dentro de esos 10 primeros lugares a nivel nacional\u201d, puntualiz\u00f3.<br>En entrevista, Azalia Cort\u00e9s refiri\u00f3 que en cuanto al programa \u201cMovilidad Laboral\u201d que ofrece vacantes en Estados Unidos y Canad\u00e1, Tlaxcala se posiciona en el cuarto lugar a nivel nacional como productores y pescadores m\u00e1s importantes de toda la Rep\u00fablica.&nbsp;<br>Record\u00f3 que el a\u00f1o pasado cerr\u00f3 con la atenci\u00f3n a m\u00e1s de 17 mil personas y la vinculaci\u00f3n a la vida formal y laboral de m\u00e1s de 5 mil 700 personas.&nbsp;<br>Finaliz\u00f3 con el compromiso de fortalecer los programas y estrategias para lograr que la entidad suba a los primeros lugares en materia laboral.<\/p>\n","protected":false},"excerpt":{"rendered":"<p>Despu\u00e9s de 18 a\u00f1os de no recibir galard\u00f3n en 2022 se ubic\u00f3 en el noveno lugar&nbsp;La directora del Servicio Nacional de Empleo (SNE) en Tlaxcala, Azalia Cort\u00e9s Garc\u00eda dio a conocer que a casi dos d\u00e9cadas de que Tlaxcala no recib\u00eda un reconocimiento a nivel nacional en materia de vinculaci\u00f3n laboral, en 2022 se ubic\u00f3 [&hellip;]<\/p>\n","protected":false},"author":1,"featured_media":25393,"comment_status":"open","ping_status":"open","sticky":false,"template":"","format":"standard","meta":{"advanced_seo_description":"","jetpack_seo_html_title":"","jetpack_seo_noindex":false,"footnotes":"","jetpack_publicize_message":"","jetpack_is_tweetstorm":false,"jetpack_publicize_feature_enabled":true,"jetpack_social_post_already_shared":true,"jetpack_social_options":{"image_generator_settings":{"template":"highway","enabled":false}}},"categories":[5,3],"tags":[],"class_list":["post-25392","post","type-post","status-publish","format-standard","has-post-thumbnail","hentry","category-carrucel","category-gobierno"],"jetpack_publicize_connections":[],"jetpack_featured_media_url":"http:\/\/elcensornoticias.com\/wp-content\/uploads\/2023\/03\/IMG-20230322-WA0036.jpg","jetpack_likes_enabled":true,"jetpack_sharing_enabled":true,"jetpack_shortlink":"https:\/\/wp.me\/p6xy50-6By","_links":{"self":[{"href":"http:\/\/elcensornoticias.com\/index.php?rest_route=\/wp\/v2\/posts\/25392","targetHints":{"allow":["GET"]}}],"collection":[{"href":"http:\/\/elcensornoticias.com\/index.php?rest_route=\/wp\/v2\/posts"}],"about":[{"href":"http:\/\/elcensornoticias.com\/index.php?rest_route=\/wp\/v2\/types\/post"}],"author":[{"embeddable":true,"href":"http:\/\/elcensornoticias.com\/index.php?rest_route=\/wp\/v2\/users\/1"}],"replies":[{"embeddable":true,"href":"http:\/\/elcensornoticias.com\/index.php?rest_route=%2Fwp%2Fv2%2Fcomments&post=25392"}],"version-history":[{"count":1,"href":"http:\/\/elcensornoticias.com\/index.php?rest_route=\/wp\/v2\/posts\/25392\/revisions"}],"predecessor-version":[{"id":25394,"href":"http:\/\/elcensornoticias.com\/index.php?rest_route=\/wp\/v2\/posts\/25392\/revisions\/25394"}],"wp:featuredmedia":[{"embeddable":true,"href":"http:\/\/elcensornoticias.com\/index.php?rest_route=\/wp\/v2\/media\/25393"}],"wp:attachment":[{"href":"http:\/\/elcensornoticias.com\/index.php?rest_route=%2Fwp%2Fv2%2Fmedia&parent=25392"}],"wp:term":[{"taxonomy":"category","embeddable":true,"href":"http:\/\/elcensornoticias.com\/index.php?rest_route=%2Fwp%2Fv2%2Fcategories&post=25392"},{"taxonomy":"post_tag","embeddable":true,"href":"http:\/\/elcensornoticias.com\/index.php?rest_route=%2Fwp%2Fv2%2Ftags&post=25392"}],"curies":[{"name":"wp","href":"https:\/\/api.w.org\/{rel}","templated":true}]}}