{"id":25383,"date":"2023-03-23T00:57:26","date_gmt":"2023-03-23T00:57:26","guid":{"rendered":"http:\/\/elcensornoticias.com\/?p=25383"},"modified":"2023-03-23T00:57:33","modified_gmt":"2023-03-23T00:57:33","slug":"primera-carrera-de-la-familia-el-domingo-26-de-marzo-celebrara-sedif","status":"publish","type":"post","link":"http:\/\/elcensornoticias.com\/?p=25383","title":{"rendered":"PRIMERA CARRERA DE LA FAMILIA EL DOMINGO 26 DE MARZO, CELEBRAR\u00c1 SEDIF"},"content":{"rendered":"\n<p>La presidenta honor\u00edfica del DIF invit\u00f3 a todas las familias a inscribirse y ser parte del recorrido que estar\u00e1 lleno de colores<br>El Sistema Estatal para el Desarrollo Integral de la Familia (Sedif) realizar\u00e1 la Primera Carrera de la Familia el pr\u00f3ximo domingo 26 de marzo, la cual tiene como objetivo promover la integraci\u00f3n y convivencia familiar a trav\u00e9s de actividades recreativas, juegos, m\u00fasica, colores y obst\u00e1culos.&nbsp;<br>La carrera tambi\u00e9n tendr\u00e1 la finalidad de fomentar la solidaridad con las personas que m\u00e1s lo necesitan, a trav\u00e9s de la donaci\u00f3n de v\u00edveres que ser\u00e1n entregados a grupos de atenci\u00f3n prioritaria como lo son madres solteras, adultos mayores, personas con enfermedades cr\u00f3nico\u2013degenerativas y con discapacidad, as\u00ed lo dio a conocer la presidenta honor\u00edfica del Sedif, Mariana Espinosa de los Monteros Cu\u00e9llar.<br>Invit\u00f3 a las familias tlaxcaltecas a ser parte de este divertido recorrido que no es una carreta de velocidad o resistencia, sino de convivencia e inclusi\u00f3n, ya que pueden participar personas con discapacidad.&nbsp;Explic\u00f3 que las personas interesadas deben registrarse en l\u00ednea https:\/\/www.turegistromx.com\/ para acceder al kit de participaci\u00f3n que incluye playera, n\u00famero, bolsa, medalla (que ser\u00e1 entregada al final del recorrido) e hidrataci\u00f3n, y ser\u00e1 entregado el d\u00eda s\u00e1bado 25 de marzo en un horario de 9:00 a 17:00 horas, en las instalaciones del Sistema Estatal DIF.<br>Aclar\u00f3 que la carrera no tiene costo de inscripci\u00f3n, \u00fanicamente la donaci\u00f3n de productos de la canasta b\u00e1sica (aplica exclusivamente para adultos, las y los ni\u00f1os no entregan productos), para armar despensas que ser\u00e1n entregadas a grupos de atenci\u00f3n prioritaria focalizados por el Sedif.<br>La carrera tendr\u00e1 verificativo el domingo 26 de marzo a partir de las 7:00 horas con rodadas de grupos de 200 personas cada 10 minutos, no hay l\u00edmite de edad ni de n\u00famero de integrantes por familia; la l\u00ednea de salida estar\u00e1 ubicada sobre la avenida Puebla\u2013Tlaxcala a la altura del Centro Cultural Universitario (CCU) de la Universidad Aut\u00f3noma de Tlaxcala (UATx) y la meta a la altura del monumento a Tlahuicole.<br>\u201cLes hacemos la invitaci\u00f3n a todas las familias para que se animen, ser\u00e1 una experiencia hermosa, tendr\u00e1 obst\u00e1culos, colores, m\u00fasica, habr\u00e1 mucho ambiente, es la primera vez que se har\u00e1 este tipo de din\u00e1mica en Tlaxcala por lo que no se lo pueden perder, pero adem\u00e1s con esto vamos a entregar todo el cari\u00f1o de la gente a las personas que m\u00e1s lo necesitan con las despensas que logremos reunir\u201d, agreg\u00f3 la presidenta honor\u00edfica del Sedif.<br>Al respecto, el jefe del Departamento Especializado contra la Violencia Familiar del Sedif, Stefano Di Grazia Hern\u00e1ndez mencion\u00f3 que para seguridad de las y los participantes el circuito estar\u00e1 cerrado y vigilado por elementos de vialidad de la Secretar\u00eda de Seguridad Ciudadana (SSC).<\/p>\n","protected":false},"excerpt":{"rendered":"<p>La presidenta honor\u00edfica del DIF invit\u00f3 a todas las familias a inscribirse y ser parte del recorrido que estar\u00e1 lleno de coloresEl Sistema Estatal para el Desarrollo Integral de la Familia (Sedif) realizar\u00e1 la Primera Carrera de la Familia el pr\u00f3ximo domingo 26 de marzo, la cual tiene como objetivo promover la integraci\u00f3n y convivencia [&hellip;]<\/p>\n","protected":false},"author":1,"featured_media":25384,"comment_status":"open","ping_status":"open","sticky":false,"template":"","format":"standard","meta":{"advanced_seo_description":"","jetpack_seo_html_title":"","jetpack_seo_noindex":false,"footnotes":"","jetpack_publicize_message":"","jetpack_is_tweetstorm":false,"jetpack_publicize_feature_enabled":true,"jetpack_social_post_already_shared":true,"jetpack_social_options":{"image_generator_settings":{"template":"highway","enabled":false}}},"categories":[2,3],"tags":[],"class_list":["post-25383","post","type-post","status-publish","format-standard","has-post-thumbnail","hentry","category-destacadas","category-gobierno"],"jetpack_publicize_connections":[],"jetpack_featured_media_url":"http:\/\/elcensornoticias.com\/wp-content\/uploads\/2023\/03\/IMG-20230322-WA0029.jpg","jetpack_likes_enabled":true,"jetpack_sharing_enabled":true,"jetpack_shortlink":"https:\/\/wp.me\/p6xy50-6Bp","_links":{"self":[{"href":"http:\/\/elcensornoticias.com\/index.php?rest_route=\/wp\/v2\/posts\/25383","targetHints":{"allow":["GET"]}}],"collection":[{"href":"http:\/\/elcensornoticias.com\/index.php?rest_route=\/wp\/v2\/posts"}],"about":[{"href":"http:\/\/elcensornoticias.com\/index.php?rest_route=\/wp\/v2\/types\/post"}],"author":[{"embeddable":true,"href":"http:\/\/elcensornoticias.com\/index.php?rest_route=\/wp\/v2\/users\/1"}],"replies":[{"embeddable":true,"href":"http:\/\/elcensornoticias.com\/index.php?rest_route=%2Fwp%2Fv2%2Fcomments&post=25383"}],"version-history":[{"count":1,"href":"http:\/\/elcensornoticias.com\/index.php?rest_route=\/wp\/v2\/posts\/25383\/revisions"}],"predecessor-version":[{"id":25385,"href":"http:\/\/elcensornoticias.com\/index.php?rest_route=\/wp\/v2\/posts\/25383\/revisions\/25385"}],"wp:featuredmedia":[{"embeddable":true,"href":"http:\/\/elcensornoticias.com\/index.php?rest_route=\/wp\/v2\/media\/25384"}],"wp:attachment":[{"href":"http:\/\/elcensornoticias.com\/index.php?rest_route=%2Fwp%2Fv2%2Fmedia&parent=25383"}],"wp:term":[{"taxonomy":"category","embeddable":true,"href":"http:\/\/elcensornoticias.com\/index.php?rest_route=%2Fwp%2Fv2%2Fcategories&post=25383"},{"taxonomy":"post_tag","embeddable":true,"href":"http:\/\/elcensornoticias.com\/index.php?rest_route=%2Fwp%2Fv2%2Ftags&post=25383"}],"curies":[{"name":"wp","href":"https:\/\/api.w.org\/{rel}","templated":true}]}}