{"id":25371,"date":"2023-03-23T00:31:42","date_gmt":"2023-03-23T00:31:42","guid":{"rendered":"http:\/\/elcensornoticias.com\/?p=25371"},"modified":"2023-03-23T00:31:46","modified_gmt":"2023-03-23T00:31:46","slug":"40-anos-de-imcine-con-una-programacion-especial-en-diferentes-sedes-del-pais","status":"publish","type":"post","link":"http:\/\/elcensornoticias.com\/?p=25371","title":{"rendered":"40 a\u00f1os de Imcine con una programaci\u00f3n especial en diferentes sedes del pa\u00eds"},"content":{"rendered":"\n<ul class=\"wp-block-list\"><li><strong>Del 25 al 31 de marzo de 2023, se contar\u00e1 con un programa en 34 sedes presenciales y en FilminLatino, la plataforma en l\u00ednea del Imcine<\/strong><strong><\/strong><\/li><li><strong>Tambi\u00e9n, el 24 de marzo, la Cineteca Sonora ofrecer\u00e1 la proyecci\u00f3n gratuita de siete cortometrajes de ficci\u00f3n mexicanos<\/strong><strong><\/strong><\/li><li><strong>Adem\u00e1s, del 25 de marzo al 2 de abril, MX Nuestro Cine (Canal 22.2) programar\u00e1 una selecci\u00f3n de 12 largometrajes mexicanos<\/strong><strong><\/strong><\/li><\/ul>\n\n\n\n<p>Con motivo de su 40 aniversario, el Instituto Mexicano de Cinematograf\u00eda (Imcine), instituci\u00f3n de la Secretar\u00eda de Cultura del Gobierno de M\u00e9xico, ofrecer\u00e1 del 25 al 31 de marzo de 2023, una programaci\u00f3n de t\u00edtulos mexicanos, la cual incluye pel\u00edculas de distintas \u00e9pocas, todas apoyadas por el Instituto.<\/p>\n\n\n\n<p>En total se realizar\u00e1n 114 funciones en 34 sedes del pa\u00eds, entre las que se encuentran cineclubes, casas de cultura, foros y salas de exhibici\u00f3n independiente de Baja California, Chiapas, Ciudad de M\u00e9xico, Colima, Durango, Estado de M\u00e9xico, Guerrero, Hidalgo, Jalisco, Morelos, Nuevo Le\u00f3n, Puebla, Quer\u00e9taro, Sonora, Tabasco y Tamaulipas.<\/p>\n\n\n\n<p>La cartelera incluye los largometrajes&nbsp;<em>Tempestad<\/em>&nbsp;(2016), de Tatiana Huezo;&nbsp;<em>Mariana, Mariana&nbsp;<\/em>(1986), de Alberto Isaac; as\u00ed como&nbsp;<em>Naufragio<\/em>&nbsp;(1978) y&nbsp;<em>La pasi\u00f3n seg\u00fan Berenice&nbsp;<\/em>(1975), ambas dirigidas por Jaime Humberto Hermosillo. Cabe destacar que estos \u00faltimos dos t\u00edtulos fueron elegidos por el p\u00fablico y la cr\u00edtica a trav\u00e9s de redes sociales y encuestas.<\/p>\n\n\n\n<p>Adem\u00e1s, se incluyen tres t\u00edtulos del Centro de Producci\u00f3n de Cortometraje (CPC),&nbsp;recientemente restaurados en colaboraci\u00f3n con los Estudios Churubusco:&nbsp;<em>Sur sureste&nbsp;<\/em>(1974), de Paul Leduc, y&nbsp;<em>Poetas campesinos&nbsp;<\/em>(1980), de Nicol\u00e1s Echevarr\u00eda, as\u00ed como la versi\u00f3n digitalizada de&nbsp;<em>Valle de M\u00e9xico&nbsp;<\/em>(1976), de Rub\u00e9n G\u00e1mez.&nbsp;Tambi\u00e9n, forman parte de la programaci\u00f3n una selecci\u00f3n de cortometrajes de ficci\u00f3n, documental, animaci\u00f3n y para p\u00fablico infantil apoyados por el Imcine a trav\u00e9s del Concurso de Cortometrajes por Regiones.<\/p>\n\n\n\n<p><strong>Cortometrajes mexicanos en la&nbsp;Cineteca Sonora<\/strong><\/p>\n\n\n\n<p>De manera especial, la Direcci\u00f3n de Vinculaci\u00f3n Regional y Comunitaria del Imcine (con sede en Hermosillo, Sonora), en colaboraci\u00f3n con el Instituto Sonorense de Cultura, llevar\u00e1 a cabo la proyecci\u00f3n de siete cortometrajes de ficci\u00f3n:&nbsp;<em>Sin Sost\u00e9n<\/em>&nbsp;(1998), de Ren\u00e9 Castillo y Antonio Urrutia;&nbsp;<em>Caf\u00e9 Para\u00edso&nbsp;<\/em>(2008), de Alonso Ruizpalacios;&nbsp;<em>La tiricia o c\u00f3mo curar la tristeza&nbsp;<\/em>(2012), de \u00c1ngeles Cruz;&nbsp;<em>Tr\u00e9mulo&nbsp;<\/em>(2015), de Roberto Fiesco;&nbsp;<em>Cerulia&nbsp;<\/em>(2017), de Sof\u00eda Carrillo;&nbsp;<em>T\u00edo&nbsp;<\/em>(2021), de Juan J. Medina y&nbsp;<em>Victoria&nbsp;<\/em>(2021), de Eloisa Diez.<\/p>\n\n\n\n<p>Estos cortos podr\u00e1n verse el viernes 24 de marzo en la Cineteca Sonora, a partir de las 18:30 horas. Los boletos estar\u00e1n disponibles de manera gratuita, hasta agotar existencias, en las taquillas del recinto media hora antes del inicio de la funci\u00f3n.<\/p>\n\n\n\n<p><strong>Cine mexicano gratuito a trav\u00e9s de FilminLatino<\/strong><strong><\/strong><\/p>\n\n\n\n<p>Para quienes deseen unirse a la celebraci\u00f3n desde su hogar, del 25 al 31 de marzo de 2023, FilminLatino, la plataforma en l\u00ednea del Imcine, ofrecer\u00e1 de forma gratuita las pel\u00edculas&nbsp;<em>Naufragio<\/em>&nbsp;(1978) y&nbsp;<em>La pasi\u00f3n seg\u00fan Berenice<\/em>&nbsp;(1975), de Jaime Humberto Hermosillo; adem\u00e1s de&nbsp;<em>De la calle<\/em>&nbsp;(2001), de Gerardo Tort, y, por primera vez en la plataforma,&nbsp;<em>Como agua para chocolate&nbsp;<\/em>(1992), de Alfonso Arau. Adem\u00e1s de una selecci\u00f3n de cortometrajes de ficci\u00f3n y animaci\u00f3n.<\/p>\n\n\n\n<p><strong>Programaci\u00f3n especial a trav\u00e9s del Canal 22.2<\/strong><strong><\/strong><\/p>\n\n\n\n<p>Adicionalmente, del 25 de marzo al 2 de abril y a trav\u00e9s de MX Nuestro Cine (Canal 22.2), el p\u00fablico podr\u00e1 disfrutar de 12 pel\u00edculas producidas por el Imcine o que forman parte de su acervo. Estas son:<\/p>\n\n\n\n<p>25 de marzo:<\/p>\n\n\n\n<ul class=\"wp-block-list\"><li><em>Pueblo de madera<\/em>&nbsp;(1989), de Juan Antonio de la Riva<\/li><li><em>Acme y Co.&nbsp;<\/em>(2005), de Gregorio Rocha&nbsp;<\/li><\/ul>\n\n\n\n<p>26 de marzo:<\/p>\n\n\n\n<ul class=\"wp-block-list\"><li><em>Cadena perpetua&nbsp;<\/em>(1978), de Arturo Ripstein<\/li><\/ul>\n\n\n\n<p>27 de marzo:<\/p>\n\n\n\n<ul class=\"wp-block-list\"><li><em>Fuego en el mar<\/em>&nbsp;(1979), de Ra\u00fal Araiza<\/li><li><em>Esperanza<\/em>&nbsp;(1988), de Sergio Olhovich<\/li><\/ul>\n\n\n\n<p>28 de marzo:<\/p>\n\n\n\n<ul class=\"wp-block-list\"><li><em>Pedro P\u00e1ramo, el hombre de la media luna<\/em>&nbsp;(1976), de Jos\u00e9 Bola\u00f1o<\/li><li><em>Pum!&nbsp;<\/em>(1980), de Jos\u00e9 Estrada<\/li><\/ul>\n\n\n\n<p>29 de marzo:<\/p>\n\n\n\n<ul class=\"wp-block-list\"><li><em>Las caras de la luna&nbsp;<\/em>(2001), de Guita Schyfter<\/li><li><em>Rastro de muerte&nbsp;<\/em>(1981), de Arturo Ripstein<\/li><\/ul>\n\n\n\n<p>30 de marzo:<\/p>\n\n\n\n<ul class=\"wp-block-list\"><li><em>Estas ruinas que ves<\/em>&nbsp;(1979), de Juli\u00e1n Pastor<\/li><\/ul>\n\n\n\n<p>31 de marzo:<\/p>\n\n\n\n<ul class=\"wp-block-list\"><li><em>El vuelo de la cig\u00fce\u00f1a&nbsp;<\/em>(1977), de Juli\u00e1n Pastor<\/li><\/ul>\n\n\n\n<p>1 de abril:<\/p>\n\n\n\n<ul class=\"wp-block-list\"><li><em>Pum!&nbsp;<\/em>(1980), de Jos\u00e9 Estrada<\/li><\/ul>\n\n\n\n<p>2 de abril:<\/p>\n\n\n\n<ul class=\"wp-block-list\"><li><em>M\u00e9xico lindo y querido<\/em>&nbsp;(1958), de Julio Bracho<\/li><\/ul>\n\n\n\n<p>Finalmente, el viernes 24 de marzo el Imcine estrenar\u00e1 un episodio especial de su programa de televisi\u00f3n \u201cAtrapasue\u00f1os: la diversidad de nuestro cine\u201d, el cual estar\u00e1 dedicado al aniversario. El p\u00fablico podr\u00e1 escuchar las voces de algunas personas que han formado parte del Imcine a lo largo del tiempo, para conocer su relevancia dentro de la historia del cine mexicano.<\/p>\n\n\n\n<p>El programa se transmite por MX Nuestro Cine (Canal 22.2) de televisi\u00f3n abierta, 1278 de SKY, 125 de Megacable, 304 DISH, 481 IZZY, 143 Totalplay, todos los viernes a las 18:00 horas, tiempo del centro de M\u00e9xico; con repeticiones los s\u00e1bados a las 12:00 y los lunes a las 15:00 horas.<\/p>\n\n\n\n<p>Cabe recordar que el 24 de marzo, el p\u00fablico podr\u00e1 disfrutar de la proyecci\u00f3n gratuita de cortometrajes y largometrajes en distintos espacios de la Cineteca Nacional. Destaca la proyecci\u00f3n del cl\u00e1sico de terror de 1986,&nbsp;<em>Veneno para las hadas<\/em>, de Carlos Enrique Taboada, en una versi\u00f3n recientemente restaurada en 4K, por el Sindicato de Trabajadores de la Producci\u00f3n Cinematogr\u00e1fica (STPC).<\/p>\n\n\n\n<p>La programaci\u00f3n completa est\u00e1 disponible en el portal&nbsp;<a href=\"http:\/\/www.imcine.gob.mx\/\" target=\"_blank\" rel=\"noreferrer noopener\"><strong>www.imcine.gob.mx<\/strong><\/a>,&nbsp;<a href=\"http:\/\/www.filminlatino.mx\/\" target=\"_blank\" rel=\"noreferrer noopener\"><strong>www.filminlatino.mx<\/strong><\/a>&nbsp;y&nbsp;<a href=\"https:\/\/www.mexicoescultura.com\/\" target=\"_blank\" rel=\"noreferrer noopener\"><strong>https:\/\/www.mexicoescultura.com\/<\/strong><\/a><\/p>\n","protected":false},"excerpt":{"rendered":"<p>Del 25 al 31 de marzo de 2023, se contar\u00e1 con un programa en 34 sedes presenciales y en FilminLatino, la plataforma en l\u00ednea del Imcine Tambi\u00e9n, el 24 de marzo, la Cineteca Sonora ofrecer\u00e1 la proyecci\u00f3n gratuita de siete cortometrajes de ficci\u00f3n mexicanos Adem\u00e1s, del 25 de marzo al 2 de abril, MX Nuestro [&hellip;]<\/p>\n","protected":false},"author":1,"featured_media":25372,"comment_status":"open","ping_status":"open","sticky":false,"template":"","format":"standard","meta":{"advanced_seo_description":"","jetpack_seo_html_title":"","jetpack_seo_noindex":false,"footnotes":"","jetpack_publicize_message":"","jetpack_is_tweetstorm":false,"jetpack_publicize_feature_enabled":true,"jetpack_social_post_already_shared":true,"jetpack_social_options":{"image_generator_settings":{"template":"highway","enabled":false}}},"categories":[26,4],"tags":[],"class_list":["post-25371","post","type-post","status-publish","format-standard","has-post-thumbnail","hentry","category-cultura","category-noticias"],"jetpack_publicize_connections":[],"jetpack_featured_media_url":"http:\/\/elcensornoticias.com\/wp-content\/uploads\/2023\/03\/Naufragio.1978.CortesiaImcine.jpg","jetpack_likes_enabled":true,"jetpack_sharing_enabled":true,"jetpack_shortlink":"https:\/\/wp.me\/p6xy50-6Bd","_links":{"self":[{"href":"http:\/\/elcensornoticias.com\/index.php?rest_route=\/wp\/v2\/posts\/25371","targetHints":{"allow":["GET"]}}],"collection":[{"href":"http:\/\/elcensornoticias.com\/index.php?rest_route=\/wp\/v2\/posts"}],"about":[{"href":"http:\/\/elcensornoticias.com\/index.php?rest_route=\/wp\/v2\/types\/post"}],"author":[{"embeddable":true,"href":"http:\/\/elcensornoticias.com\/index.php?rest_route=\/wp\/v2\/users\/1"}],"replies":[{"embeddable":true,"href":"http:\/\/elcensornoticias.com\/index.php?rest_route=%2Fwp%2Fv2%2Fcomments&post=25371"}],"version-history":[{"count":1,"href":"http:\/\/elcensornoticias.com\/index.php?rest_route=\/wp\/v2\/posts\/25371\/revisions"}],"predecessor-version":[{"id":25373,"href":"http:\/\/elcensornoticias.com\/index.php?rest_route=\/wp\/v2\/posts\/25371\/revisions\/25373"}],"wp:featuredmedia":[{"embeddable":true,"href":"http:\/\/elcensornoticias.com\/index.php?rest_route=\/wp\/v2\/media\/25372"}],"wp:attachment":[{"href":"http:\/\/elcensornoticias.com\/index.php?rest_route=%2Fwp%2Fv2%2Fmedia&parent=25371"}],"wp:term":[{"taxonomy":"category","embeddable":true,"href":"http:\/\/elcensornoticias.com\/index.php?rest_route=%2Fwp%2Fv2%2Fcategories&post=25371"},{"taxonomy":"post_tag","embeddable":true,"href":"http:\/\/elcensornoticias.com\/index.php?rest_route=%2Fwp%2Fv2%2Ftags&post=25371"}],"curies":[{"name":"wp","href":"https:\/\/api.w.org\/{rel}","templated":true}]}}