{"id":25364,"date":"2023-03-23T00:25:54","date_gmt":"2023-03-23T00:25:54","guid":{"rendered":"http:\/\/elcensornoticias.com\/?p=25364"},"modified":"2023-03-23T00:26:01","modified_gmt":"2023-03-23T00:26:01","slug":"jornada-de-vacunacion-antirrabica-canina-y-felina-en-la-capital","status":"publish","type":"post","link":"http:\/\/elcensornoticias.com\/?p=25364","title":{"rendered":"Jornada de vacunaci\u00f3n antirr\u00e1bica canina y felina, en la capital."},"content":{"rendered":"\n<p><em>Se colocar\u00e1n m\u00f3dulos en hospitales, centros o casas de salud y habr\u00e1 recorridos de brigadas por comunidades y delegaciones<\/em><\/p>\n\n\n\n<p>El Ayuntamiento de Tlaxcala, en coordinaci\u00f3n con la Secretar\u00eda de Salud y el Organismo P\u00fablico Descentralizado Salud de Tlaxcala, realizar\u00e1n la Jornada gratuita de Vacunaci\u00f3n Antirr\u00e1bica Canina y Felina 2023, del 26 de marzo al 1 de abril.<\/p>\n\n\n\n<p>La autoridad municipal informa que la vacunaci\u00f3n abarca las comunidades, delegaciones y zona centro del municipio capitalino, con puestos fijos en hospitales, centros o casas de salud y brigadas que har\u00e1n recorridos para aplicar los biol\u00f3gicos<\/p>\n\n\n\n<p>El personal para la aplicaci\u00f3n de la vacuna estar\u00e1 debidamente identificado, adem\u00e1s de que se pide a las personas que lleven a sus animales de compa\u00f1\u00eda con correas y de ser necesario bozal, para tener control de ellos y evitar posibles agresiones al personal de salud.<\/p>\n\n\n\n<p>A esta campa\u00f1a se suma la administraci\u00f3n que encabeza el presidente municipal Jorge Corichi, al apoyar con aspectos log\u00edsticos de Protecci\u00f3n Civil y Seguridad P\u00fablica.<\/p>\n\n\n\n<p>De esta forma, el gobierno municipal de Tlaxcala reitera su compromiso de trabajar por el bienestar animal.<\/p>\n","protected":false},"excerpt":{"rendered":"<p>Se colocar\u00e1n m\u00f3dulos en hospitales, centros o casas de salud y habr\u00e1 recorridos de brigadas por comunidades y delegaciones El Ayuntamiento de Tlaxcala, en coordinaci\u00f3n con la Secretar\u00eda de Salud y el Organismo P\u00fablico Descentralizado Salud de Tlaxcala, realizar\u00e1n la Jornada gratuita de Vacunaci\u00f3n Antirr\u00e1bica Canina y Felina 2023, del 26 de marzo al 1 [&hellip;]<\/p>\n","protected":false},"author":1,"featured_media":25365,"comment_status":"open","ping_status":"open","sticky":false,"template":"","format":"standard","meta":{"advanced_seo_description":"","jetpack_seo_html_title":"","jetpack_seo_noindex":false,"footnotes":"","jetpack_publicize_message":"","jetpack_is_tweetstorm":false,"jetpack_publicize_feature_enabled":true,"jetpack_social_post_already_shared":true,"jetpack_social_options":{"image_generator_settings":{"template":"highway","enabled":false}}},"categories":[2,10],"tags":[],"class_list":["post-25364","post","type-post","status-publish","format-standard","has-post-thumbnail","hentry","category-destacadas","category-municipios"],"jetpack_publicize_connections":[],"jetpack_featured_media_url":"http:\/\/elcensornoticias.com\/wp-content\/uploads\/2023\/03\/WhatsApp-Image-2023-03-22-at-1.43.28-PM.jpeg","jetpack_likes_enabled":true,"jetpack_sharing_enabled":true,"jetpack_shortlink":"https:\/\/wp.me\/p6xy50-6B6","_links":{"self":[{"href":"http:\/\/elcensornoticias.com\/index.php?rest_route=\/wp\/v2\/posts\/25364","targetHints":{"allow":["GET"]}}],"collection":[{"href":"http:\/\/elcensornoticias.com\/index.php?rest_route=\/wp\/v2\/posts"}],"about":[{"href":"http:\/\/elcensornoticias.com\/index.php?rest_route=\/wp\/v2\/types\/post"}],"author":[{"embeddable":true,"href":"http:\/\/elcensornoticias.com\/index.php?rest_route=\/wp\/v2\/users\/1"}],"replies":[{"embeddable":true,"href":"http:\/\/elcensornoticias.com\/index.php?rest_route=%2Fwp%2Fv2%2Fcomments&post=25364"}],"version-history":[{"count":1,"href":"http:\/\/elcensornoticias.com\/index.php?rest_route=\/wp\/v2\/posts\/25364\/revisions"}],"predecessor-version":[{"id":25366,"href":"http:\/\/elcensornoticias.com\/index.php?rest_route=\/wp\/v2\/posts\/25364\/revisions\/25366"}],"wp:featuredmedia":[{"embeddable":true,"href":"http:\/\/elcensornoticias.com\/index.php?rest_route=\/wp\/v2\/media\/25365"}],"wp:attachment":[{"href":"http:\/\/elcensornoticias.com\/index.php?rest_route=%2Fwp%2Fv2%2Fmedia&parent=25364"}],"wp:term":[{"taxonomy":"category","embeddable":true,"href":"http:\/\/elcensornoticias.com\/index.php?rest_route=%2Fwp%2Fv2%2Fcategories&post=25364"},{"taxonomy":"post_tag","embeddable":true,"href":"http:\/\/elcensornoticias.com\/index.php?rest_route=%2Fwp%2Fv2%2Ftags&post=25364"}],"curies":[{"name":"wp","href":"https:\/\/api.w.org\/{rel}","templated":true}]}}