{"id":25349,"date":"2023-03-23T00:13:42","date_gmt":"2023-03-23T00:13:42","guid":{"rendered":"http:\/\/elcensornoticias.com\/?p=25349"},"modified":"2023-03-23T00:13:46","modified_gmt":"2023-03-23T00:13:46","slug":"el-palacio-de-cortes-reabrira-convertido-en-el-museo-regional-de-los-pueblos-de-morelos","status":"publish","type":"post","link":"http:\/\/elcensornoticias.com\/?p=25349","title":{"rendered":"El Palacio de Cort\u00e9s reabrir\u00e1 convertido en el Museo Regional de los Pueblos de Morelos"},"content":{"rendered":"\n<ul class=\"wp-block-list\"><li><strong>Con un inmueble estructuralmente estable, el pr\u00f3ximo 30 de marzo de 2023, se dar\u00e1n a conocer cinco nuevas salas permanentes y tres exposiciones temporales<\/strong><strong><\/strong><\/li><\/ul>\n\n\n\n<ul class=\"wp-block-list\"><li><strong>La reestructuraci\u00f3n museogr\u00e1fica continuar\u00e1 en lo subsecuente bajo un discurso que mostrar\u00e1 la diversidad cultural y natural de este territorio<\/strong><strong><\/strong><\/li><\/ul>\n\n\n\n<p>La primera obra civil en Am\u00e9rica tras la invasi\u00f3n europea, el Palacio de Cort\u00e9s, reabrir\u00e1 sus puertas el 30 de marzo de 2023, bajo una nueva denominaci\u00f3n: Museo Regional de los Pueblos de Morelos (MRPM), luego de la renovaci\u00f3n de su discurso museogr\u00e1fico, a cargo de la Secretar\u00eda de Cultura federal, a trav\u00e9s del Instituto Nacional de Antropolog\u00eda e Historia (INAH).<\/p>\n\n\n\n<p>De acuerdo con el director del Centro INAH Morelos, V\u00edctor Hugo Valencia Valera, las afectaciones registradas en la edificaci\u00f3n del siglo XVI por el sismo del 19 de septiembre de 2017 y dos a\u00f1os de contingencia sanitaria permitieron acelerar el proceso de repensar el espacio bajo los principios museol\u00f3gicos del siglo XXI, a casi 50 a\u00f1os de su inauguraci\u00f3n, en 1974.<\/p>\n\n\n\n<p>La reestructuraci\u00f3n museogr\u00e1fica, que \u201cpone los pies en suelo morelense\u201d, es producto de dos a\u00f1os de reflexi\u00f3n y consenso de un consejo acad\u00e9mico, integrado por m\u00e1s de 20 especialistas, la mayor\u00eda adscritos a las diferentes secciones del Centro INAH Morelos, coordinado por el director del recinto, Rodolfo Candelas Casta\u00f1eda, y respaldada por la Coordinaci\u00f3n Nacional de Museos y Exposiciones del instituto, cuya experta, Ana Graciela Bedolla Giles, estuvo a cargo de la adaptaci\u00f3n del guion tem\u00e1tico.<\/p>\n\n\n\n<p>El antrop\u00f3logo Valencia Valera destaca que la reapertura del ahora MRPM \u2013antes Cuauhn\u00e1huac\u2013, con cinco nuevas salas permanentes y tres exposiciones temporales en su planta baja, se da con la garant\u00eda de un inmueble estable en t\u00e9rminos estructurales.<\/p>\n\n\n\n<p>Detr\u00e1s de este logro est\u00e1 el trabajo de un equipo multidisciplinario, encabezado por expertos de las secciones de Monumentos Hist\u00f3ricos (SMH) y de Restauraci\u00f3n del Centro INAH Morelos, de la empresa de restauraci\u00f3n Escoda, as\u00ed como&nbsp;del Centro Nacional de Conservaci\u00f3n y Registro del Patrimonio Art\u00edstico Mueble, del Instituto Nacional de Bellas Artes y Literatura.<\/p>\n\n\n\n<p>El coordinador de la SMH, Fernando Duarte Soriano, detalla que, en 2022, con la reintegraci\u00f3n del ic\u00f3nico torre\u00f3n del Palacio de Cort\u00e9s \u00ad\u2013el cual redujo su peso en 70%, gracias a una estructura con materiales m\u00e1s ligeros\u2013, se dio por finalizada la tarea arquitect\u00f3nica, adem\u00e1s de la restauraci\u00f3n del gran tr\u00edptico mural de Diego Rivera,&nbsp;<em>Historia del estado de Morelos, Conquista y Revoluci\u00f3n<\/em>, que el p\u00fablico podr\u00e1 admirar en la terraza oriente, su sitio original.<\/p>\n\n\n\n<p>Sobre la parte museogr\u00e1fica, el titular del MRPM, Candelas Casta\u00f1eda, explica que el nuevo discurso mostrar\u00e1 la diversidad cultural y natural de la entidad, centr\u00e1ndose en las historias locales y regionales. Destaca, adem\u00e1s, que se actualiz\u00f3 el conocimiento sobre el devenir de esta regi\u00f3n, definida por valles y ca\u00f1adas, zonas templadas y c\u00e1lidas, un territorio peque\u00f1o pero biodiverso, que fue aprovechado por grupos humanos desde 6,300 a\u00f1os antes de nuestra era.<\/p>\n\n\n\n<p>El nuevo recorrido est\u00e1 integrado por cinco salas: Biodiversidad, Bioculturalidad, Paisaje, Pueblos de ma\u00edz y piedra, y El fen\u00f3meno olmeca. El guion museogr\u00e1fico no va \u201cni de las grandes fechas ni de los grandes personajes, sino de las personas que han dado vida y forma al territorio, en el pasado y en el presente\u201d, aclara.<\/p>\n\n\n\n<p>En el corto plazo se trabajar\u00e1n las salas de Arqueolog\u00eda restantes y las de Historia: siglos XVI al XIX, y Antropolog\u00eda: siglos XX al XXI. Adem\u00e1s de un ep\u00edlogo: \u201cEl futuro y la responsabilidad compartida\u201d, que referir\u00e1 a la necesidad de hacer de la preservaci\u00f3n del patrimonio cultural un compromiso colectivo.<\/p>\n\n\n\n<p>En su reencuentro con el Palacio de Cort\u00e9s, en la Antigua Sala del Congreso del Estado, la ciudadan\u00eda y turistas podr\u00e1n recorrer la exposici\u00f3n \u201cLa figura humana en la Colecci\u00f3n Leof-Vinot\u201d, integrada por 30 piezas antropomorfas procedentes de sitios de Mesoam\u00e9rica y Oasisam\u00e9rica, las cuales abarcan un arco temporal de m\u00e1s de 2,500 a\u00f1os.<\/p>\n\n\n\n<p>Tambi\u00e9n se presentar\u00e1 una muestra organizada por el Colectivo Etnograf\u00eda de las Regiones Ind\u00edgenas de M\u00e9xico, coordinado por el experto Miguel Morayta Mendoza, sobre la participaci\u00f3n de las comunidades morelenses en la rehabilitaci\u00f3n de su patrimonio afectado por el sismo del 19 de septiembre de 2017; y una m\u00e1s, \u201cLas vueltas que da la vida\u201d, compuesta por un conjunto de malacates, para abordar, a trav\u00e9s del tejido, la participaci\u00f3n femenina en la \u00e9poca prehisp\u00e1nica.<\/p>\n\n\n\n<p>El Museo Regional de los Pueblos de Morelos se ubica en la calle&nbsp;Francisco Leyva No. 100, Cuernavaca, Centro, Morelos. Se podr\u00e1 visitar a partir del 30 de marzo de 2023, de&nbsp;martes a domingo, de 9:00 a 18:00 horas.<\/p>\n","protected":false},"excerpt":{"rendered":"<p>Con un inmueble estructuralmente estable, el pr\u00f3ximo 30 de marzo de 2023, se dar\u00e1n a conocer cinco nuevas salas permanentes y tres exposiciones temporales La reestructuraci\u00f3n museogr\u00e1fica continuar\u00e1 en lo subsecuente bajo un discurso que mostrar\u00e1 la diversidad cultural y natural de este territorio La primera obra civil en Am\u00e9rica tras la invasi\u00f3n europea, el [&hellip;]<\/p>\n","protected":false},"author":1,"featured_media":25350,"comment_status":"open","ping_status":"open","sticky":false,"template":"","format":"standard","meta":{"advanced_seo_description":"","jetpack_seo_html_title":"","jetpack_seo_noindex":false,"footnotes":"","jetpack_publicize_message":"","jetpack_is_tweetstorm":false,"jetpack_publicize_feature_enabled":true,"jetpack_social_post_already_shared":true,"jetpack_social_options":{"image_generator_settings":{"template":"highway","enabled":false}}},"categories":[26,4],"tags":[],"class_list":["post-25349","post","type-post","status-publish","format-standard","has-post-thumbnail","hentry","category-cultura","category-noticias"],"jetpack_publicize_connections":[],"jetpack_featured_media_url":"http:\/\/elcensornoticias.com\/wp-content\/uploads\/2023\/03\/PHOTO20230322120314113.jpg","jetpack_likes_enabled":true,"jetpack_sharing_enabled":true,"jetpack_shortlink":"https:\/\/wp.me\/p6xy50-6AR","_links":{"self":[{"href":"http:\/\/elcensornoticias.com\/index.php?rest_route=\/wp\/v2\/posts\/25349","targetHints":{"allow":["GET"]}}],"collection":[{"href":"http:\/\/elcensornoticias.com\/index.php?rest_route=\/wp\/v2\/posts"}],"about":[{"href":"http:\/\/elcensornoticias.com\/index.php?rest_route=\/wp\/v2\/types\/post"}],"author":[{"embeddable":true,"href":"http:\/\/elcensornoticias.com\/index.php?rest_route=\/wp\/v2\/users\/1"}],"replies":[{"embeddable":true,"href":"http:\/\/elcensornoticias.com\/index.php?rest_route=%2Fwp%2Fv2%2Fcomments&post=25349"}],"version-history":[{"count":1,"href":"http:\/\/elcensornoticias.com\/index.php?rest_route=\/wp\/v2\/posts\/25349\/revisions"}],"predecessor-version":[{"id":25351,"href":"http:\/\/elcensornoticias.com\/index.php?rest_route=\/wp\/v2\/posts\/25349\/revisions\/25351"}],"wp:featuredmedia":[{"embeddable":true,"href":"http:\/\/elcensornoticias.com\/index.php?rest_route=\/wp\/v2\/media\/25350"}],"wp:attachment":[{"href":"http:\/\/elcensornoticias.com\/index.php?rest_route=%2Fwp%2Fv2%2Fmedia&parent=25349"}],"wp:term":[{"taxonomy":"category","embeddable":true,"href":"http:\/\/elcensornoticias.com\/index.php?rest_route=%2Fwp%2Fv2%2Fcategories&post=25349"},{"taxonomy":"post_tag","embeddable":true,"href":"http:\/\/elcensornoticias.com\/index.php?rest_route=%2Fwp%2Fv2%2Ftags&post=25349"}],"curies":[{"name":"wp","href":"https:\/\/api.w.org\/{rel}","templated":true}]}}