{"id":25346,"date":"2023-03-23T00:10:22","date_gmt":"2023-03-23T00:10:22","guid":{"rendered":"http:\/\/elcensornoticias.com\/?p=25346"},"modified":"2023-03-23T00:10:26","modified_gmt":"2023-03-23T00:10:26","slug":"en-durango-publicaran-antologia-con-mas-de-100-textos-poeticos-y-narrativos","status":"publish","type":"post","link":"http:\/\/elcensornoticias.com\/?p=25346","title":{"rendered":"En Durango publicar\u00e1n antolog\u00eda con m\u00e1s de 100 textos po\u00e9ticos y narrativos"},"content":{"rendered":"\n<ul class=\"wp-block-list\"><li><strong>La antolog\u00eda literaria fue ganadora en la convocatoria editorial del Instituto de Cultura del Estado de Durango 2023<\/strong><\/li><li><strong>El acervo producido ser\u00e1 destinado a programas y actividades de fomento a la lectura<\/strong><\/li><\/ul>\n\n\n\n<p>La antolog\u00eda literaria&nbsp;<em>Estaciones<\/em>, creada por las y los participantes del Semillero Creativo de Literatura en Vicente Guerrero, Durango, result\u00f3 seleccionada en la convocatoria Editorial 2023 del Instituto de Cultura del Estado de Durango (ICED).<\/p>\n\n\n\n<p>\u201cEl t\u00edtulo que eligieron para esta obra literaria hace referencia al 2022, a\u00f1o en el que fueron creados y corregidos cada uno de los textos, hasta llegar a la versi\u00f3n final, en el que ni\u00f1as, ni\u00f1os y j\u00f3venes escuchaban en voz alta cada uno de los escritos hasta tomar las decisiones que cada autor y autora creyera pertinente\u201d, comparte el escritor y docente del semillero, Francisco M\u00e1rquez Peralta.<\/p>\n\n\n\n<p>Esta antolog\u00eda, que formar\u00e1 parte de la colecci\u00f3n Prisma de letras del ICED, se compone por 138 textos po\u00e9ticos y narrativos escritos por las y los participantes del semillero, integrado por 21 ni\u00f1as y ni\u00f1os, ocho personas j\u00f3venes y cinco adultas.<\/p>\n\n\n\n<p>Los Semilleros Creativos son grupos de formaci\u00f3n y creaci\u00f3n art\u00edstica gratuita con enfoque comunitario para ni\u00f1as, ni\u00f1os y j\u00f3venes de todo el pa\u00eds. En Durango, se ubican cuatro de 329 a nivel nacional.<\/p>\n\n\n\n<p>Este semillero tiene una fuerte presencia intergeneracional, pues el acompa\u00f1amiento diario de madres de familia, abuelas y familiares ha generado una din\u00e1mica donde, por ejemplo, madres e hijos se reconozcan como pares al momento de escribir.<\/p>\n\n\n\n<p>Los poemas y cuentos de esta antolog\u00eda van desde las inquietudes m\u00e1s personales e \u00edntimas de ni\u00f1as y ni\u00f1os, hasta versos en los que se manifiestan procesos de migraci\u00f3n y lo experimentado durante la contingencia por COVID-19.<\/p>\n\n\n\n<p>Ejemplo de ello, es el poema&nbsp;<em>Una ni\u00f1a<\/em>, de Noeli, de 13 a\u00f1os: \u201cUn mapa es peque\u00f1o, una ni\u00f1a lo dobla, migra y despu\u00e9s es una mujer sola, su risa se pierde de prisa viendo a las abejas beber agua de lim\u00f3n, la casa se llena de hierbas secas, los talones migran se escapan, ella recoge en una bandeja un conejo, lo esconde en una caja llena de soledad\u2026\u201d.<\/p>\n\n\n\n<p>Esta producci\u00f3n literaria se destinar\u00e1, de acuerdo con la convocatoria, a programas y actividades de fomento a la lectura del ICED, quien se encargar\u00e1 de organizar la presentaci\u00f3n de los libros publicados, bajo el consenso y acuerdo de sus autoras y autores, para la posible participaci\u00f3n en eventos, ferias de libro en el transcurso del a\u00f1o y en el programa de Noviembre: Mes de la Lectura y el Libro Duranguense 2023.<\/p>\n\n\n\n<p>Este premio se suma a diversos reconocimientos que el Semillero Creativo de Literatura en Vicente Guerrero, Durango, ha obtenido desde su creaci\u00f3n en 2019, tales como: la publicaci\u00f3n de la antolog\u00eda&nbsp;<em>S\u00e9 fuerte<\/em>, en 2021; y, durante este a\u00f1o, la selecci\u00f3n de poemas para la antolog\u00eda del XIII Festival de Poes\u00eda Internacional \u201cGrito de Mujer\u201d, en Rep\u00fablica Dominicana, as\u00ed como diversos premios en materia de cuento y poes\u00eda.<\/p>\n\n\n\n<p>Las inscripciones a este y el resto de los Semilleros creativos siguen abiertas, para m\u00e1s informaci\u00f3n se puede escribir a&nbsp;<a href=\"mailto:semilleroscreativos@cultura.gob.mx\" target=\"_blank\" rel=\"noreferrer noopener\">semilleroscreativos@cultura.gob.mx<\/a>&nbsp;o consultar las redes de la Direcci\u00f3n General de Vinculaci\u00f3n Cultural (@VinculaCultura).<\/p>\n","protected":false},"excerpt":{"rendered":"<p>La antolog\u00eda literaria fue ganadora en la convocatoria editorial del Instituto de Cultura del Estado de Durango 2023 El acervo producido ser\u00e1 destinado a programas y actividades de fomento a la lectura La antolog\u00eda literaria&nbsp;Estaciones, creada por las y los participantes del Semillero Creativo de Literatura en Vicente Guerrero, Durango, result\u00f3 seleccionada en la convocatoria [&hellip;]<\/p>\n","protected":false},"author":1,"featured_media":25347,"comment_status":"open","ping_status":"open","sticky":false,"template":"","format":"standard","meta":{"advanced_seo_description":"","jetpack_seo_html_title":"","jetpack_seo_noindex":false,"footnotes":"","jetpack_publicize_message":"","jetpack_is_tweetstorm":false,"jetpack_publicize_feature_enabled":true,"jetpack_social_post_already_shared":true,"jetpack_social_options":{"image_generator_settings":{"template":"highway","enabled":false}}},"categories":[26,4],"tags":[],"class_list":["post-25346","post","type-post","status-publish","format-standard","has-post-thumbnail","hentry","category-cultura","category-noticias"],"jetpack_publicize_connections":[],"jetpack_featured_media_url":"http:\/\/elcensornoticias.com\/wp-content\/uploads\/2023\/03\/PHOTO-2023-03-21-17-59-4.jpg","jetpack_likes_enabled":true,"jetpack_sharing_enabled":true,"jetpack_shortlink":"https:\/\/wp.me\/p6xy50-6AO","_links":{"self":[{"href":"http:\/\/elcensornoticias.com\/index.php?rest_route=\/wp\/v2\/posts\/25346","targetHints":{"allow":["GET"]}}],"collection":[{"href":"http:\/\/elcensornoticias.com\/index.php?rest_route=\/wp\/v2\/posts"}],"about":[{"href":"http:\/\/elcensornoticias.com\/index.php?rest_route=\/wp\/v2\/types\/post"}],"author":[{"embeddable":true,"href":"http:\/\/elcensornoticias.com\/index.php?rest_route=\/wp\/v2\/users\/1"}],"replies":[{"embeddable":true,"href":"http:\/\/elcensornoticias.com\/index.php?rest_route=%2Fwp%2Fv2%2Fcomments&post=25346"}],"version-history":[{"count":1,"href":"http:\/\/elcensornoticias.com\/index.php?rest_route=\/wp\/v2\/posts\/25346\/revisions"}],"predecessor-version":[{"id":25348,"href":"http:\/\/elcensornoticias.com\/index.php?rest_route=\/wp\/v2\/posts\/25346\/revisions\/25348"}],"wp:featuredmedia":[{"embeddable":true,"href":"http:\/\/elcensornoticias.com\/index.php?rest_route=\/wp\/v2\/media\/25347"}],"wp:attachment":[{"href":"http:\/\/elcensornoticias.com\/index.php?rest_route=%2Fwp%2Fv2%2Fmedia&parent=25346"}],"wp:term":[{"taxonomy":"category","embeddable":true,"href":"http:\/\/elcensornoticias.com\/index.php?rest_route=%2Fwp%2Fv2%2Fcategories&post=25346"},{"taxonomy":"post_tag","embeddable":true,"href":"http:\/\/elcensornoticias.com\/index.php?rest_route=%2Fwp%2Fv2%2Ftags&post=25346"}],"curies":[{"name":"wp","href":"https:\/\/api.w.org\/{rel}","templated":true}]}}