{"id":25332,"date":"2023-03-22T15:55:35","date_gmt":"2023-03-22T15:55:35","guid":{"rendered":"http:\/\/elcensornoticias.com\/?p=25332"},"modified":"2023-03-22T15:55:39","modified_gmt":"2023-03-22T15:55:39","slug":"novena-muestra-gastronomica-de-la-uvt","status":"publish","type":"post","link":"http:\/\/elcensornoticias.com\/?p=25332","title":{"rendered":"NOVENA MUESTRA GASTRON\u00d3MICA DE LA UVT"},"content":{"rendered":"\n<p>Buscan preservar la riqueza gastron\u00f3mica de la entidad.<br>Como parte de las actividades que se realizan para conmemorar el D\u00eda de la Cocina Tlaxcalteca, la Secretar\u00eda de Turismo del Estado (Secture) y la Universidad del Valle de Tlaxcala (UVT) anunciaron la \u201cNovena Muestra Gastron\u00f3mica\u201d que se realizar\u00e1 el 24 de marzo, con la que se busca preservar la riqueza gastron\u00f3mica de la entidad.<br>La titular de Secture, Josefina Rodr\u00edguez Zamora remarc\u00f3 que la gastronom\u00eda tlaxcalteca cada vez se posiciona m\u00e1s y ejemplo de ello es esta muestra gastron\u00f3mica que realiza por la UVT, misma que se desarrollar\u00e1 en el Domo del Recinto Ferial a partir de las 13:30 horas.\u00a0La funcionaria estatal se\u00f1al\u00f3 que este evento reunir\u00e1 a nueve cocineras tradicionales, originarias del estado, que preparar\u00e1n platillos con ingredientes end\u00e9micos, as\u00ed como dos artesanos de pan de fiesta con helado y cacao, lo que permitir\u00e1 a los alumnos interactuar y vivir de cerca la organizaci\u00f3n de eventos en el marco del D\u00eda de la Cocina Tlaxcalteca que se celebra el 27 de marzo, el evento tendr\u00e1 actividades culturales propios de nuestro estado.<br>En su participaci\u00f3n, el rector de la UVT, Miguel Garc\u00eda M\u00e9ndez Salazar agradeci\u00f3 el apoyo del gobierno del estado por el inter\u00e9s hacia este tipo de actividades; asimismo, se\u00f1al\u00f3 que se espera la llegada de 400 personas y el costo de recuperaci\u00f3n ser\u00e1 de 400 pesos, que se les entregaran a las cocineras tradicionales para que puedan costear sus platillos.<br>De igual forma, se presentar\u00e1n danzas folcl\u00f3ricas y las cocineras tradicionales incluir\u00e1n ingrediente de la regi\u00f3n como el nopal y ma\u00edz, entre otros.<\/p>\n","protected":false},"excerpt":{"rendered":"<p>Buscan preservar la riqueza gastron\u00f3mica de la entidad.Como parte de las actividades que se realizan para conmemorar el D\u00eda de la Cocina Tlaxcalteca, la Secretar\u00eda de Turismo del Estado (Secture) y la Universidad del Valle de Tlaxcala (UVT) anunciaron la \u201cNovena Muestra Gastron\u00f3mica\u201d que se realizar\u00e1 el 24 de marzo, con la que se busca [&hellip;]<\/p>\n","protected":false},"author":1,"featured_media":25333,"comment_status":"open","ping_status":"open","sticky":false,"template":"","format":"standard","meta":{"advanced_seo_description":"","jetpack_seo_html_title":"","jetpack_seo_noindex":false,"footnotes":"","jetpack_publicize_message":"","jetpack_is_tweetstorm":false,"jetpack_publicize_feature_enabled":true,"jetpack_social_post_already_shared":true,"jetpack_social_options":{"image_generator_settings":{"template":"highway","enabled":false}}},"categories":[2,28],"tags":[],"class_list":["post-25332","post","type-post","status-publish","format-standard","has-post-thumbnail","hentry","category-destacadas","category-educacion"],"jetpack_publicize_connections":[],"jetpack_featured_media_url":"http:\/\/elcensornoticias.com\/wp-content\/uploads\/2023\/03\/IMG-20230321-WA0060.jpg","jetpack_likes_enabled":true,"jetpack_sharing_enabled":true,"jetpack_shortlink":"https:\/\/wp.me\/p6xy50-6AA","_links":{"self":[{"href":"http:\/\/elcensornoticias.com\/index.php?rest_route=\/wp\/v2\/posts\/25332","targetHints":{"allow":["GET"]}}],"collection":[{"href":"http:\/\/elcensornoticias.com\/index.php?rest_route=\/wp\/v2\/posts"}],"about":[{"href":"http:\/\/elcensornoticias.com\/index.php?rest_route=\/wp\/v2\/types\/post"}],"author":[{"embeddable":true,"href":"http:\/\/elcensornoticias.com\/index.php?rest_route=\/wp\/v2\/users\/1"}],"replies":[{"embeddable":true,"href":"http:\/\/elcensornoticias.com\/index.php?rest_route=%2Fwp%2Fv2%2Fcomments&post=25332"}],"version-history":[{"count":1,"href":"http:\/\/elcensornoticias.com\/index.php?rest_route=\/wp\/v2\/posts\/25332\/revisions"}],"predecessor-version":[{"id":25334,"href":"http:\/\/elcensornoticias.com\/index.php?rest_route=\/wp\/v2\/posts\/25332\/revisions\/25334"}],"wp:featuredmedia":[{"embeddable":true,"href":"http:\/\/elcensornoticias.com\/index.php?rest_route=\/wp\/v2\/media\/25333"}],"wp:attachment":[{"href":"http:\/\/elcensornoticias.com\/index.php?rest_route=%2Fwp%2Fv2%2Fmedia&parent=25332"}],"wp:term":[{"taxonomy":"category","embeddable":true,"href":"http:\/\/elcensornoticias.com\/index.php?rest_route=%2Fwp%2Fv2%2Fcategories&post=25332"},{"taxonomy":"post_tag","embeddable":true,"href":"http:\/\/elcensornoticias.com\/index.php?rest_route=%2Fwp%2Fv2%2Ftags&post=25332"}],"curies":[{"name":"wp","href":"https:\/\/api.w.org\/{rel}","templated":true}]}}