{"id":25319,"date":"2023-03-22T01:32:43","date_gmt":"2023-03-22T01:32:43","guid":{"rendered":"http:\/\/elcensornoticias.com\/?p=25319"},"modified":"2023-03-22T01:32:47","modified_gmt":"2023-03-22T01:32:47","slug":"campana-de-precio-diferencial-para-registro-de-marca","status":"publish","type":"post","link":"http:\/\/elcensornoticias.com\/?p=25319","title":{"rendered":"CAMPA\u00d1A DE PRECIO DIFERENCIAL PARA REGISTRO DE MARCA"},"content":{"rendered":"\n<p>Mujeres, j\u00f3venes, adultos mayores y personas con discapacidad recibir\u00e1n el 90 por ciento de descuento.<br>La Secretar\u00eda de Desarrollo Econ\u00f3mico (Sedeco), en colaboraci\u00f3n con el Instituto Mexicano de la Propiedad Industrial (IMPI), lanz\u00f3 la convocatoria para acceder a un 90 por ciento de descuento en el registro de la marca de su producto o servicio, como parte de las acciones del gobierno del estado para apoyar a los grupos menos favorecidos en Tlaxcala.<br>Las y los emprendedores de 18 a 29 a\u00f1os que no cuentan con un ingreso constante, adultos mayores de 60 a\u00f1os en adelante, personas con alguna discapacidad, as\u00ed como las mujeres jefas de familia y amas de casa, ser\u00e1n apoyados en esta campa\u00f1a, pagar\u00e1n solo 312 pesos con 64 centavos, de una tarifa regular de 3 mil 626.42 pesos.<br>Dicho registro otorga el derecho al uso exclusivo de la marca en el territorio nacional por 10 a\u00f1os, distingue los productos o servicios de otros existentes en el mercado, adem\u00e1s de ayudar a iniciar acciones legales por posible mal uso de la marca registrada y facilita el otorgar licencias de uso o franquicias.<br>Por \u00faltimo, se mencion\u00f3 que la campa\u00f1a estar\u00e1 vigente hasta el 29 de marzo del presente a\u00f1o. Los interesados en el descuento deber\u00e1n presentar credencial de elector, la Clave \u00danica de Registro de Poblaci\u00f3n (CURP), y constancia de situaci\u00f3n fiscal reciente, en las oficinas de Sedeco.<br>El secretario de Desarrollo Econ\u00f3mico, Javier Marroqu\u00edn Calder\u00f3n dijo que existen magn\u00edficos productos hechos por mujeres, j\u00f3venes, personas con discapacidad y adultos mayores que necesitan del apoyo de programas como este.<br>Afirm\u00f3 que por indicaciones de la gobernadora Lorena Cu\u00e9llar Cisneros, se respalda a todas las y los emprendedores del estado, al momento la secretar\u00eda ha otorgado 421 registros de marca en diversas campa\u00f1as de apoyo.<br>En tanto, el secretario de Impulso Agropecuario (SIA), Rafael de la Pe\u00f1a Bernal afirm\u00f3 que el registro de marca le dar\u00e1 un valor agregado a los productos del campo, incrementado sus nichos de mercado y, por ende, traer\u00e1 un beneficio a las familias productoras.\u00a0<br>Durante el evento estuvo presente la directora del Instituto Estatal de la Mujer (IEM), Margarita Cisneros Tzoni y la directora de Atenci\u00f3n Integral para la Familia del Sistema Estatal DIF (Sedif), Monserrat Lima P\u00e9rez.<\/p>\n","protected":false},"excerpt":{"rendered":"<p>Mujeres, j\u00f3venes, adultos mayores y personas con discapacidad recibir\u00e1n el 90 por ciento de descuento.La Secretar\u00eda de Desarrollo Econ\u00f3mico (Sedeco), en colaboraci\u00f3n con el Instituto Mexicano de la Propiedad Industrial (IMPI), lanz\u00f3 la convocatoria para acceder a un 90 por ciento de descuento en el registro de la marca de su producto o servicio, como [&hellip;]<\/p>\n","protected":false},"author":1,"featured_media":25320,"comment_status":"open","ping_status":"open","sticky":false,"template":"","format":"standard","meta":{"advanced_seo_description":"","jetpack_seo_html_title":"","jetpack_seo_noindex":false,"footnotes":"","jetpack_publicize_message":"","jetpack_is_tweetstorm":false,"jetpack_publicize_feature_enabled":true,"jetpack_social_post_already_shared":true,"jetpack_social_options":{"image_generator_settings":{"template":"highway","enabled":false}}},"categories":[2,3],"tags":[],"class_list":["post-25319","post","type-post","status-publish","format-standard","has-post-thumbnail","hentry","category-destacadas","category-gobierno"],"jetpack_publicize_connections":[],"jetpack_featured_media_url":"http:\/\/elcensornoticias.com\/wp-content\/uploads\/2023\/03\/IMG-20230321-WA0024.jpg","jetpack_likes_enabled":true,"jetpack_sharing_enabled":true,"jetpack_shortlink":"https:\/\/wp.me\/p6xy50-6An","_links":{"self":[{"href":"http:\/\/elcensornoticias.com\/index.php?rest_route=\/wp\/v2\/posts\/25319","targetHints":{"allow":["GET"]}}],"collection":[{"href":"http:\/\/elcensornoticias.com\/index.php?rest_route=\/wp\/v2\/posts"}],"about":[{"href":"http:\/\/elcensornoticias.com\/index.php?rest_route=\/wp\/v2\/types\/post"}],"author":[{"embeddable":true,"href":"http:\/\/elcensornoticias.com\/index.php?rest_route=\/wp\/v2\/users\/1"}],"replies":[{"embeddable":true,"href":"http:\/\/elcensornoticias.com\/index.php?rest_route=%2Fwp%2Fv2%2Fcomments&post=25319"}],"version-history":[{"count":1,"href":"http:\/\/elcensornoticias.com\/index.php?rest_route=\/wp\/v2\/posts\/25319\/revisions"}],"predecessor-version":[{"id":25321,"href":"http:\/\/elcensornoticias.com\/index.php?rest_route=\/wp\/v2\/posts\/25319\/revisions\/25321"}],"wp:featuredmedia":[{"embeddable":true,"href":"http:\/\/elcensornoticias.com\/index.php?rest_route=\/wp\/v2\/media\/25320"}],"wp:attachment":[{"href":"http:\/\/elcensornoticias.com\/index.php?rest_route=%2Fwp%2Fv2%2Fmedia&parent=25319"}],"wp:term":[{"taxonomy":"category","embeddable":true,"href":"http:\/\/elcensornoticias.com\/index.php?rest_route=%2Fwp%2Fv2%2Fcategories&post=25319"},{"taxonomy":"post_tag","embeddable":true,"href":"http:\/\/elcensornoticias.com\/index.php?rest_route=%2Fwp%2Fv2%2Ftags&post=25319"}],"curies":[{"name":"wp","href":"https:\/\/api.w.org\/{rel}","templated":true}]}}