{"id":25289,"date":"2023-03-22T00:36:47","date_gmt":"2023-03-22T00:36:47","guid":{"rendered":"http:\/\/elcensornoticias.com\/?p=25289"},"modified":"2023-03-22T00:36:51","modified_gmt":"2023-03-22T00:36:51","slug":"convocan-diputados-a-sumar-esfuerzos-para-fortalecer-la-seguridad","status":"publish","type":"post","link":"http:\/\/elcensornoticias.com\/?p=25289","title":{"rendered":"Convocan diputados a sumar esfuerzos para fortalecer la seguridad"},"content":{"rendered":"\n<p>&nbsp;<em>Confi\u00f3 en que a la brevedad, se puedan concretar mesas de trabajo con las autoridades de seguridad en la entidad.<\/em><\/p>\n\n\n\n<p>Tlaxcala, Tlax., a 21 de marzo de 2023<\/p>\n\n\n\n<p>El integrante del Grupo Parlamentario de Morena lament\u00f3 los acontecimientos del fin de semana, y pidi\u00f3 que Poderes y niveles de gobierno atiendan tambi\u00e9n su responsabilidad, desde el \u00e1mbito de su competencia, en esta materia.<\/p>\n\n\n\n<p>El diputado Vicente Morales P\u00e9rez convoc\u00f3 a los integrantes de la LXIV Legislatura local a sumar esfuerzos para fortalecer la seguridad p\u00fablica en el Estado de Tlaxcala.<\/p>\n\n\n\n<p>Durante su intervenci\u00f3n en el desahogo de asuntos generales de la sesi\u00f3n ordinaria de este martes, se refiri\u00f3 a los eventos de inseguridad registrados el pasado fin de semana en diversos municipios del Estado, los cuales, dijo, son consecuencia de problemas sociales desatendidos en el pasado.<\/p>\n\n\n\n<p>Luego de escuchar los posicionamientos de legisladores que lo antecedieron en el uso de la voz, el integrante del Grupo Parlamentario de Morena lament\u00f3 tales acontecimientos, porque afectan a familias tlaxcaltecas.<\/p>\n\n\n\n<p>En tribuna, expres\u00f3 que sucesos como los ocurridos recientemente deben convocar a las autoridades de las comunidades y los municipios a actuar a cabalidad en coordinaci\u00f3n con el gobierno estatal.<\/p>\n\n\n\n<p>Al respecto, Vicente Morales opin\u00f3 que ser\u00eda positivo que el Congreso del Estado pudiera trabajar de manera cercana con el Poder Ejecutivo, y que las y los legisladores locales se trasladaran a los sitios donde se registran problemas de seguridad para contribuir a su atenci\u00f3n.<\/p>\n\n\n\n<p>Refiri\u00f3 que, si bien el Congreso del Estado es la caja de resonancia de los conflictos, tambi\u00e9n lo son las colonias y localidades en los municipios, por lo que la presencia de las y los diputados resultar\u00eda importante.<\/p>\n\n\n\n<p>\u201cMe sumo a la preocupaci\u00f3n, y pido a quienes son los responsables de hacer el trabajo de seguridad, que lo hagan a cabalidad. Pero tambi\u00e9n me sumo al trabajo que est\u00e1 haciendo la gobernadora del estado\u201d, apunt\u00f3.<\/p>\n\n\n\n<p>El diputado local confi\u00f3 en que, a la brevedad, se puedan concretar mesas de trabajo con las autoridades de seguridad en la entidad para multiplicar los resultados en esta materia en beneficio de la sociedad tlaxcalteca.<\/p>\n","protected":false},"excerpt":{"rendered":"<p>&nbsp;Confi\u00f3 en que a la brevedad, se puedan concretar mesas de trabajo con las autoridades de seguridad en la entidad. Tlaxcala, Tlax., a 21 de marzo de 2023 El integrante del Grupo Parlamentario de Morena lament\u00f3 los acontecimientos del fin de semana, y pidi\u00f3 que Poderes y niveles de gobierno atiendan tambi\u00e9n su responsabilidad, desde [&hellip;]<\/p>\n","protected":false},"author":1,"featured_media":25290,"comment_status":"open","ping_status":"open","sticky":false,"template":"","format":"standard","meta":{"advanced_seo_description":"","jetpack_seo_html_title":"","jetpack_seo_noindex":false,"footnotes":"","jetpack_publicize_message":"","jetpack_is_tweetstorm":false,"jetpack_publicize_feature_enabled":true,"jetpack_social_post_already_shared":true,"jetpack_social_options":{"image_generator_settings":{"template":"highway","enabled":false}}},"categories":[27,2],"tags":[],"class_list":["post-25289","post","type-post","status-publish","format-standard","has-post-thumbnail","hentry","category-congreso","category-destacadas"],"jetpack_publicize_connections":[],"jetpack_featured_media_url":"http:\/\/elcensornoticias.com\/wp-content\/uploads\/2023\/03\/f773ea82-ee21-4b83-9a10-48031aa4cd82.jpg","jetpack_likes_enabled":true,"jetpack_sharing_enabled":true,"jetpack_shortlink":"https:\/\/wp.me\/p6xy50-6zT","_links":{"self":[{"href":"http:\/\/elcensornoticias.com\/index.php?rest_route=\/wp\/v2\/posts\/25289","targetHints":{"allow":["GET"]}}],"collection":[{"href":"http:\/\/elcensornoticias.com\/index.php?rest_route=\/wp\/v2\/posts"}],"about":[{"href":"http:\/\/elcensornoticias.com\/index.php?rest_route=\/wp\/v2\/types\/post"}],"author":[{"embeddable":true,"href":"http:\/\/elcensornoticias.com\/index.php?rest_route=\/wp\/v2\/users\/1"}],"replies":[{"embeddable":true,"href":"http:\/\/elcensornoticias.com\/index.php?rest_route=%2Fwp%2Fv2%2Fcomments&post=25289"}],"version-history":[{"count":1,"href":"http:\/\/elcensornoticias.com\/index.php?rest_route=\/wp\/v2\/posts\/25289\/revisions"}],"predecessor-version":[{"id":25291,"href":"http:\/\/elcensornoticias.com\/index.php?rest_route=\/wp\/v2\/posts\/25289\/revisions\/25291"}],"wp:featuredmedia":[{"embeddable":true,"href":"http:\/\/elcensornoticias.com\/index.php?rest_route=\/wp\/v2\/media\/25290"}],"wp:attachment":[{"href":"http:\/\/elcensornoticias.com\/index.php?rest_route=%2Fwp%2Fv2%2Fmedia&parent=25289"}],"wp:term":[{"taxonomy":"category","embeddable":true,"href":"http:\/\/elcensornoticias.com\/index.php?rest_route=%2Fwp%2Fv2%2Fcategories&post=25289"},{"taxonomy":"post_tag","embeddable":true,"href":"http:\/\/elcensornoticias.com\/index.php?rest_route=%2Fwp%2Fv2%2Ftags&post=25289"}],"curies":[{"name":"wp","href":"https:\/\/api.w.org\/{rel}","templated":true}]}}