{"id":25277,"date":"2023-03-22T00:30:35","date_gmt":"2023-03-22T00:30:35","guid":{"rendered":"http:\/\/elcensornoticias.com\/?p=25277"},"modified":"2023-03-22T00:30:40","modified_gmt":"2023-03-22T00:30:40","slug":"reflexionaron-en-la-uatx-acerca-de-la-practica-de-transparencia","status":"publish","type":"post","link":"http:\/\/elcensornoticias.com\/?p=25277","title":{"rendered":"Reflexionaron en la UATx acerca de la pr\u00e1ctica de transparencia"},"content":{"rendered":"\n<p>La Universidad Aut\u00f3noma de Tlaxcala (UATx), a trav\u00e9s de la Coordinaci\u00f3n de la Divisi\u00f3n de Ciencias Sociales y Administrativa, representada por la Doctora Gloria Ram\u00edrez El\u00edas, efectu\u00f3 el conversatorio: \u201cLa praxis de la transparencia y el derecho al acceso de la informaci\u00f3n para el fortalecimiento de la democracia\u201d, en el que participaron el Maestro Jos\u00e9 David Cabrera Canales, Presidente del Comit\u00e9 de Transparencia de la UATx; el Maestro \u00c1ngel Espinoza Ponce, Comisionado del IAIP Tlaxcala; y el Maestro Hugo Edgar Chaparro Campos, Director de Transparencia Universitaria de la Universidad Aut\u00f3noma del Estado de M\u00e9xico (UAEM), con la moderaci\u00f3n de la Maestra Norma Figueroa Le\u00f3n y la presencia estudiantes de la Licenciatura en Ciencias Pol\u00edticas y Administraci\u00f3n P\u00fablica.<\/p>\n","protected":false},"excerpt":{"rendered":"<p>La Universidad Aut\u00f3noma de Tlaxcala (UATx), a trav\u00e9s de la Coordinaci\u00f3n de la Divisi\u00f3n de Ciencias Sociales y Administrativa, representada por la Doctora Gloria Ram\u00edrez El\u00edas, efectu\u00f3 el conversatorio: \u201cLa praxis de la transparencia y el derecho al acceso de la informaci\u00f3n para el fortalecimiento de la democracia\u201d, en el que participaron el Maestro Jos\u00e9 [&hellip;]<\/p>\n","protected":false},"author":1,"featured_media":25278,"comment_status":"open","ping_status":"open","sticky":false,"template":"","format":"standard","meta":{"advanced_seo_description":"","jetpack_seo_html_title":"","jetpack_seo_noindex":false,"footnotes":"","jetpack_publicize_message":"","jetpack_is_tweetstorm":false,"jetpack_publicize_feature_enabled":true,"jetpack_social_post_already_shared":true,"jetpack_social_options":{"image_generator_settings":{"template":"highway","enabled":false}}},"categories":[2,28],"tags":[],"class_list":["post-25277","post","type-post","status-publish","format-standard","has-post-thumbnail","hentry","category-destacadas","category-educacion"],"jetpack_publicize_connections":[],"jetpack_featured_media_url":"http:\/\/elcensornoticias.com\/wp-content\/uploads\/2023\/03\/21-Reflexionaron-en-la-UATx-acerca-de-la-practica-de-transparencia.jpg","jetpack_likes_enabled":true,"jetpack_sharing_enabled":true,"jetpack_shortlink":"https:\/\/wp.me\/p6xy50-6zH","_links":{"self":[{"href":"http:\/\/elcensornoticias.com\/index.php?rest_route=\/wp\/v2\/posts\/25277","targetHints":{"allow":["GET"]}}],"collection":[{"href":"http:\/\/elcensornoticias.com\/index.php?rest_route=\/wp\/v2\/posts"}],"about":[{"href":"http:\/\/elcensornoticias.com\/index.php?rest_route=\/wp\/v2\/types\/post"}],"author":[{"embeddable":true,"href":"http:\/\/elcensornoticias.com\/index.php?rest_route=\/wp\/v2\/users\/1"}],"replies":[{"embeddable":true,"href":"http:\/\/elcensornoticias.com\/index.php?rest_route=%2Fwp%2Fv2%2Fcomments&post=25277"}],"version-history":[{"count":1,"href":"http:\/\/elcensornoticias.com\/index.php?rest_route=\/wp\/v2\/posts\/25277\/revisions"}],"predecessor-version":[{"id":25279,"href":"http:\/\/elcensornoticias.com\/index.php?rest_route=\/wp\/v2\/posts\/25277\/revisions\/25279"}],"wp:featuredmedia":[{"embeddable":true,"href":"http:\/\/elcensornoticias.com\/index.php?rest_route=\/wp\/v2\/media\/25278"}],"wp:attachment":[{"href":"http:\/\/elcensornoticias.com\/index.php?rest_route=%2Fwp%2Fv2%2Fmedia&parent=25277"}],"wp:term":[{"taxonomy":"category","embeddable":true,"href":"http:\/\/elcensornoticias.com\/index.php?rest_route=%2Fwp%2Fv2%2Fcategories&post=25277"},{"taxonomy":"post_tag","embeddable":true,"href":"http:\/\/elcensornoticias.com\/index.php?rest_route=%2Fwp%2Fv2%2Ftags&post=25277"}],"curies":[{"name":"wp","href":"https:\/\/api.w.org\/{rel}","templated":true}]}}